{"id":119514,"date":"2020-11-18T10:10:09","date_gmt":"2020-11-18T09:10:09","guid":{"rendered":"http:\/\/www.tucomarca.com\/wordpress\/segunda\/?p=119514"},"modified":"2020-11-19T02:26:47","modified_gmt":"2020-11-19T01:26:47","slug":"el-consorcio-de-bomberos-destina-12-millon-de-euros-a-la-carrera-profesional","status":"publish","type":"post","link":"https:\/\/www.tucomarca.com\/wordpress\/segunda\/el-consorcio-de-bomberos-destina-12-millon-de-euros-a-la-carrera-profesional\/","title":{"rendered":"El Consorcio de Bomberos destina 1,2 mill\u00f3n de euros a la carrera profesional"},"content":{"rendered":"\n<p>En el Consorcio ya tienen implementada la Carrera Profesional desde el 1 de enero de 2020, con efectos econ\u00f3micos a partir del 1 de enero de 2021, con una cuant\u00eda m\u00e1xima 1,2 millones de euros. Esto supondr\u00e1, que a partir de la n\u00f3mina de enero de 2021, ya se cobrar\u00e1 el complemento de la carrera profesional por parte de todos los bomberos que tienen derecho a cobrarla. Este aumento ser\u00e1 del 7% de la n\u00f3mina, en el tramo m\u00e1s alto, donde se encuadran cerca del 45% del bomberos, m\u00e1s de 200 euros al mes, que es el m\u00e1ximo legal admitido por la Intervenci\u00f3n del Consorcio. La demanda de los sindicatos supone un aumento de cerca del 14% del total, totalmente inviable a nivel legal.<\/p>\n\n\n\n<p>La implantaci\u00f3n de la cerrera profesional se ha hecho, como no puede ser de otra manera, con las m\u00e1ximas garant\u00edas econ\u00f3micas y legales, para que de esta forma se reconozca y se premie efectivamente la experiencia, los conocimientos, el compromiso, y el trabajo bien hecho.<\/p>\n","protected":false},"excerpt":{"rendered":"<div class=\"mh-excerpt\">En el Consorcio ya tienen implementada la Carrera Profesional desde el 1 de enero de 2020, con efectos econ\u00f3micos a partir del 1 de enero de 2021, con una cuant\u00eda m\u00e1xima 1,2 millones de euros. <a class=\"mh-excerpt-more\" href=\"https:\/\/www.tucomarca.com\/wordpress\/segunda\/el-consorcio-de-bomberos-destina-12-millon-de-euros-a-la-carrera-profesional\/\" title=\"El Consorcio de Bomberos destina 1,2 mill\u00f3n de euros a la carrera profesional\">[+] <\/a><\/div>\n","protected":false},"author":12,"featured_media":119517,"comment_status":"open","ping_status":"open","sticky":false,"template":"","format":"standard","meta":{"footnotes":""},"categories":[128,8,72,3],"tags":[12830],"class_list":{"0":"post-119514","1":"post","2":"type-post","3":"status-publish","4":"format-standard","5":"has-post-thumbnail","7":"category-infraestructuras","8":"category-la-comarca","9":"category-sin-categorizar","10":"category-seccion","11":"tag-consorcio-provincial-de-bomberos-de-valencia"},"_links":{"self":[{"href":"https:\/\/www.tucomarca.com\/wordpress\/segunda\/wp-json\/wp\/v2\/posts\/119514","targetHints":{"allow":["GET"]}}],"collection":[{"href":"https:\/\/www.tucomarca.com\/wordpress\/segunda\/wp-json\/wp\/v2\/posts"}],"about":[{"href":"https:\/\/www.tucomarca.com\/wordpress\/segunda\/wp-json\/wp\/v2\/types\/post"}],"author":[{"embeddable":true,"href":"https:\/\/www.tucomarca.com\/wordpress\/segunda\/wp-json\/wp\/v2\/users\/12"}],"replies":[{"embeddable":true,"href":"https:\/\/www.tucomarca.com\/wordpress\/segunda\/wp-json\/wp\/v2\/comments?post=119514"}],"version-history":[{"count":0,"href":"https:\/\/www.tucomarca.com\/wordpress\/segunda\/wp-json\/wp\/v2\/posts\/119514\/revisions"}],"wp:featuredmedia":[{"embeddable":true,"href":"https:\/\/www.tucomarca.com\/wordpress\/segunda\/wp-json\/wp\/v2\/media\/119517"}],"wp:attachment":[{"href":"https:\/\/www.tucomarca.com\/wordpress\/segunda\/wp-json\/wp\/v2\/media?parent=119514"}],"wp:term":[{"taxonomy":"category","embeddable":true,"href":"https:\/\/www.tucomarca.com\/wordpress\/segunda\/wp-json\/wp\/v2\/categories?post=119514"},{"taxonomy":"post_tag","embeddable":true,"href":"https:\/\/www.tucomarca.com\/wordpress\/segunda\/wp-json\/wp\/v2\/tags?post=119514"}],"curies":[{"name":"wp","href":"https:\/\/api.w.org\/{rel}","templated":true}]}}