{"id":11957,"date":"2013-03-01T18:32:03","date_gmt":"2013-03-01T17:32:03","guid":{"rendered":"http:\/\/www.tucomarca.com\/wordpress\/segunda\/?p=11957"},"modified":"2013-03-01T18:32:03","modified_gmt":"2013-03-01T17:32:03","slug":"crida-en-bunol-este-sabado","status":"publish","type":"post","link":"https:\/\/www.tucomarca.com\/wordpress\/segunda\/crida-en-bunol-este-sabado\/","title":{"rendered":"Crida en Bu\u00f1ol este s\u00e1bado"},"content":{"rendered":"<p>La Plaza del Pueblo de Bu\u00f1ol acoge este s\u00e1bado, d\u00eda 2 de marzo, el acto de la Crida fallera  la que seguir\u00e1 la inauguraci\u00f3n de la XVII Exposici\u00f3n del Ninot.<\/p>\n","protected":false},"excerpt":{"rendered":"<div class=\"mh-excerpt\">La Plaza del Pueblo de Bu\u00f1ol acoge este s\u00e1bado, d\u00eda 2 de marzo, el acto de la Crida fallera la que seguir\u00e1 la inauguraci\u00f3n de la XVII Exposici\u00f3n del Ninot.<\/div>\n","protected":false},"author":2,"featured_media":0,"comment_status":"open","ping_status":"open","sticky":false,"template":"","format":"standard","meta":{"footnotes":""},"categories":[4,3],"tags":[10385,733],"class_list":{"0":"post-11957","1":"post","2":"type-post","3":"status-publish","4":"format-standard","6":"category-agenda","7":"category-seccion","8":"tag-bunol","9":"tag-crida"},"_links":{"self":[{"href":"https:\/\/www.tucomarca.com\/wordpress\/segunda\/wp-json\/wp\/v2\/posts\/11957","targetHints":{"allow":["GET"]}}],"collection":[{"href":"https:\/\/www.tucomarca.com\/wordpress\/segunda\/wp-json\/wp\/v2\/posts"}],"about":[{"href":"https:\/\/www.tucomarca.com\/wordpress\/segunda\/wp-json\/wp\/v2\/types\/post"}],"author":[{"embeddable":true,"href":"https:\/\/www.tucomarca.com\/wordpress\/segunda\/wp-json\/wp\/v2\/users\/2"}],"replies":[{"embeddable":true,"href":"https:\/\/www.tucomarca.com\/wordpress\/segunda\/wp-json\/wp\/v2\/comments?post=11957"}],"version-history":[{"count":0,"href":"https:\/\/www.tucomarca.com\/wordpress\/segunda\/wp-json\/wp\/v2\/posts\/11957\/revisions"}],"wp:attachment":[{"href":"https:\/\/www.tucomarca.com\/wordpress\/segunda\/wp-json\/wp\/v2\/media?parent=11957"}],"wp:term":[{"taxonomy":"category","embeddable":true,"href":"https:\/\/www.tucomarca.com\/wordpress\/segunda\/wp-json\/wp\/v2\/categories?post=11957"},{"taxonomy":"post_tag","embeddable":true,"href":"https:\/\/www.tucomarca.com\/wordpress\/segunda\/wp-json\/wp\/v2\/tags?post=11957"}],"curies":[{"name":"wp","href":"https:\/\/api.w.org\/{rel}","templated":true}]}}