{"id":1196,"date":"2012-05-10T11:14:17","date_gmt":"2012-05-10T11:14:17","guid":{"rendered":"http:\/\/www.tucomarca.com\/wordpress\/segunda\/?p=1196"},"modified":"2012-05-10T11:17:34","modified_gmt":"2012-05-10T11:17:34","slug":"fernando-olivas-sustituye-a-emilio-murcia-como-presidente-de-la-sociedad-musical-%c2%abla-artistica%c2%bb-de-chiva","status":"publish","type":"post","link":"https:\/\/www.tucomarca.com\/wordpress\/segunda\/fernando-olivas-sustituye-a-emilio-murcia-como-presidente-de-la-sociedad-musical-%c2%abla-artistica%c2%bb-de-chiva\/","title":{"rendered":"Fernando Olivas sustituye a Emilio Murcia como presidente de la Sociedad Musical \u00abLa Art\u00edstica\u00bb de Chiva"},"content":{"rendered":"<p>Como ya inform\u00f3 este semanario en su edici\u00f3n en papel, Fernando Olivas Dom\u00e9nech ya ejerce como presidente de la Sociedad Musical \u00abLa Art\u00edstica\u00bb de Chiva tras ser elegido en la preceptiva Asamblea celebrada d\u00edas atr\u00e1s. A sus 45 a\u00f1os, Fernando Olivas sustituye en esta funci\u00f3n a Emilio Murcia, quien ha ostentado el cargo en funciones durante los dos \u00faltimos a\u00f1os.\u00a0 El nuevo m\u00e1ximo responsable de \u00abLa Art\u00edstica\u00bb ha confesado a tucomarca.com que asume esta responsabilidad \u00abcon ganas de dar un nuevo impulso a la entidad y de potenciar determinadas secciones como la Banda Juvenil\u00bb.<br \/>\n\u00abPara desarrollar nuestro trabajo contamos con un grupo de 25 personas entre las que hay gente con experiencia y otras personas que se incorporan por primera vez a la junta directiva. Hemos buscado que haya representaci\u00f3n de todas la secciones, de los socios e incluso de los propios padres de los alumnos de la escuela. Adem\u00e1s, el hecho de que s\u00f3lo se haya presentado esta candidatura va a ayudar a que todos caminemos en la misma direcci\u00f3n\u00bb, ha afirmado el presidente.<br \/>\nPreguntado por otros objetivos, Fernando Olivas ha anticipado a este semanario que se va a prestar una atenci\u00f3n muy especial a todas las secciones, sobre todo a una Banda Juvenil a la que se va a dar mayor protagonismo en esta nueva andadura.<br \/>\nAl margen de este trabajo de car\u00e1cter interno, \u00abLa Art\u00edstica\u00bb quiere potenciar su imagen al exterior con mayor fuerza, as\u00ed como contar con asesores musicales que les ayuden a decidir los pasos a dar en materia musical. En \u00faltima instancia, el responsable de la sociedad ha confirmado que est\u00e1n muy contentos con el trabajo de todos los directores, de ah\u00ed que no se tenga previsto cambio alguno.<\/p>\n<p>Curso de verano<br \/>\nEn otro orden de cosas,\u00a0 \u00abLa Art\u00edstica\u00bb de Chiva ha hecho p\u00fablicas las bases del I Curso de verano de m\u00fasica dirigido a alumnos tanto de ense\u00f1anzas elementales como a los profesionales. El 25 de junio finalizar\u00e1 el plazo para la formalizaci\u00f3n de las matr\u00edculas, mientras que el desarrollo del curso est\u00e1 previsto del 2 al 7 de julio con la realizaci\u00f3n de talleres de iniciaci\u00f3n a la m\u00fasica entre los que se incluyen juegos musicales, ritmo y movimiento; clases de flauta travesera; de saxof\u00f3n; oboe; clarinete; fagot; violonchelo; trompa; trompeta; tromb\u00f3n; bombardino; tuba y percusi\u00f3n.<br \/>\nLos profesores de este primer curso son Manuel Tar\u00edn (flauta), David Tar\u00edn (percusi\u00f3n), Pablo Fern\u00e1ndez (tromb\u00f3n), Rodrigo Garc\u00eda (oboe), Isabel Pardo (saxof\u00f3n), Clara Pall\u00e1s (fagot), Alicia G\u00f3mez (violonchelo), Eloy Tar\u00edn (trompeta), Ismael Matamales e In\u00e9s Tar\u00edn (clarinete), Rafael Albiach (trompa) e Inma Morales (taller de iniciaci\u00f3n).<\/p>\n","protected":false},"excerpt":{"rendered":"<div class=\"mh-excerpt\">Como ya inform\u00f3 este semanario en su edici\u00f3n en papel, Fernando Olivas Dom\u00e9nech ya ejerce como presidente de la Sociedad Musical \u00abLa Art\u00edstica\u00bb de Chiva tras ser elegido en la preceptiva Asamblea celebrada d\u00edas atr\u00e1s. <a class=\"mh-excerpt-more\" href=\"https:\/\/www.tucomarca.com\/wordpress\/segunda\/fernando-olivas-sustituye-a-emilio-murcia-como-presidente-de-la-sociedad-musical-%c2%abla-artistica%c2%bb-de-chiva\/\" title=\"Fernando Olivas sustituye a Emilio Murcia como presidente de la Sociedad Musical \u00abLa Art\u00edstica\u00bb de Chiva\">[+] <\/a><\/div>\n","protected":false},"author":2,"featured_media":1197,"comment_status":"open","ping_status":"open","sticky":false,"template":"","format":"standard","meta":{"footnotes":""},"categories":[66,8,7,3],"tags":[124],"class_list":{"0":"post-1196","1":"post","2":"type-post","3":"status-publish","4":"format-standard","5":"has-post-thumbnail","7":"category-musica","8":"category-la-comarca","9":"category-ocio-y-cultura","10":"category-seccion","11":"tag-nuevo-presidente"},"_links":{"self":[{"href":"https:\/\/www.tucomarca.com\/wordpress\/segunda\/wp-json\/wp\/v2\/posts\/1196","targetHints":{"allow":["GET"]}}],"collection":[{"href":"https:\/\/www.tucomarca.com\/wordpress\/segunda\/wp-json\/wp\/v2\/posts"}],"about":[{"href":"https:\/\/www.tucomarca.com\/wordpress\/segunda\/wp-json\/wp\/v2\/types\/post"}],"author":[{"embeddable":true,"href":"https:\/\/www.tucomarca.com\/wordpress\/segunda\/wp-json\/wp\/v2\/users\/2"}],"replies":[{"embeddable":true,"href":"https:\/\/www.tucomarca.com\/wordpress\/segunda\/wp-json\/wp\/v2\/comments?post=1196"}],"version-history":[{"count":0,"href":"https:\/\/www.tucomarca.com\/wordpress\/segunda\/wp-json\/wp\/v2\/posts\/1196\/revisions"}],"wp:featuredmedia":[{"embeddable":true,"href":"https:\/\/www.tucomarca.com\/wordpress\/segunda\/wp-json\/wp\/v2\/media\/1197"}],"wp:attachment":[{"href":"https:\/\/www.tucomarca.com\/wordpress\/segunda\/wp-json\/wp\/v2\/media?parent=1196"}],"wp:term":[{"taxonomy":"category","embeddable":true,"href":"https:\/\/www.tucomarca.com\/wordpress\/segunda\/wp-json\/wp\/v2\/categories?post=1196"},{"taxonomy":"post_tag","embeddable":true,"href":"https:\/\/www.tucomarca.com\/wordpress\/segunda\/wp-json\/wp\/v2\/tags?post=1196"}],"curies":[{"name":"wp","href":"https:\/\/api.w.org\/{rel}","templated":true}]}}