{"id":11989,"date":"2013-03-04T09:51:14","date_gmt":"2013-03-04T08:51:14","guid":{"rendered":"http:\/\/www.tucomarca.com\/wordpress\/segunda\/?p=11989"},"modified":"2013-03-04T17:56:38","modified_gmt":"2013-03-04T16:56:38","slug":"en-requena-rugby-cae-en-casa-ante-el-lider","status":"publish","type":"post","link":"https:\/\/www.tucomarca.com\/wordpress\/segunda\/en-requena-rugby-cae-en-casa-ante-el-lider\/","title":{"rendered":"El Requena Rugby cae en casa ante el l\u00edder"},"content":{"rendered":"<p>El pasado s\u00e1bado, el Requena Rugby recibi\u00f3 la visita del l\u00edder del grupo, el CR La Safor, con la espinita clavada por haber perdido en la ida por 32-11, el marcador mas abultado en contra que han recibido, y con la motivaci\u00f3n de que en caso de ganarles pod\u00edan optar al primer puesto del grupo y por tanto tener opciones para disputar la final de la copa FRCV.<br \/>\nEl partido comenz\u00f3 como el elefante que entra en una cacharrer\u00eda, pues los locales encajaron dos ensayos antes de que los espectadores pudieran parpadear. Posteriormente parecieron remontar el vuelo haciendo un juego espectacular, emocionante y que dio como fruto tres ensayos muy elaborados llegando incluso a ponerse por delante en el marcador en la segunda parte y dando la impresi\u00f3n de que ese partido se deb\u00eda haber ganado. Mas tarde, el juego se fue desorganizando y en los \u00faltimos minutos se volvieron a encajar dos ensayos m\u00e1s que propiciaron la derrota.<br \/>\nEn la pr\u00f3xima, y ultima jornada, el Requena visitar\u00e1 la Universidad Polit\u00e9cnica de Valencia, donde intentar\u00e1 hacer lo posible para guardar la segunda plaza del grupo que se queda muy apretado tras la victoria de los universitarios en Cuenca y que les permitir\u00eda al menos acceder a las finales (a ida y vuelta) de consolaci\u00f3n y as\u00ed luchar por el 3\u00ba y 4\u00ba puesto.<\/p>\n","protected":false},"excerpt":{"rendered":"<div class=\"mh-excerpt\">El pasado s\u00e1bado, el Requena Rugby recibi\u00f3 la visita del l\u00edder del grupo, el CR La Safor, con la espinita clavada por haber perdido en la ida por 32-11, el marcador mas abultado en contra <a class=\"mh-excerpt-more\" href=\"https:\/\/www.tucomarca.com\/wordpress\/segunda\/en-requena-rugby-cae-en-casa-ante-el-lider\/\" title=\"El Requena Rugby cae en casa ante el l\u00edder\">[+] <\/a><\/div>\n","protected":false},"author":2,"featured_media":0,"comment_status":"open","ping_status":"open","sticky":false,"template":"","format":"standard","meta":{"footnotes":""},"categories":[6,199,28,27,3],"tags":[616],"class_list":{"0":"post-11989","1":"post","2":"type-post","3":"status-publish","4":"format-standard","6":"category-deportes","7":"category-polideportivo","8":"category-requena","9":"category-requena-utiel","10":"category-seccion","11":"tag-requena-rugby"},"_links":{"self":[{"href":"https:\/\/www.tucomarca.com\/wordpress\/segunda\/wp-json\/wp\/v2\/posts\/11989","targetHints":{"allow":["GET"]}}],"collection":[{"href":"https:\/\/www.tucomarca.com\/wordpress\/segunda\/wp-json\/wp\/v2\/posts"}],"about":[{"href":"https:\/\/www.tucomarca.com\/wordpress\/segunda\/wp-json\/wp\/v2\/types\/post"}],"author":[{"embeddable":true,"href":"https:\/\/www.tucomarca.com\/wordpress\/segunda\/wp-json\/wp\/v2\/users\/2"}],"replies":[{"embeddable":true,"href":"https:\/\/www.tucomarca.com\/wordpress\/segunda\/wp-json\/wp\/v2\/comments?post=11989"}],"version-history":[{"count":0,"href":"https:\/\/www.tucomarca.com\/wordpress\/segunda\/wp-json\/wp\/v2\/posts\/11989\/revisions"}],"wp:attachment":[{"href":"https:\/\/www.tucomarca.com\/wordpress\/segunda\/wp-json\/wp\/v2\/media?parent=11989"}],"wp:term":[{"taxonomy":"category","embeddable":true,"href":"https:\/\/www.tucomarca.com\/wordpress\/segunda\/wp-json\/wp\/v2\/categories?post=11989"},{"taxonomy":"post_tag","embeddable":true,"href":"https:\/\/www.tucomarca.com\/wordpress\/segunda\/wp-json\/wp\/v2\/tags?post=11989"}],"curies":[{"name":"wp","href":"https:\/\/api.w.org\/{rel}","templated":true}]}}