{"id":120020,"date":"2020-11-24T08:00:27","date_gmt":"2020-11-24T07:00:27","guid":{"rendered":"http:\/\/www.tucomarca.com\/wordpress\/segunda\/?p=120020"},"modified":"2020-12-29T21:20:56","modified_gmt":"2020-12-29T20:20:56","slug":"en-marcha-la-13-edicion-del-concurso-literario-amic-ficcions","status":"publish","type":"post","link":"https:\/\/www.tucomarca.com\/wordpress\/segunda\/en-marcha-la-13-edicion-del-concurso-literario-amic-ficcions\/","title":{"rendered":"En marcha la 13 edici\u00f3n del concurso literario Amic-Ficcions"},"content":{"rendered":"\n<p>Desde el pasado 5 de octubre, los participantes ya pueden registrarse a trav\u00e9s de la web www.ficcions.cat y participar en la 13\u00aa edici\u00f3n de este concurso literario que el \u00faltimo curso reuni\u00f3 a m\u00e1s de 3.660 estudiantes<br> \u00abAMIC-Ficcions, la aventura de crear historias\u00bb es un concurso de creaci\u00f3n literaria para j\u00f3venes que este curso llega a su decimotercera edici\u00f3n. El a\u00f1o pasado participaron m\u00e1s de 3.660 estudiantes de segundo ciclo de ESO, Bachillerato y CFGM de Catalu\u00f1a, Islas Baleares y Valencia. Desde el 5 de octubre de 2020 y hasta el 8 de febrero los estudiantes que quieran participar pueden registrarse a trav\u00e9s de la web www.ficcions.cat.<br>Adem\u00e1s, este a\u00f1o el concurso renueva su imagen con un nuevo dise\u00f1o y un nuevo logo. Si bien mantiene la esencia que acompa\u00f1a el concurso a\u00f1o tras a\u00f1o, AMIC-Ficcions ha querido mostrar un car\u00e1cter m\u00e1s juvenil y moderno en su 13\u00aa edici\u00f3n.<\/p>\n\n\n\n<p><strong>AMIC-Ficcions, La aventura de crear historias<\/strong><\/p>\n\n\n\n<p>El objetivo del concurso es impulsar la creaci\u00f3n literaria y el trabajo en equipo de los estudiantes de Secundaria y Bachillerato con inquietudes literarias y culturales. AMIC-Ficcions quiere seguir creciendo y consolidarse como el concurso de creaci\u00f3n en lengua catalana de referencia para los j\u00f3venes. M\u00e1s de 270 institutos participaron en la \u00faltima edici\u00f3n y este curso nos proponemos ser muchos m\u00e1s gracias a la participaci\u00f3n del alumnado y la colaboraci\u00f3n del profesorado.<\/p>\n\n\n\n<p><strong>El funcionamiento<\/strong><\/p>\n\n\n\n<p>El concurso se desarrolla a trav\u00e9s de la web www.ficcions.cat, un punto de encuentro donde, adem\u00e1s de publicar sus historias, los participantes podr\u00e1n encontrar noticias, entrevistas y enlaces de inter\u00e9s. Ficciones propone cinco inicios extra\u00eddos de las siguientes obras publicadas: El secreto del Bosque Viejo de Dino Buzzati, Unos cuantos d\u00edas de noviembre de Jordi Sierra i Fabra, La F\u00e1bula de Guillem de Torroella, El asesino que amaba los libros de Mart\u00ed Dom\u00ednguez y Sobre la tierra impura de Melcior Comes. A partir de estos fragmentos, el alumnado ha de crear una historia de tres cap\u00edtulos. La participaci\u00f3n puede ser individual o en grupo de hasta tres personas.<\/p>\n\n\n\n<p><strong>El jurado y los premios<\/strong><\/p>\n\n\n\n<p>La subida del primer cap\u00edtulo comenzar\u00e1 el 11 de enero de 2021 y el concurso finalizar\u00e1 el 29 de marzo, fecha l\u00edmite para entregar el tercer cap\u00edtulo. El jurado, formado por personas vinculadas al mundo de la literatura y la educaci\u00f3n, valorar\u00e1 la calidad y la originalidad de las historias. El veredicto se har\u00e1 p\u00fablico en diferentes actos de clausura territoriales a lo largo del mes de mayo, donde los finalistas y el profesorado ser\u00e1n invitados.<\/p>\n\n\n\n<p>La organizaci\u00f3n del concurso premiar\u00e1 las mejores historias de cada territorio. Los premios de la edici\u00f3n de este a\u00f1o son: iPhone, PlayStation, iPad, Smartphone y auriculares inal\u00e1mbricos. Tambi\u00e9n se premiar\u00e1n a los profesores\/as m\u00e1s motivadores\/as de cada territorio con una estancia de 2 d\u00edas para 2 personas con cenas y\/o desayunos incluidos.<\/p>\n\n\n\n<p><strong>Organiza AMIC, compromiso con la educaci\u00f3n<\/strong><\/p>\n\n\n\n<p>EL AMIC, Asociaci\u00f3n de Medios de Informaci\u00f3n y Comunicaci\u00f3n, representa a m\u00e1s de cuatrocientas publicaciones en papel y digitales fuertemente arraigadas en el territorio, que conjuntamente alcanzan un tir\u00f3n en prensa escrita en papel de m\u00e1s de 1.000.000 ejemplares , mientras que en digital superan los 12.450.000 de usuarios \u00fanicos mensuales.<\/p>\n\n\n\n<p>La Asociaci\u00f3n quiere dar continuidad y potenciar esta iniciativa en la red que cuenta con un gran \u00e9xito de participaci\u00f3n de los j\u00f3venes y que tiene la voluntad de promover la creaci\u00f3n literaria, porque forma parte de su compromiso con la educaci\u00f3n, la juventud y la creaci\u00f3n .<\/p>\n\n\n\n<p><strong>Para m\u00e1s informaci\u00f3n<\/strong><\/p>\n\n\n\n<p>Web del concurso: www.ficcions.cat<\/p>\n\n\n\n<p>Email: ficcions@amic.media &#8211; Tel\u00e9fono: 934 527 371<\/p>\n","protected":false},"excerpt":{"rendered":"<div class=\"mh-excerpt\">Desde el pasado 5 de octubre, los participantes ya pueden registrarse a trav\u00e9s de la web www.ficcions.cat y participar en la 13\u00aa edici\u00f3n de este concurso literario que el \u00faltimo curso reuni\u00f3 a m\u00e1s de <a class=\"mh-excerpt-more\" href=\"https:\/\/www.tucomarca.com\/wordpress\/segunda\/en-marcha-la-13-edicion-del-concurso-literario-amic-ficcions\/\" title=\"En marcha la 13 edici\u00f3n del concurso literario Amic-Ficcions\">[+] <\/a><\/div>\n","protected":false},"author":12,"featured_media":120026,"comment_status":"open","ping_status":"open","sticky":false,"template":"","format":"standard","meta":{"footnotes":""},"categories":[72,7,3],"tags":[13091],"class_list":{"0":"post-120020","1":"post","2":"type-post","3":"status-publish","4":"format-standard","5":"has-post-thumbnail","7":"category-sin-categorizar","8":"category-ocio-y-cultura","9":"category-seccion","10":"tag-amic-ficcions"},"_links":{"self":[{"href":"https:\/\/www.tucomarca.com\/wordpress\/segunda\/wp-json\/wp\/v2\/posts\/120020","targetHints":{"allow":["GET"]}}],"collection":[{"href":"https:\/\/www.tucomarca.com\/wordpress\/segunda\/wp-json\/wp\/v2\/posts"}],"about":[{"href":"https:\/\/www.tucomarca.com\/wordpress\/segunda\/wp-json\/wp\/v2\/types\/post"}],"author":[{"embeddable":true,"href":"https:\/\/www.tucomarca.com\/wordpress\/segunda\/wp-json\/wp\/v2\/users\/12"}],"replies":[{"embeddable":true,"href":"https:\/\/www.tucomarca.com\/wordpress\/segunda\/wp-json\/wp\/v2\/comments?post=120020"}],"version-history":[{"count":0,"href":"https:\/\/www.tucomarca.com\/wordpress\/segunda\/wp-json\/wp\/v2\/posts\/120020\/revisions"}],"wp:featuredmedia":[{"embeddable":true,"href":"https:\/\/www.tucomarca.com\/wordpress\/segunda\/wp-json\/wp\/v2\/media\/120026"}],"wp:attachment":[{"href":"https:\/\/www.tucomarca.com\/wordpress\/segunda\/wp-json\/wp\/v2\/media?parent=120020"}],"wp:term":[{"taxonomy":"category","embeddable":true,"href":"https:\/\/www.tucomarca.com\/wordpress\/segunda\/wp-json\/wp\/v2\/categories?post=120020"},{"taxonomy":"post_tag","embeddable":true,"href":"https:\/\/www.tucomarca.com\/wordpress\/segunda\/wp-json\/wp\/v2\/tags?post=120020"}],"curies":[{"name":"wp","href":"https:\/\/api.w.org\/{rel}","templated":true}]}}