{"id":120043,"date":"2020-11-24T09:20:53","date_gmt":"2020-11-24T08:20:53","guid":{"rendered":"http:\/\/www.tucomarca.com\/wordpress\/segunda\/?p=120043"},"modified":"2020-11-24T18:12:20","modified_gmt":"2020-11-24T17:12:20","slug":"arranca-en-utiel-el-programa-de-actos-del-dia-internacional-contra-la-violencia-de-genero","status":"publish","type":"post","link":"https:\/\/www.tucomarca.com\/wordpress\/segunda\/arranca-en-utiel-el-programa-de-actos-del-dia-internacional-contra-la-violencia-de-genero\/","title":{"rendered":"Arranca en Utiel el programa de actos del D\u00eda internacional contra la violencia de g\u00e9nero"},"content":{"rendered":"\n<h4 class=\"wp-block-heading\">La campa\u00f1a de sensibilizaci\u00f3n del 25 de noviembre se presenta de forma conjunta con la Mancomunidad del Interior Tierra del Vino bajo el lema \u201cUnid@s en un mismo latido contra la violencia de g\u00e9nero\u201d&nbsp;<\/h4>\n\n\n\n<p>Comienza el programa de actividades organizado por la Concejal\u00eda de Igualdad del Ayuntamiento de Utiel en conmemoraci\u00f3n del D\u00eda Internacional de la Eliminaci\u00f3n de la Violencia contra la Mujer.<\/p>\n\n\n\n<p>Con la imagen de un coraz\u00f3n morado y bajo el lema \u201cUnid@s en un mismo latido contra la violencia de g\u00e9nero\u201d, se presenta la campa\u00f1a de sensibilizaci\u00f3n en la lucha contra esta lacra social realizada de forma conjunta con la Mancomunidad del Interior Tierra del Vino.<\/p>\n\n\n\n<p>+ Respeto, + Libertad, + Empat\u00eda \u2013 Violencia son los ejes fundamentales de esta campa\u00f1a de concienciaci\u00f3n social para unir esfuerzos en la erradicaci\u00f3n de la violencia de g\u00e9nero.<\/p>\n\n\n\n<p>Desde hoy y durante toda la semana, los lazos morados vestir\u00e1n la fachada del ayuntamiento de Utiel al igual que los balcones de diferentes entidades de Utiel y pedan\u00edas como homenaje a las mujeres v\u00edctimas de violencia de g\u00e9nero. Tambi\u00e9n el lazo morado estar\u00e1 presente en los colegios e institutos del municipio con el reparto de pins entre el alumnado.&nbsp;<\/p>\n\n\n\n<p>Adem\u00e1s, la fachada del ayuntamiento de Utiel se iluminar\u00e1 de color morado durante esta semana como gesto simb\u00f3lico en conmemoraci\u00f3n del D\u00eda de la Eliminaci\u00f3n de la Violencia contra las Mujeres.<\/p>\n\n\n\n<figure class=\"wp-block-image\"><img loading=\"lazy\" decoding=\"async\" width=\"696\" height=\"984\" src=\"https:\/\/www.tucomarca.com\/wordpress\/segunda\/wp-content\/uploads\/2020\/11\/UtielViolencia.jpg\" alt=\"\" class=\"wp-image-120046\" srcset=\"https:\/\/www.tucomarca.com\/wordpress\/segunda\/wp-content\/uploads\/2020\/11\/UtielViolencia.jpg 696w, https:\/\/www.tucomarca.com\/wordpress\/segunda\/wp-content\/uploads\/2020\/11\/UtielViolencia-212x300.jpg 212w\" sizes=\"auto, (max-width: 696px) 100vw, 696px\" \/><\/figure>\n\n\n\n<p><strong>Programaci\u00f3n 25 N \u2013 Jornadas online<\/strong><\/p>\n\n\n\n<p>La situaci\u00f3n actual provocada por la pandemia ha determinado la organizaci\u00f3n de actividades de forma telem\u00e1tica y la difusi\u00f3n online de actos para evitar el contacto directo y la concentraci\u00f3n de personas.<\/p>\n\n\n\n<p>As\u00ed, esta ma\u00f1ana se compartir\u00e1 en redes sociales el mon\u00f3logo \u201c La N\u00famero 17\u201d, producci\u00f3n de la Agrupaci\u00f3n Esc\u00e9nica Enrique Rambal, que aborda la violencia de g\u00e9nero a trav\u00e9s de un juego de espejos.<\/p>\n\n\n\n<p>El pr\u00f3ximo mi\u00e9rcoles, 25 de noviembre, la lectura del manifiesto en repulsa contra la violencia de g\u00e9nero se realizar\u00e1 de forma virtual, compartiendo la publicaci\u00f3n a trav\u00e9s de la p\u00e1gina web del Ayuntamiento de Utiel, sus redes sociales y en la emisora municipal. Este a\u00f1o, al igual que el anterior, el manifiesto contar\u00e1 como protagonistas a los m\u00e1s j\u00f3venes, estudiantes utielanos, que dar\u00e1n lectura al fragmento reivindicativo.<\/p>\n\n\n\n<p>Del mismo modo, se han programado diferentes talleres online. Desde hoy y hasta el 3 de diciembre la formadora coach, M\u00aa Teresa Escriv\u00e0, impartir\u00e1 diferentes jornadas sobre resiliencia dirigidas a los vecinos\/as de las pedan\u00edas de Las Cuevas, Las Casas y Los Corrales.<\/p>\n\n\n\n<p>Hasta el 4 de diciembre, los alumnos de 5\u00ba y 6\u00ba de primaria de los CEIP del municipio participar\u00e1n en el taller online \u201cJuego libre de sexismos y violencia\u201d.<\/p>\n\n\n\n<p>Por \u00faltimo, del 10 al 17 de diciembre, se celebrar\u00e1 un taller te\u00f3rico-pr\u00e1ctico online sobre defensa personal impartido por los entrenadores Antonio Mu\u00f1oz y Andrea Mu\u00f1oz.<\/p>\n\n\n\n<p>Tanto en el taller de resiliencia como el de defensa personal es necesaria la inscripci\u00f3n previa a trav\u00e9s de la Mancomunidad del Interior Tierra del Vino llamando al 96 217 35 86 o v\u00eda mail en <a href=\"mailto:maria@tierradelvino.es\">maria@tierradelvino.es<\/a><\/p>\n\n\n\n<p>La campa\u00f1a de Utiel en contra de la violencia de g\u00e9nero cuenta con la colaboraci\u00f3n de la Oficina de Asistencia a las V\u00edctimas del Delito (O.A.V.D) de Utiel , la Red Valenciana de Igualdad, los centros de educaci\u00f3n primaria y secundaria del municipio, la Agrupaci\u00f3n Esc\u00e9nica Enrique Rambal y las asociaciones de amas de casa de Utiel y pedan\u00edas.<br><\/p>\n","protected":false},"excerpt":{"rendered":"<div class=\"mh-excerpt\">La campa\u00f1a de sensibilizaci\u00f3n del 25 de noviembre se presenta de forma conjunta con la Mancomunidad del Interior Tierra del Vino bajo el lema \u201cUnid@s en un mismo latido contra la violencia de g\u00e9nero\u201d&nbsp; Comienza <a class=\"mh-excerpt-more\" href=\"https:\/\/www.tucomarca.com\/wordpress\/segunda\/arranca-en-utiel-el-programa-de-actos-del-dia-internacional-contra-la-violencia-de-genero\/\" title=\"Arranca en Utiel el programa de actos del D\u00eda internacional contra la violencia de g\u00e9nero\">[+] <\/a><\/div>\n","protected":false},"author":12,"featured_media":119949,"comment_status":"open","ping_status":"open","sticky":false,"template":"","format":"standard","meta":{"footnotes":""},"categories":[128,8,27,3,29],"tags":[7976,10387,10389],"class_list":{"0":"post-120043","1":"post","2":"type-post","3":"status-publish","4":"format-standard","5":"has-post-thumbnail","7":"category-infraestructuras","8":"category-la-comarca","9":"category-requena-utiel","10":"category-seccion","11":"category-utiel","12":"tag-mancomunidad-tierra-del-vino","13":"tag-requena-utiel","14":"tag-utiel"},"_links":{"self":[{"href":"https:\/\/www.tucomarca.com\/wordpress\/segunda\/wp-json\/wp\/v2\/posts\/120043","targetHints":{"allow":["GET"]}}],"collection":[{"href":"https:\/\/www.tucomarca.com\/wordpress\/segunda\/wp-json\/wp\/v2\/posts"}],"about":[{"href":"https:\/\/www.tucomarca.com\/wordpress\/segunda\/wp-json\/wp\/v2\/types\/post"}],"author":[{"embeddable":true,"href":"https:\/\/www.tucomarca.com\/wordpress\/segunda\/wp-json\/wp\/v2\/users\/12"}],"replies":[{"embeddable":true,"href":"https:\/\/www.tucomarca.com\/wordpress\/segunda\/wp-json\/wp\/v2\/comments?post=120043"}],"version-history":[{"count":0,"href":"https:\/\/www.tucomarca.com\/wordpress\/segunda\/wp-json\/wp\/v2\/posts\/120043\/revisions"}],"wp:featuredmedia":[{"embeddable":true,"href":"https:\/\/www.tucomarca.com\/wordpress\/segunda\/wp-json\/wp\/v2\/media\/119949"}],"wp:attachment":[{"href":"https:\/\/www.tucomarca.com\/wordpress\/segunda\/wp-json\/wp\/v2\/media?parent=120043"}],"wp:term":[{"taxonomy":"category","embeddable":true,"href":"https:\/\/www.tucomarca.com\/wordpress\/segunda\/wp-json\/wp\/v2\/categories?post=120043"},{"taxonomy":"post_tag","embeddable":true,"href":"https:\/\/www.tucomarca.com\/wordpress\/segunda\/wp-json\/wp\/v2\/tags?post=120043"}],"curies":[{"name":"wp","href":"https:\/\/api.w.org\/{rel}","templated":true}]}}