{"id":120114,"date":"2020-11-24T22:10:38","date_gmt":"2020-11-24T21:10:38","guid":{"rendered":"http:\/\/www.tucomarca.com\/wordpress\/segunda\/?p=120114"},"modified":"2020-11-25T10:52:20","modified_gmt":"2020-11-25T09:52:20","slug":"el-ayuntamiento-de-vilamarxant-destina-un-total-de-88-70392-euros-en-las-ayudas-al-comercio-y-profesionales-del-municipio-para-paliar-los-efectos-de-la-covid-19","status":"publish","type":"post","link":"https:\/\/www.tucomarca.com\/wordpress\/segunda\/el-ayuntamiento-de-vilamarxant-destina-un-total-de-88-70392-euros-en-las-ayudas-al-comercio-y-profesionales-del-municipio-para-paliar-los-efectos-de-la-covid-19\/","title":{"rendered":"El Ayuntamiento de Vilamarxant destina un total de 88.703,92 euros en las ayudas al comercio y profesionales del municipio para paliar los efectos de la COVID-19"},"content":{"rendered":"\n<p>Un total de 81 negocios de Vilamarxant han sido los beneficiarios de las ayudas al comercio y profesionales del Ayuntamiento para paliar los efectos de la pandemia provocada por la COVID-19. El pasado viernes, 20 de noviembre, se hizo p\u00fablica la lista con los negocios que se beneficiar\u00e1n de estas ayudas en las que la Concejal\u00eda de Promoci\u00f3n Econ\u00f3mica, dirigida por V\u00edctor Sanchis, ha invertido 88.703,92 euros.<\/p>\n\n\n\n<p>Esta es la primera ocasi\u00f3n en la que se destina una subvenci\u00f3n de estas caracter\u00edsticas y calado a los comercios de Vilamarxant y que permitir\u00e1 frenar las consecuencias derivadas de la crisis sanitaria que est\u00e1 viviendo la sociedad.<\/p>\n\n\n\n<p>Los comercios beneficiados, que recibir\u00e1n de forma inmediata las ayudas concedidas, podr\u00e1n presentar las facturas justificativas de los gastos deducibles en las bases hasta alcanzar el importe de 1.000 euros antes del 16 de diciembre del presente a\u00f1o.<\/p>\n\n\n\n<p>V\u00edctor Sanchis, concejal de Promoci\u00f3n Econ\u00f3mica de Vilamarxant, ha valorado positivamente el trabajo realizado y que se ha materializado en la creaci\u00f3n de estas subvenciones por primera vez en la historia de la administraci\u00f3n local.<\/p>\n\n\n\n<p>\u201cEstamos muy contentos de haber hecho efectivas estas ayudas en un breve espacio de tiempo para ayudar a los negocios de la localidad que m\u00e1s lo necesitan. Sabemos el momento que est\u00e1n pasando y queremos poner nuestro granito de arena para hacer que sigan con su actividad en nuestro pueblo\u201d, ha explicado Sanchis.<\/p>\n","protected":false},"excerpt":{"rendered":"<div class=\"mh-excerpt\">Un total de 81 negocios de Vilamarxant han sido los beneficiarios de las ayudas al comercio y profesionales del Ayuntamiento para paliar los efectos de la pandemia provocada por la COVID-19. El pasado viernes, 20 <a class=\"mh-excerpt-more\" href=\"https:\/\/www.tucomarca.com\/wordpress\/segunda\/el-ayuntamiento-de-vilamarxant-destina-un-total-de-88-70392-euros-en-las-ayudas-al-comercio-y-profesionales-del-municipio-para-paliar-los-efectos-de-la-covid-19\/\" title=\"El Ayuntamiento de Vilamarxant destina un total de 88.703,92 euros en las ayudas al comercio y profesionales del municipio para paliar los efectos de la COVID-19\">[+] <\/a><\/div>\n","protected":false},"author":12,"featured_media":120117,"comment_status":"open","ping_status":"open","sticky":false,"template":"","format":"standard","meta":{"footnotes":""},"categories":[46,12201,128,8,142,3,184],"tags":[13102,10395,11937,11938,10439],"class_list":{"0":"post-120114","1":"post","2":"type-post","3":"status-publish","4":"format-standard","5":"has-post-thumbnail","7":"category-camp-de-turia","8":"category-covid-19","9":"category-infraestructuras","10":"category-la-comarca","11":"category-politica-la-comarca","12":"category-seccion","13":"category-vilamarxant","14":"tag-ayudas-al-comercio","15":"tag-camp-de-turia","16":"tag-coronavirus","17":"tag-covid-19","18":"tag-vilamarxant"},"_links":{"self":[{"href":"https:\/\/www.tucomarca.com\/wordpress\/segunda\/wp-json\/wp\/v2\/posts\/120114","targetHints":{"allow":["GET"]}}],"collection":[{"href":"https:\/\/www.tucomarca.com\/wordpress\/segunda\/wp-json\/wp\/v2\/posts"}],"about":[{"href":"https:\/\/www.tucomarca.com\/wordpress\/segunda\/wp-json\/wp\/v2\/types\/post"}],"author":[{"embeddable":true,"href":"https:\/\/www.tucomarca.com\/wordpress\/segunda\/wp-json\/wp\/v2\/users\/12"}],"replies":[{"embeddable":true,"href":"https:\/\/www.tucomarca.com\/wordpress\/segunda\/wp-json\/wp\/v2\/comments?post=120114"}],"version-history":[{"count":0,"href":"https:\/\/www.tucomarca.com\/wordpress\/segunda\/wp-json\/wp\/v2\/posts\/120114\/revisions"}],"wp:featuredmedia":[{"embeddable":true,"href":"https:\/\/www.tucomarca.com\/wordpress\/segunda\/wp-json\/wp\/v2\/media\/120117"}],"wp:attachment":[{"href":"https:\/\/www.tucomarca.com\/wordpress\/segunda\/wp-json\/wp\/v2\/media?parent=120114"}],"wp:term":[{"taxonomy":"category","embeddable":true,"href":"https:\/\/www.tucomarca.com\/wordpress\/segunda\/wp-json\/wp\/v2\/categories?post=120114"},{"taxonomy":"post_tag","embeddable":true,"href":"https:\/\/www.tucomarca.com\/wordpress\/segunda\/wp-json\/wp\/v2\/tags?post=120114"}],"curies":[{"name":"wp","href":"https:\/\/api.w.org\/{rel}","templated":true}]}}