{"id":120121,"date":"2020-11-25T08:00:33","date_gmt":"2020-11-25T07:00:33","guid":{"rendered":"http:\/\/www.tucomarca.com\/wordpress\/segunda\/?p=120121"},"modified":"2020-11-25T10:47:39","modified_gmt":"2020-11-25T09:47:39","slug":"62-ninos-y-ninas-de-leliana-plantan-su-arbol-en-el-bosc-de-la-benvinguda","status":"publish","type":"post","link":"https:\/\/www.tucomarca.com\/wordpress\/segunda\/62-ninos-y-ninas-de-leliana-plantan-su-arbol-en-el-bosc-de-la-benvinguda\/","title":{"rendered":"62 ni\u00f1os y ni\u00f1as de l&#8217;Eliana plantan su \u00e1rbol en el Bosc de la Benvinguda"},"content":{"rendered":"\n<h4 class=\"wp-block-heading\"><strong>Tras esta cuarta edici\u00f3n la iniciativa suma un total de 270 ejemplares de olmos en proceso de recuperaci\u00f3n.<\/strong><\/h4>\n\n\n\n<p>Cargados de herramientas y guantes 62 ni\u00f1os y ni\u00f1as de l\u2019Eliana, nacidos en 2019, han participado este domingo en la cuarta edici\u00f3n del \u2018Bosc de la Benvinguda\u2019. El acto, que tuvo que ser aplazado por la lluvia el pasado d\u00eda 8, se ha desarrollado en dos turnos para evitar aglomeraciones y cumpliendo con todas las medidas de seguridad vigentes frente al covid-19.&nbsp;<\/p>\n\n\n\n<p>Acompa\u00f1ados de sus padres y madres, los y las verdaderas protagonistas de la jornada plantaron su correspondiente olmo, una especie en pleno proceso de recuperaci\u00f3n, se\u00f1alizado con su nombre y fecha de nacimiento en la zona degradada del Barranco del Mandor.&nbsp;<\/p>\n\n\n\n<p>El objetivo de la iniciativa, puesta en marcha en 2017 y que ya ha plantado un total de 270 \u00e1rboles, es dar a los reci\u00e9n nacidos la bienvenida a l\u2019Eliana y cumple la funci\u00f3n medioambiental de crear progresivamente un bosque en este espacio actualmente degradado. Una iniciativa que contribuye a educar para la convivencia y el respeto hacia el medio ambiente, favoreciendo la transmisi\u00f3n de valores que hacen que nuestra sociedad sea m\u00e1s c\u00edvica, responsable y solidaria.&nbsp;<\/p>\n\n\n\n<p>El evento, que por primera vez no se ha sido abierto a la ciudadan\u00eda, ha contado con la participaci\u00f3n del alcalde, Salva Torrent, del concejal de Participaci\u00f3n Ciudadana, Jorge P\u00e9rez Comeche y de la edil de Medio Ambiente, Cristina D\u00edaz.<\/p>\n\n\n\n<p>Torrent, ha destacado la buena acogida de la ciudadan\u00eda de un acto de gran valor medioambiental que sirve para mitigar el cambio clim\u00e1tico. Adem\u00e1s, ha a\u00f1adido, \u201c<em>estos ni\u00f1os y ni\u00f1as, independientemente de d\u00f3nde les lleve el futuro, sabr\u00e1n que sus ra\u00edces est\u00e1n y estar\u00e1n siempre en l\u2019Eliana<\/em>\u201d.&nbsp;<\/p>\n","protected":false},"excerpt":{"rendered":"<div class=\"mh-excerpt\">Tras esta cuarta edici\u00f3n la iniciativa suma un total de 270 ejemplares de olmos en proceso de recuperaci\u00f3n. Cargados de herramientas y guantes 62 ni\u00f1os y ni\u00f1as de l\u2019Eliana, nacidos en 2019, han participado este <a class=\"mh-excerpt-more\" href=\"https:\/\/www.tucomarca.com\/wordpress\/segunda\/62-ninos-y-ninas-de-leliana-plantan-su-arbol-en-el-bosc-de-la-benvinguda\/\" title=\"62 ni\u00f1os y ni\u00f1as de l&#8217;Eliana plantan su \u00e1rbol en el Bosc de la Benvinguda\">[+] <\/a><\/div>\n","protected":false},"author":12,"featured_media":120123,"comment_status":"open","ping_status":"open","sticky":false,"template":"","format":"standard","meta":{"footnotes":""},"categories":[46,177,8,117,3],"tags":[12965,10395,10433],"class_list":{"0":"post-120121","1":"post","2":"type-post","3":"status-publish","4":"format-standard","5":"has-post-thumbnail","7":"category-camp-de-turia","8":"category-leliana","9":"category-la-comarca","10":"category-medio-ambiente-la-comarca","11":"category-seccion","12":"tag-bosc-de-la-benvinguda","13":"tag-camp-de-turia","14":"tag-leliana"},"_links":{"self":[{"href":"https:\/\/www.tucomarca.com\/wordpress\/segunda\/wp-json\/wp\/v2\/posts\/120121","targetHints":{"allow":["GET"]}}],"collection":[{"href":"https:\/\/www.tucomarca.com\/wordpress\/segunda\/wp-json\/wp\/v2\/posts"}],"about":[{"href":"https:\/\/www.tucomarca.com\/wordpress\/segunda\/wp-json\/wp\/v2\/types\/post"}],"author":[{"embeddable":true,"href":"https:\/\/www.tucomarca.com\/wordpress\/segunda\/wp-json\/wp\/v2\/users\/12"}],"replies":[{"embeddable":true,"href":"https:\/\/www.tucomarca.com\/wordpress\/segunda\/wp-json\/wp\/v2\/comments?post=120121"}],"version-history":[{"count":0,"href":"https:\/\/www.tucomarca.com\/wordpress\/segunda\/wp-json\/wp\/v2\/posts\/120121\/revisions"}],"wp:featuredmedia":[{"embeddable":true,"href":"https:\/\/www.tucomarca.com\/wordpress\/segunda\/wp-json\/wp\/v2\/media\/120123"}],"wp:attachment":[{"href":"https:\/\/www.tucomarca.com\/wordpress\/segunda\/wp-json\/wp\/v2\/media?parent=120121"}],"wp:term":[{"taxonomy":"category","embeddable":true,"href":"https:\/\/www.tucomarca.com\/wordpress\/segunda\/wp-json\/wp\/v2\/categories?post=120121"},{"taxonomy":"post_tag","embeddable":true,"href":"https:\/\/www.tucomarca.com\/wordpress\/segunda\/wp-json\/wp\/v2\/tags?post=120121"}],"curies":[{"name":"wp","href":"https:\/\/api.w.org\/{rel}","templated":true}]}}