{"id":120238,"date":"2020-11-26T00:02:03","date_gmt":"2020-11-25T23:02:03","guid":{"rendered":"http:\/\/www.tucomarca.com\/wordpress\/segunda\/?p=120238"},"modified":"2020-11-26T02:17:08","modified_gmt":"2020-11-26T01:17:08","slug":"la-red-turist-info-de-quesa-y-anna-de-la-mancomunidad-de-la-canal-de-navarres-reciben-el-premio-de-innovacion-de-turisme-comunitat-valenciana","status":"publish","type":"post","link":"https:\/\/www.tucomarca.com\/wordpress\/segunda\/la-red-turist-info-de-quesa-y-anna-de-la-mancomunidad-de-la-canal-de-navarres-reciben-el-premio-de-innovacion-de-turisme-comunitat-valenciana\/","title":{"rendered":"La red Turist Info de Quesa y Anna, de la Mancomunidad de la Canal de Navarr\u00e9s, reciben el premio de innovaci\u00f3n de Turisme Comunitat Valenciana"},"content":{"rendered":"\n<p>Las Oficinas de Turismo de&nbsp;Quesa&nbsp;y&nbsp;Anna, enmarcadas en la red de&nbsp;Tourist Info&nbsp;de la Mancomunidad de la Canal de Navarr\u00e9s, han recibido el&nbsp;premio a la innovaci\u00f3n 2020 por&nbsp;Turisme Comunitat Valenciana. Este premio, reconoce las novedades dirigidas a mejorar, por un lado, la atenci\u00f3n prestada por las Oficinas Tourist Info y&nbsp;la calidad percibida por los turistas&nbsp;en relaci\u00f3n al destino tur\u00edstico de la Mancomunidad de la Canal de Navarr\u00e9s, y, por otro, las novedades en servicios que&nbsp;mejoran sustancialmente el desarrollo local&nbsp;de las actividades tur\u00edsticas empresariales.<\/p>\n\n\n\n<p>Los premios concedidos a las oficinas de turismo de la Mancomunidad de la Canal de Navarr\u00e9s, a los que pod\u00edan presentarse todas las Tourist Info de la Comunidad Valenciana, han tenido en consideraci\u00f3n la&nbsp;creatividad,&nbsp;hospitalidad,&nbsp;accesibilidad&nbsp;y&nbsp;sostenibilidadde las propuestas presentadas, as\u00ed como la&nbsp;creaci\u00f3n de nuevas herramientas&nbsp;y&nbsp;canales de atenci\u00f3n a los turistas, entre otras variables.<\/p>\n\n\n\n<p><strong>Nueva Se\u00f1alizaci\u00f3n Tur\u00edstica Inteligente: todos los servicios tur\u00edsticos, a trav\u00e9s del m\u00f3vil<\/strong><\/p>\n\n\n\n<p>\u00bfY cu\u00e1les han sido estas innovaciones que se han implantado en las&nbsp;Tourist Info&nbsp;de Quesa y de Anna? En primer lugar, su nueva Se\u00f1alizaci\u00f3n Tur\u00edstica Inteligente. As\u00ed, a trav\u00e9s de la Plataforma Digital INVENTRIP, la Mancomunidad de la Canal de Navarr\u00e9s, ofrece una informaci\u00f3n tur\u00edstica inteligente en todo su \u00e1mbito territorial, que abarca los municipios de&nbsp;Estubeny,&nbsp;Anna,&nbsp;Chella,&nbsp;Bolbaite,&nbsp;Navarr\u00e9s,&nbsp;Quesa,&nbsp;Bicorp&nbsp;y&nbsp;Millares.<\/p>\n\n\n\n<p>Esta plataforma permite a los usuarios&nbsp;planificar y compartir viajes&nbsp;en la Canal de Navarr\u00e9s de forma r\u00e1pida y sencilla&nbsp;a trav\u00e9s de su m\u00f3vil. Adem\u00e1s, la Se\u00f1alizaci\u00f3n Tur\u00edstica f\u00edsica (carteles y se\u00f1alizaciones) permiten&nbsp;consultar la oferta tur\u00edstica completa a trav\u00e9s de balizas electr\u00f3nicas, c\u00f3digos QR, \u201cbeacons\u201d y otras tecnolog\u00edas de la informaci\u00f3n, que&nbsp;dirigen a los visitantes hacia los principales lugares de inter\u00e9s, ofreci\u00e9ndoles informaci\u00f3n de servicios como restauraci\u00f3n, parajes naturales, alojamientos, comercios o servicios tur\u00edsticos que tienen a su alrededor.<\/p>\n\n\n\n<p>Las&nbsp;Se\u00f1ales Tur\u00edsticas Inteligentes&nbsp;poseen un alcance de 40 metros, y en ese per\u00edmetro, todos los dispositivos m\u00f3viles reciben una notificaci\u00f3n con todos los servicios a su alrededor. Para los espacios naturales de mayor amplitud, se utiliza la&nbsp;Geobaliza, que detecta los dispositivos en un \u00e1rea mayor, a trav\u00e9s de la ubicaci\u00f3n GPS, y env\u00eda la notificaci\u00f3n e informaci\u00f3n a\u00fan en zonas sin cobertura m\u00f3vil.<\/p>\n\n\n\n<p><strong>Un modelo tur\u00edstico seguro y sostenible<\/strong><\/p>\n\n\n\n<p>Este modelo sencillo, c\u00f3modo, sostenible e inteligente de remitir toda la informaci\u00f3n necesaria para hacer m\u00e1s c\u00f3modo y placentero el viaje al turista, tambi\u00e9n&nbsp;convierte los destinos de la Mancomunidad de la Canal de Navarr\u00e9s como destinos tur\u00edsticos seguros, pues puede advertir, mediante estas notificaciones en el m\u00f3vil, de las&nbsp;medidas de seguridad necesarias, o la ocupaci\u00f3n de determinada zona tur\u00edstica en tiempo real, muy \u00fatil fundamentalmente en los meses de mayor afluencia tur\u00edstica.<\/p>\n\n\n\n<p><strong>Escaparates Tur\u00edsticos Interactivos<\/strong><\/p>\n\n\n\n<p>Pero adem\u00e1s de la Se\u00f1al\u00e9tica Inteligente, los municipios de la Mancomunidad de la Canal de Navarr\u00e9s cuentan con la instalaci\u00f3n de tres puntos de informaci\u00f3n a modo de Escaparate Interactivo, en las poblaciones que no dispon\u00edan de centros de recepci\u00f3n, como las oficinas&nbsp;Touist Info&nbsp;ubicadas en&nbsp;Anna&nbsp;y en&nbsp;Quesa, o el&nbsp;Ecomuseo de Bicorp. En estos puntos, que se han ubicado en las poblaciones de&nbsp;Chella,&nbsp;Bolbaite&nbsp;y&nbsp;Navarr\u00e9s, a trav\u00e9s de unas pantallas con tecnolog\u00eda t\u00e1ctil,&nbsp;los habitantes, turistas o visitantes tienen la posibilidad de enviarse directamente al m\u00f3vil los folletos tur\u00edsticos, las gu\u00edas, los listados de actividades a realizar o recursos de que disponen en la zona. Se puede consultar un mapa interactivo, la agenda de eventos, o acceder a los portales tur\u00edsticos de inter\u00e9s.<\/p>\n\n\n\n<p><strong>Implicaci\u00f3n de las Tourist Info y de la Mancomunidad de la Canal de Navarr\u00e9s<\/strong><\/p>\n\n\n\n<p>Este reconocimiento a la innovaci\u00f3n en materia tur\u00edstica, no hubiera sido posible sin la implicaci\u00f3n de las Tourist Info dependientes del departamento de turismo de la Mancomunidad de Navarr\u00e9s, coordinado por los diferentes Ayuntamientos adheridos e incluido en las actuaciones del&nbsp;Plan de Gobernanza de Dinamizaci\u00f3n Tur\u00edstica&nbsp;financiado por la propia Mancomunidad, el Patronato Provincial de Turismo, y Turisme de la Comunitat Valenciana.<\/p>\n\n\n\n<ul class=\"wp-block-gallery columns-3 is-cropped wp-block-gallery-1 is-layout-flex wp-block-gallery-is-layout-flex\"><li class=\"blocks-gallery-item\"><figure><img loading=\"lazy\" decoding=\"async\" width=\"395\" height=\"342\" src=\"https:\/\/www.tucomarca.com\/wordpress\/segunda\/wp-content\/uploads\/2020\/11\/Navarres.jpg\" alt=\"\" data-id=\"120248\" data-link=\"https:\/\/www.tucomarca.com\/wordpress\/segunda\/?attachment_id=120248\" class=\"wp-image-120248\" srcset=\"https:\/\/www.tucomarca.com\/wordpress\/segunda\/wp-content\/uploads\/2020\/11\/Navarres.jpg 395w, https:\/\/www.tucomarca.com\/wordpress\/segunda\/wp-content\/uploads\/2020\/11\/Navarres-300x260.jpg 300w\" sizes=\"auto, (max-width: 395px) 100vw, 395px\" \/><\/figure><\/li><li class=\"blocks-gallery-item\"><figure><img loading=\"lazy\" decoding=\"async\" width=\"399\" height=\"341\" src=\"https:\/\/www.tucomarca.com\/wordpress\/segunda\/wp-content\/uploads\/2020\/11\/Chella.jpg\" alt=\"\" data-id=\"120244\" data-link=\"https:\/\/www.tucomarca.com\/wordpress\/segunda\/?attachment_id=120244\" class=\"wp-image-120244\" srcset=\"https:\/\/www.tucomarca.com\/wordpress\/segunda\/wp-content\/uploads\/2020\/11\/Chella.jpg 399w, https:\/\/www.tucomarca.com\/wordpress\/segunda\/wp-content\/uploads\/2020\/11\/Chella-300x256.jpg 300w\" sizes=\"auto, (max-width: 399px) 100vw, 399px\" \/><\/figure><\/li><li class=\"blocks-gallery-item\"><figure><img decoding=\"async\" src=\"https:\/\/www.tucomarca.com\/wordpress\/segunda\/wp-content\/uploads\/2020\/11\/Bicorp.jpg\" alt=\"\" data-id=\"120242\" data-link=\"https:\/\/www.tucomarca.com\/wordpress\/segunda\/?attachment_id=120242\" class=\"wp-image-120242\"\/><\/figure><\/li><li class=\"blocks-gallery-item\"><figure><img loading=\"lazy\" decoding=\"async\" width=\"309\" height=\"418\" src=\"https:\/\/www.tucomarca.com\/wordpress\/segunda\/wp-content\/uploads\/2020\/11\/Quesa.jpg\" alt=\"\" data-id=\"120240\" data-link=\"https:\/\/www.tucomarca.com\/wordpress\/segunda\/?attachment_id=120240\" class=\"wp-image-120240\" srcset=\"https:\/\/www.tucomarca.com\/wordpress\/segunda\/wp-content\/uploads\/2020\/11\/Quesa.jpg 309w, https:\/\/www.tucomarca.com\/wordpress\/segunda\/wp-content\/uploads\/2020\/11\/Quesa-222x300.jpg 222w\" sizes=\"auto, (max-width: 309px) 100vw, 309px\" \/><\/figure><\/li><li class=\"blocks-gallery-item\"><figure><img loading=\"lazy\" decoding=\"async\" width=\"787\" height=\"536\" src=\"https:\/\/www.tucomarca.com\/wordpress\/segunda\/wp-content\/uploads\/2020\/11\/CanalNavarresTuriInfo.jpg\" alt=\"\" data-id=\"120246\" data-link=\"https:\/\/www.tucomarca.com\/wordpress\/segunda\/?attachment_id=120246\" class=\"wp-image-120246\" srcset=\"https:\/\/www.tucomarca.com\/wordpress\/segunda\/wp-content\/uploads\/2020\/11\/CanalNavarresTuriInfo.jpg 787w, https:\/\/www.tucomarca.com\/wordpress\/segunda\/wp-content\/uploads\/2020\/11\/CanalNavarresTuriInfo-300x204.jpg 300w, https:\/\/www.tucomarca.com\/wordpress\/segunda\/wp-content\/uploads\/2020\/11\/CanalNavarresTuriInfo-768x523.jpg 768w\" sizes=\"auto, (max-width: 787px) 100vw, 787px\" \/><\/figure><\/li><\/ul>\n","protected":false},"excerpt":{"rendered":"<div class=\"mh-excerpt\">Las Oficinas de Turismo de&nbsp;Quesa&nbsp;y&nbsp;Anna, enmarcadas en la red de&nbsp;Tourist Info&nbsp;de la Mancomunidad de la Canal de Navarr\u00e9s, han recibido el&nbsp;premio a la innovaci\u00f3n 2020 por&nbsp;Turisme Comunitat Valenciana. Este premio, reconoce las novedades dirigidas a <a class=\"mh-excerpt-more\" href=\"https:\/\/www.tucomarca.com\/wordpress\/segunda\/la-red-turist-info-de-quesa-y-anna-de-la-mancomunidad-de-la-canal-de-navarres-reciben-el-premio-de-innovacion-de-turisme-comunitat-valenciana\/\" title=\"La red Turist Info de Quesa y Anna, de la Mancomunidad de la Canal de Navarr\u00e9s, reciben el premio de innovaci\u00f3n de Turisme Comunitat Valenciana\">[+] <\/a><\/div>\n","protected":false},"author":12,"featured_media":120250,"comment_status":"open","ping_status":"open","sticky":false,"template":"","format":"gallery","meta":{"footnotes":""},"categories":[78,338,376,249,257,79,70,8,71,270,3],"tags":[10405,13114,10427,703,13115],"class_list":{"0":"post-120238","1":"post","2":"type-post","3":"status-publish","4":"format-gallery","5":"has-post-thumbnail","7":"category-anna","8":"category-bicorp","9":"category-bolbaite","10":"category-canals","11":"category-chella","12":"category-enguera","13":"category-la-canal-de-navarres","14":"category-la-comarca","15":"category-millares","16":"category-navarres","17":"category-seccion","18":"tag-anna","19":"tag-mancomunidad-de-la-canal-de-navarres","20":"tag-quesa","21":"tag-turismo","22":"tag-turist-info","23":"post_format-post-format-gallery"},"_links":{"self":[{"href":"https:\/\/www.tucomarca.com\/wordpress\/segunda\/wp-json\/wp\/v2\/posts\/120238","targetHints":{"allow":["GET"]}}],"collection":[{"href":"https:\/\/www.tucomarca.com\/wordpress\/segunda\/wp-json\/wp\/v2\/posts"}],"about":[{"href":"https:\/\/www.tucomarca.com\/wordpress\/segunda\/wp-json\/wp\/v2\/types\/post"}],"author":[{"embeddable":true,"href":"https:\/\/www.tucomarca.com\/wordpress\/segunda\/wp-json\/wp\/v2\/users\/12"}],"replies":[{"embeddable":true,"href":"https:\/\/www.tucomarca.com\/wordpress\/segunda\/wp-json\/wp\/v2\/comments?post=120238"}],"version-history":[{"count":0,"href":"https:\/\/www.tucomarca.com\/wordpress\/segunda\/wp-json\/wp\/v2\/posts\/120238\/revisions"}],"wp:featuredmedia":[{"embeddable":true,"href":"https:\/\/www.tucomarca.com\/wordpress\/segunda\/wp-json\/wp\/v2\/media\/120250"}],"wp:attachment":[{"href":"https:\/\/www.tucomarca.com\/wordpress\/segunda\/wp-json\/wp\/v2\/media?parent=120238"}],"wp:term":[{"taxonomy":"category","embeddable":true,"href":"https:\/\/www.tucomarca.com\/wordpress\/segunda\/wp-json\/wp\/v2\/categories?post=120238"},{"taxonomy":"post_tag","embeddable":true,"href":"https:\/\/www.tucomarca.com\/wordpress\/segunda\/wp-json\/wp\/v2\/tags?post=120238"}],"curies":[{"name":"wp","href":"https:\/\/api.w.org\/{rel}","templated":true}]}}