{"id":120342,"date":"2020-11-27T23:56:41","date_gmt":"2020-11-27T22:56:41","guid":{"rendered":"http:\/\/www.tucomarca.com\/wordpress\/segunda\/?p=120342"},"modified":"2020-11-28T12:32:20","modified_gmt":"2020-11-28T11:32:20","slug":"fotogaleria-el-cim-la-armonica-de-bunol-da-la-bienvenida-a-sus-nuevos-musicos-por-santa-cecilia","status":"publish","type":"post","link":"https:\/\/www.tucomarca.com\/wordpress\/segunda\/fotogaleria-el-cim-la-armonica-de-bunol-da-la-bienvenida-a-sus-nuevos-musicos-por-santa-cecilia\/","title":{"rendered":"Fotogaler\u00eda: El CIM \u00abLa Arm\u00f3nica\u00bb de Bu\u00f1ol da la bienvenida a sus nuevos m\u00fasicos por Santa Cecilia"},"content":{"rendered":"\n<p>El CIM \u00abLa Arm\u00f3nica\u00bb de Bu\u00f1ol ha presentado a los 20 j\u00f3venes m\u00fasicos de su escuela de m\u00fasica que se incorporaron a la Banda Sinf\u00f3nica y la Orquesta en el concierto de Santa Cecilia, celebrado en el Palacio de la M\u00fasica.<\/p>\n\n\n\n<p>Los nuevos m\u00fasicos tuvieron la responsabilidad de tocar la primera parte del concierto tras la emotiva colocaci\u00f3n de las insignias por sus familiares m\u00fasicos o sus profesores.<\/p>\n\n\n\n<p>A continuaci\u00f3n\u00a0 la banda sinf\u00f3nica estren\u00f3 la obra <em>Aliento<\/em> compuesta por <strong>Gregory Fritze<\/strong> para el Litro en homenaje a los sanitarios de Bu\u00f1ol.\u00a0 El concierto continu\u00f3 con una interpretaci\u00f3n del <em>Concierto para Clarinete<\/em> de <strong>Artie Shaw<\/strong>, a cargo de <strong>Mariano Cort\u00edas<\/strong> y finaliz\u00f3 con la magn\u00edfica interpretaci\u00f3n de <em>Warsaw Concerto<\/em> de <strong>Jos\u00e9 Miguel Fayos Jord\u00e1n<\/strong>, bajo la batuta del director Jos\u00e9 Tello Espert.<\/p>\n\n\n\n<p>La celebraci\u00f3n de la misa de Santa Cecilia celebrada el d\u00eda de la patrona de la m\u00fasica en la Iglesia de San Pedro Ap\u00f3stol estuvo acompa\u00f1ada por el Coro del CIM La Arm\u00f3nica.<\/p>\n\n\n\n<ul class=\"wp-block-gallery columns-2 is-cropped wp-block-gallery-1 is-layout-flex wp-block-gallery-is-layout-flex\"><li class=\"blocks-gallery-item\"><figure><img loading=\"lazy\" decoding=\"async\" width=\"787\" height=\"525\" src=\"https:\/\/www.tucomarca.com\/wordpress\/segunda\/wp-content\/uploads\/2020\/11\/01insignias.jpg\" alt=\"\" data-id=\"120351\" data-link=\"https:\/\/www.tucomarca.com\/wordpress\/segunda\/?attachment_id=120351\" class=\"wp-image-120351\" srcset=\"https:\/\/www.tucomarca.com\/wordpress\/segunda\/wp-content\/uploads\/2020\/11\/01insignias.jpg 787w, https:\/\/www.tucomarca.com\/wordpress\/segunda\/wp-content\/uploads\/2020\/11\/01insignias-300x200.jpg 300w, https:\/\/www.tucomarca.com\/wordpress\/segunda\/wp-content\/uploads\/2020\/11\/01insignias-768x512.jpg 768w\" sizes=\"auto, (max-width: 787px) 100vw, 787px\" \/><\/figure><\/li><li class=\"blocks-gallery-item\"><figure><img loading=\"lazy\" decoding=\"async\" width=\"787\" height=\"525\" src=\"https:\/\/www.tucomarca.com\/wordpress\/segunda\/wp-content\/uploads\/2020\/11\/02insignias.jpg\" alt=\"\" data-id=\"120353\" data-link=\"https:\/\/www.tucomarca.com\/wordpress\/segunda\/?attachment_id=120353\" class=\"wp-image-120353\" srcset=\"https:\/\/www.tucomarca.com\/wordpress\/segunda\/wp-content\/uploads\/2020\/11\/02insignias.jpg 787w, https:\/\/www.tucomarca.com\/wordpress\/segunda\/wp-content\/uploads\/2020\/11\/02insignias-300x200.jpg 300w, https:\/\/www.tucomarca.com\/wordpress\/segunda\/wp-content\/uploads\/2020\/11\/02insignias-768x512.jpg 768w\" sizes=\"auto, (max-width: 787px) 100vw, 787px\" \/><\/figure><\/li><li class=\"blocks-gallery-item\"><figure><img loading=\"lazy\" decoding=\"async\" width=\"787\" height=\"525\" src=\"https:\/\/www.tucomarca.com\/wordpress\/segunda\/wp-content\/uploads\/2020\/11\/04insignias.jpg\" alt=\"\" data-id=\"120414\" data-link=\"https:\/\/www.tucomarca.com\/wordpress\/segunda\/?attachment_id=120414\" class=\"wp-image-120414\" srcset=\"https:\/\/www.tucomarca.com\/wordpress\/segunda\/wp-content\/uploads\/2020\/11\/04insignias.jpg 787w, https:\/\/www.tucomarca.com\/wordpress\/segunda\/wp-content\/uploads\/2020\/11\/04insignias-300x200.jpg 300w, https:\/\/www.tucomarca.com\/wordpress\/segunda\/wp-content\/uploads\/2020\/11\/04insignias-768x512.jpg 768w\" sizes=\"auto, (max-width: 787px) 100vw, 787px\" \/><\/figure><\/li><li class=\"blocks-gallery-item\"><figure><img loading=\"lazy\" decoding=\"async\" width=\"787\" height=\"525\" src=\"https:\/\/www.tucomarca.com\/wordpress\/segunda\/wp-content\/uploads\/2020\/11\/05insignias.jpg\" alt=\"\" data-id=\"120416\" data-link=\"https:\/\/www.tucomarca.com\/wordpress\/segunda\/?attachment_id=120416\" class=\"wp-image-120416\" srcset=\"https:\/\/www.tucomarca.com\/wordpress\/segunda\/wp-content\/uploads\/2020\/11\/05insignias.jpg 787w, https:\/\/www.tucomarca.com\/wordpress\/segunda\/wp-content\/uploads\/2020\/11\/05insignias-300x200.jpg 300w, https:\/\/www.tucomarca.com\/wordpress\/segunda\/wp-content\/uploads\/2020\/11\/05insignias-768x512.jpg 768w\" sizes=\"auto, (max-width: 787px) 100vw, 787px\" \/><\/figure><\/li><li class=\"blocks-gallery-item\"><figure><img loading=\"lazy\" decoding=\"async\" width=\"787\" height=\"525\" src=\"https:\/\/www.tucomarca.com\/wordpress\/segunda\/wp-content\/uploads\/2020\/11\/06insignias.jpg\" alt=\"\" data-id=\"120418\" data-link=\"https:\/\/www.tucomarca.com\/wordpress\/segunda\/?attachment_id=120418\" class=\"wp-image-120418\" srcset=\"https:\/\/www.tucomarca.com\/wordpress\/segunda\/wp-content\/uploads\/2020\/11\/06insignias.jpg 787w, https:\/\/www.tucomarca.com\/wordpress\/segunda\/wp-content\/uploads\/2020\/11\/06insignias-300x200.jpg 300w, https:\/\/www.tucomarca.com\/wordpress\/segunda\/wp-content\/uploads\/2020\/11\/06insignias-768x512.jpg 768w\" sizes=\"auto, (max-width: 787px) 100vw, 787px\" \/><\/figure><\/li><li class=\"blocks-gallery-item\"><figure><img loading=\"lazy\" decoding=\"async\" width=\"787\" height=\"525\" src=\"https:\/\/www.tucomarca.com\/wordpress\/segunda\/wp-content\/uploads\/2020\/11\/03insignias.jpg\" alt=\"\" data-id=\"120355\" data-link=\"https:\/\/www.tucomarca.com\/wordpress\/segunda\/?attachment_id=120355\" class=\"wp-image-120355\" srcset=\"https:\/\/www.tucomarca.com\/wordpress\/segunda\/wp-content\/uploads\/2020\/11\/03insignias.jpg 787w, https:\/\/www.tucomarca.com\/wordpress\/segunda\/wp-content\/uploads\/2020\/11\/03insignias-300x200.jpg 300w, https:\/\/www.tucomarca.com\/wordpress\/segunda\/wp-content\/uploads\/2020\/11\/03insignias-768x512.jpg 768w\" sizes=\"auto, (max-width: 787px) 100vw, 787px\" \/><\/figure><\/li><li class=\"blocks-gallery-item\"><figure><img loading=\"lazy\" decoding=\"async\" width=\"787\" height=\"613\" src=\"https:\/\/www.tucomarca.com\/wordpress\/segunda\/wp-content\/uploads\/2020\/11\/01concierto.jpg\" alt=\"\" data-id=\"120343\" data-link=\"https:\/\/www.tucomarca.com\/wordpress\/segunda\/?attachment_id=120343\" class=\"wp-image-120343\" srcset=\"https:\/\/www.tucomarca.com\/wordpress\/segunda\/wp-content\/uploads\/2020\/11\/01concierto.jpg 787w, https:\/\/www.tucomarca.com\/wordpress\/segunda\/wp-content\/uploads\/2020\/11\/01concierto-300x234.jpg 300w, https:\/\/www.tucomarca.com\/wordpress\/segunda\/wp-content\/uploads\/2020\/11\/01concierto-768x598.jpg 768w\" sizes=\"auto, (max-width: 787px) 100vw, 787px\" \/><\/figure><\/li><li class=\"blocks-gallery-item\"><figure><img loading=\"lazy\" decoding=\"async\" width=\"787\" height=\"525\" src=\"https:\/\/www.tucomarca.com\/wordpress\/segunda\/wp-content\/uploads\/2020\/11\/03concierto.jpg\" alt=\"\" data-id=\"120349\" data-link=\"https:\/\/www.tucomarca.com\/wordpress\/segunda\/?attachment_id=120349\" class=\"wp-image-120349\" srcset=\"https:\/\/www.tucomarca.com\/wordpress\/segunda\/wp-content\/uploads\/2020\/11\/03concierto.jpg 787w, https:\/\/www.tucomarca.com\/wordpress\/segunda\/wp-content\/uploads\/2020\/11\/03concierto-300x200.jpg 300w, https:\/\/www.tucomarca.com\/wordpress\/segunda\/wp-content\/uploads\/2020\/11\/03concierto-768x512.jpg 768w\" sizes=\"auto, (max-width: 787px) 100vw, 787px\" \/><\/figure><\/li><li class=\"blocks-gallery-item\"><figure><img loading=\"lazy\" decoding=\"async\" width=\"787\" height=\"505\" src=\"https:\/\/www.tucomarca.com\/wordpress\/segunda\/wp-content\/uploads\/2020\/11\/02concierto.jpg\" alt=\"\" data-id=\"120345\" data-link=\"https:\/\/www.tucomarca.com\/wordpress\/segunda\/?attachment_id=120345\" class=\"wp-image-120345\" srcset=\"https:\/\/www.tucomarca.com\/wordpress\/segunda\/wp-content\/uploads\/2020\/11\/02concierto.jpg 787w, https:\/\/www.tucomarca.com\/wordpress\/segunda\/wp-content\/uploads\/2020\/11\/02concierto-300x193.jpg 300w, https:\/\/www.tucomarca.com\/wordpress\/segunda\/wp-content\/uploads\/2020\/11\/02concierto-768x493.jpg 768w\" sizes=\"auto, (max-width: 787px) 100vw, 787px\" \/><\/figure><\/li><li class=\"blocks-gallery-item\"><figure><img loading=\"lazy\" decoding=\"async\" width=\"787\" height=\"590\" src=\"https:\/\/www.tucomarca.com\/wordpress\/segunda\/wp-content\/uploads\/2020\/11\/03coro.jpg\" alt=\"\" data-id=\"120347\" data-link=\"https:\/\/www.tucomarca.com\/wordpress\/segunda\/?attachment_id=120347\" class=\"wp-image-120347\" srcset=\"https:\/\/www.tucomarca.com\/wordpress\/segunda\/wp-content\/uploads\/2020\/11\/03coro.jpg 787w, https:\/\/www.tucomarca.com\/wordpress\/segunda\/wp-content\/uploads\/2020\/11\/03coro-300x225.jpg 300w, https:\/\/www.tucomarca.com\/wordpress\/segunda\/wp-content\/uploads\/2020\/11\/03coro-768x576.jpg 768w, https:\/\/www.tucomarca.com\/wordpress\/segunda\/wp-content\/uploads\/2020\/11\/03coro-678x509.jpg 678w, https:\/\/www.tucomarca.com\/wordpress\/segunda\/wp-content\/uploads\/2020\/11\/03coro-326x245.jpg 326w, https:\/\/www.tucomarca.com\/wordpress\/segunda\/wp-content\/uploads\/2020\/11\/03coro-80x60.jpg 80w\" sizes=\"auto, (max-width: 787px) 100vw, 787px\" \/><\/figure><\/li><\/ul>\n\n\n\n<p><strong>Nuevos componentes de la Banda Sinf\u00f3nica y la Orquesta<\/strong><\/p>\n\n\n\n<figure class=\"wp-block-image\"><img loading=\"lazy\" decoding=\"async\" width=\"787\" height=\"524\" src=\"https:\/\/www.tucomarca.com\/wordpress\/segunda\/wp-content\/uploads\/2020\/11\/01grupo.jpg\" alt=\"\" class=\"wp-image-120357\" srcset=\"https:\/\/www.tucomarca.com\/wordpress\/segunda\/wp-content\/uploads\/2020\/11\/01grupo.jpg 787w, https:\/\/www.tucomarca.com\/wordpress\/segunda\/wp-content\/uploads\/2020\/11\/01grupo-300x200.jpg 300w, https:\/\/www.tucomarca.com\/wordpress\/segunda\/wp-content\/uploads\/2020\/11\/01grupo-768x511.jpg 768w\" sizes=\"auto, (max-width: 787px) 100vw, 787px\" \/><\/figure>\n\n\n\n<ul class=\"wp-block-gallery columns-4 is-cropped wp-block-gallery-2 is-layout-flex wp-block-gallery-is-layout-flex\"><li class=\"blocks-gallery-item\"><figure><img loading=\"lazy\" decoding=\"async\" width=\"283\" height=\"378\" src=\"https:\/\/www.tucomarca.com\/wordpress\/segunda\/wp-content\/uploads\/2020\/11\/17-1.jpg\" alt=\"\" data-id=\"120402\" data-link=\"https:\/\/www.tucomarca.com\/wordpress\/segunda\/?attachment_id=120402\" class=\"wp-image-120402\" srcset=\"https:\/\/www.tucomarca.com\/wordpress\/segunda\/wp-content\/uploads\/2020\/11\/17-1.jpg 283w, https:\/\/www.tucomarca.com\/wordpress\/segunda\/wp-content\/uploads\/2020\/11\/17-1-225x300.jpg 225w\" sizes=\"auto, (max-width: 283px) 100vw, 283px\" \/><\/figure><\/li><li class=\"blocks-gallery-item\"><figure><img loading=\"lazy\" decoding=\"async\" width=\"283\" height=\"378\" src=\"https:\/\/www.tucomarca.com\/wordpress\/segunda\/wp-content\/uploads\/2020\/11\/00.jpg\" alt=\"\" data-id=\"120360\" data-link=\"https:\/\/www.tucomarca.com\/wordpress\/segunda\/?attachment_id=120360\" class=\"wp-image-120360\" srcset=\"https:\/\/www.tucomarca.com\/wordpress\/segunda\/wp-content\/uploads\/2020\/11\/00.jpg 283w, https:\/\/www.tucomarca.com\/wordpress\/segunda\/wp-content\/uploads\/2020\/11\/00-225x300.jpg 225w\" sizes=\"auto, (max-width: 283px) 100vw, 283px\" \/><\/figure><\/li><li class=\"blocks-gallery-item\"><figure><img loading=\"lazy\" decoding=\"async\" width=\"283\" height=\"378\" src=\"https:\/\/www.tucomarca.com\/wordpress\/segunda\/wp-content\/uploads\/2020\/11\/01.jpg\" alt=\"\" data-id=\"120362\" data-link=\"https:\/\/www.tucomarca.com\/wordpress\/segunda\/?attachment_id=120362\" class=\"wp-image-120362\" srcset=\"https:\/\/www.tucomarca.com\/wordpress\/segunda\/wp-content\/uploads\/2020\/11\/01.jpg 283w, https:\/\/www.tucomarca.com\/wordpress\/segunda\/wp-content\/uploads\/2020\/11\/01-225x300.jpg 225w\" sizes=\"auto, (max-width: 283px) 100vw, 283px\" \/><\/figure><\/li><li class=\"blocks-gallery-item\"><figure><img loading=\"lazy\" decoding=\"async\" width=\"283\" height=\"378\" src=\"https:\/\/www.tucomarca.com\/wordpress\/segunda\/wp-content\/uploads\/2020\/11\/02.jpg\" alt=\"\" data-id=\"120364\" data-link=\"https:\/\/www.tucomarca.com\/wordpress\/segunda\/?attachment_id=120364\" class=\"wp-image-120364\" srcset=\"https:\/\/www.tucomarca.com\/wordpress\/segunda\/wp-content\/uploads\/2020\/11\/02.jpg 283w, https:\/\/www.tucomarca.com\/wordpress\/segunda\/wp-content\/uploads\/2020\/11\/02-225x300.jpg 225w\" sizes=\"auto, (max-width: 283px) 100vw, 283px\" \/><\/figure><\/li><li class=\"blocks-gallery-item\"><figure><img loading=\"lazy\" decoding=\"async\" width=\"283\" height=\"378\" src=\"https:\/\/www.tucomarca.com\/wordpress\/segunda\/wp-content\/uploads\/2020\/11\/03.jpg\" alt=\"\" data-id=\"120366\" data-link=\"https:\/\/www.tucomarca.com\/wordpress\/segunda\/?attachment_id=120366\" class=\"wp-image-120366\" srcset=\"https:\/\/www.tucomarca.com\/wordpress\/segunda\/wp-content\/uploads\/2020\/11\/03.jpg 283w, https:\/\/www.tucomarca.com\/wordpress\/segunda\/wp-content\/uploads\/2020\/11\/03-225x300.jpg 225w\" sizes=\"auto, (max-width: 283px) 100vw, 283px\" \/><\/figure><\/li><li class=\"blocks-gallery-item\"><figure><img loading=\"lazy\" decoding=\"async\" width=\"283\" height=\"378\" src=\"https:\/\/www.tucomarca.com\/wordpress\/segunda\/wp-content\/uploads\/2020\/11\/04.jpg\" alt=\"\" data-id=\"120368\" data-link=\"https:\/\/www.tucomarca.com\/wordpress\/segunda\/?attachment_id=120368\" class=\"wp-image-120368\" srcset=\"https:\/\/www.tucomarca.com\/wordpress\/segunda\/wp-content\/uploads\/2020\/11\/04.jpg 283w, https:\/\/www.tucomarca.com\/wordpress\/segunda\/wp-content\/uploads\/2020\/11\/04-225x300.jpg 225w\" sizes=\"auto, (max-width: 283px) 100vw, 283px\" \/><\/figure><\/li><li class=\"blocks-gallery-item\"><figure><img loading=\"lazy\" decoding=\"async\" width=\"283\" height=\"378\" src=\"https:\/\/www.tucomarca.com\/wordpress\/segunda\/wp-content\/uploads\/2020\/11\/05.jpg\" alt=\"\" data-id=\"120370\" data-link=\"https:\/\/www.tucomarca.com\/wordpress\/segunda\/?attachment_id=120370\" class=\"wp-image-120370\" srcset=\"https:\/\/www.tucomarca.com\/wordpress\/segunda\/wp-content\/uploads\/2020\/11\/05.jpg 283w, https:\/\/www.tucomarca.com\/wordpress\/segunda\/wp-content\/uploads\/2020\/11\/05-225x300.jpg 225w\" sizes=\"auto, (max-width: 283px) 100vw, 283px\" \/><\/figure><\/li><li class=\"blocks-gallery-item\"><figure><img loading=\"lazy\" decoding=\"async\" width=\"283\" height=\"378\" src=\"https:\/\/www.tucomarca.com\/wordpress\/segunda\/wp-content\/uploads\/2020\/11\/06.jpg\" alt=\"\" data-id=\"120372\" data-link=\"https:\/\/www.tucomarca.com\/wordpress\/segunda\/?attachment_id=120372\" class=\"wp-image-120372\" srcset=\"https:\/\/www.tucomarca.com\/wordpress\/segunda\/wp-content\/uploads\/2020\/11\/06.jpg 283w, https:\/\/www.tucomarca.com\/wordpress\/segunda\/wp-content\/uploads\/2020\/11\/06-225x300.jpg 225w\" sizes=\"auto, (max-width: 283px) 100vw, 283px\" \/><\/figure><\/li><li class=\"blocks-gallery-item\"><figure><img loading=\"lazy\" decoding=\"async\" width=\"283\" height=\"378\" src=\"https:\/\/www.tucomarca.com\/wordpress\/segunda\/wp-content\/uploads\/2020\/11\/07.jpg\" alt=\"\" data-id=\"120374\" data-link=\"https:\/\/www.tucomarca.com\/wordpress\/segunda\/?attachment_id=120374\" class=\"wp-image-120374\" srcset=\"https:\/\/www.tucomarca.com\/wordpress\/segunda\/wp-content\/uploads\/2020\/11\/07.jpg 283w, https:\/\/www.tucomarca.com\/wordpress\/segunda\/wp-content\/uploads\/2020\/11\/07-225x300.jpg 225w\" sizes=\"auto, (max-width: 283px) 100vw, 283px\" \/><\/figure><\/li><li class=\"blocks-gallery-item\"><figure><img loading=\"lazy\" decoding=\"async\" width=\"283\" height=\"378\" src=\"https:\/\/www.tucomarca.com\/wordpress\/segunda\/wp-content\/uploads\/2020\/11\/08.jpg\" alt=\"\" data-id=\"120376\" data-link=\"https:\/\/www.tucomarca.com\/wordpress\/segunda\/?attachment_id=120376\" class=\"wp-image-120376\" srcset=\"https:\/\/www.tucomarca.com\/wordpress\/segunda\/wp-content\/uploads\/2020\/11\/08.jpg 283w, https:\/\/www.tucomarca.com\/wordpress\/segunda\/wp-content\/uploads\/2020\/11\/08-225x300.jpg 225w\" sizes=\"auto, (max-width: 283px) 100vw, 283px\" \/><\/figure><\/li><li class=\"blocks-gallery-item\"><figure><img loading=\"lazy\" decoding=\"async\" width=\"283\" height=\"378\" src=\"https:\/\/www.tucomarca.com\/wordpress\/segunda\/wp-content\/uploads\/2020\/11\/18-1.jpg\" alt=\"\" data-id=\"120404\" data-link=\"https:\/\/www.tucomarca.com\/wordpress\/segunda\/?attachment_id=120404\" class=\"wp-image-120404\" srcset=\"https:\/\/www.tucomarca.com\/wordpress\/segunda\/wp-content\/uploads\/2020\/11\/18-1.jpg 283w, https:\/\/www.tucomarca.com\/wordpress\/segunda\/wp-content\/uploads\/2020\/11\/18-1-225x300.jpg 225w\" sizes=\"auto, (max-width: 283px) 100vw, 283px\" \/><\/figure><\/li><li class=\"blocks-gallery-item\"><figure><img loading=\"lazy\" decoding=\"async\" width=\"283\" height=\"378\" src=\"https:\/\/www.tucomarca.com\/wordpress\/segunda\/wp-content\/uploads\/2020\/11\/09.jpg\" alt=\"\" data-id=\"120378\" data-link=\"https:\/\/www.tucomarca.com\/wordpress\/segunda\/?attachment_id=120378\" class=\"wp-image-120378\" srcset=\"https:\/\/www.tucomarca.com\/wordpress\/segunda\/wp-content\/uploads\/2020\/11\/09.jpg 283w, https:\/\/www.tucomarca.com\/wordpress\/segunda\/wp-content\/uploads\/2020\/11\/09-225x300.jpg 225w\" sizes=\"auto, (max-width: 283px) 100vw, 283px\" \/><\/figure><\/li><li class=\"blocks-gallery-item\"><figure><img loading=\"lazy\" decoding=\"async\" width=\"283\" height=\"378\" src=\"https:\/\/www.tucomarca.com\/wordpress\/segunda\/wp-content\/uploads\/2020\/11\/10.jpg\" alt=\"\" data-id=\"120380\" data-link=\"https:\/\/www.tucomarca.com\/wordpress\/segunda\/?attachment_id=120380\" class=\"wp-image-120380\" srcset=\"https:\/\/www.tucomarca.com\/wordpress\/segunda\/wp-content\/uploads\/2020\/11\/10.jpg 283w, https:\/\/www.tucomarca.com\/wordpress\/segunda\/wp-content\/uploads\/2020\/11\/10-225x300.jpg 225w\" sizes=\"auto, (max-width: 283px) 100vw, 283px\" \/><\/figure><\/li><li class=\"blocks-gallery-item\"><figure><img loading=\"lazy\" decoding=\"async\" width=\"283\" height=\"378\" src=\"https:\/\/www.tucomarca.com\/wordpress\/segunda\/wp-content\/uploads\/2020\/11\/11.jpg\" alt=\"\" data-id=\"120382\" data-link=\"https:\/\/www.tucomarca.com\/wordpress\/segunda\/?attachment_id=120382\" class=\"wp-image-120382\" srcset=\"https:\/\/www.tucomarca.com\/wordpress\/segunda\/wp-content\/uploads\/2020\/11\/11.jpg 283w, https:\/\/www.tucomarca.com\/wordpress\/segunda\/wp-content\/uploads\/2020\/11\/11-225x300.jpg 225w\" sizes=\"auto, (max-width: 283px) 100vw, 283px\" \/><\/figure><\/li><li class=\"blocks-gallery-item\"><figure><img loading=\"lazy\" decoding=\"async\" width=\"283\" height=\"378\" src=\"https:\/\/www.tucomarca.com\/wordpress\/segunda\/wp-content\/uploads\/2020\/11\/12.jpg\" alt=\"\" data-id=\"120384\" data-link=\"https:\/\/www.tucomarca.com\/wordpress\/segunda\/?attachment_id=120384\" class=\"wp-image-120384\" srcset=\"https:\/\/www.tucomarca.com\/wordpress\/segunda\/wp-content\/uploads\/2020\/11\/12.jpg 283w, https:\/\/www.tucomarca.com\/wordpress\/segunda\/wp-content\/uploads\/2020\/11\/12-225x300.jpg 225w\" sizes=\"auto, (max-width: 283px) 100vw, 283px\" \/><\/figure><\/li><li class=\"blocks-gallery-item\"><figure><img loading=\"lazy\" decoding=\"async\" width=\"283\" height=\"378\" src=\"https:\/\/www.tucomarca.com\/wordpress\/segunda\/wp-content\/uploads\/2020\/11\/13.jpg\" alt=\"\" data-id=\"120386\" data-link=\"https:\/\/www.tucomarca.com\/wordpress\/segunda\/?attachment_id=120386\" class=\"wp-image-120386\" srcset=\"https:\/\/www.tucomarca.com\/wordpress\/segunda\/wp-content\/uploads\/2020\/11\/13.jpg 283w, https:\/\/www.tucomarca.com\/wordpress\/segunda\/wp-content\/uploads\/2020\/11\/13-225x300.jpg 225w\" sizes=\"auto, (max-width: 283px) 100vw, 283px\" \/><\/figure><\/li><li class=\"blocks-gallery-item\"><figure><img loading=\"lazy\" decoding=\"async\" width=\"283\" height=\"378\" src=\"https:\/\/www.tucomarca.com\/wordpress\/segunda\/wp-content\/uploads\/2020\/11\/14.jpg\" alt=\"\" data-id=\"120388\" data-link=\"https:\/\/www.tucomarca.com\/wordpress\/segunda\/?attachment_id=120388\" class=\"wp-image-120388\" srcset=\"https:\/\/www.tucomarca.com\/wordpress\/segunda\/wp-content\/uploads\/2020\/11\/14.jpg 283w, https:\/\/www.tucomarca.com\/wordpress\/segunda\/wp-content\/uploads\/2020\/11\/14-225x300.jpg 225w\" sizes=\"auto, (max-width: 283px) 100vw, 283px\" \/><\/figure><\/li><li class=\"blocks-gallery-item\"><figure><img loading=\"lazy\" decoding=\"async\" width=\"283\" height=\"378\" src=\"https:\/\/www.tucomarca.com\/wordpress\/segunda\/wp-content\/uploads\/2020\/11\/15.jpg\" alt=\"\" data-id=\"120390\" data-link=\"https:\/\/www.tucomarca.com\/wordpress\/segunda\/?attachment_id=120390\" class=\"wp-image-120390\" srcset=\"https:\/\/www.tucomarca.com\/wordpress\/segunda\/wp-content\/uploads\/2020\/11\/15.jpg 283w, https:\/\/www.tucomarca.com\/wordpress\/segunda\/wp-content\/uploads\/2020\/11\/15-225x300.jpg 225w\" sizes=\"auto, (max-width: 283px) 100vw, 283px\" \/><\/figure><\/li><li class=\"blocks-gallery-item\"><figure><img loading=\"lazy\" decoding=\"async\" width=\"283\" height=\"378\" src=\"https:\/\/www.tucomarca.com\/wordpress\/segunda\/wp-content\/uploads\/2020\/11\/19.jpg\" alt=\"\" data-id=\"120408\" data-link=\"https:\/\/www.tucomarca.com\/wordpress\/segunda\/?attachment_id=120408\" class=\"wp-image-120408\" srcset=\"https:\/\/www.tucomarca.com\/wordpress\/segunda\/wp-content\/uploads\/2020\/11\/19.jpg 283w, https:\/\/www.tucomarca.com\/wordpress\/segunda\/wp-content\/uploads\/2020\/11\/19-225x300.jpg 225w\" sizes=\"auto, (max-width: 283px) 100vw, 283px\" \/><\/figure><\/li><li class=\"blocks-gallery-item\"><figure><img loading=\"lazy\" decoding=\"async\" width=\"283\" height=\"378\" src=\"https:\/\/www.tucomarca.com\/wordpress\/segunda\/wp-content\/uploads\/2020\/11\/16.jpg\" alt=\"\" data-id=\"120392\" data-link=\"https:\/\/www.tucomarca.com\/wordpress\/segunda\/?attachment_id=120392\" class=\"wp-image-120392\" srcset=\"https:\/\/www.tucomarca.com\/wordpress\/segunda\/wp-content\/uploads\/2020\/11\/16.jpg 283w, https:\/\/www.tucomarca.com\/wordpress\/segunda\/wp-content\/uploads\/2020\/11\/16-225x300.jpg 225w\" sizes=\"auto, (max-width: 283px) 100vw, 283px\" \/><\/figure><\/li><\/ul>\n\n\n\n<p>SERGIO CANO BENED\u00c9. Este joven de12 a\u00f1os escogi\u00f3 tocar la trompeta porque le gustaba su sonido. Tiene la suerte de compartir su ilusi\u00f3n por la m\u00fasica y por el litro con su hermana, que tambi\u00e9n es integrante de la banda sinf\u00f3nica desde hace 5 a\u00f1os. Sergio comenz\u00f3 sus estudios musicales con tan solo 6 a\u00f1os y actualmente cursa el primer a\u00f1o de conservatorio (1\u00ba de ense\u00f1anza profesional de m\u00fasica).&nbsp;<\/p>\n\n\n\n<p>GEN\u00c9 S\u00c1NCHEZ MORENO. 13 a\u00f1os. decidio estudiar saxof\u00f3n porque sus primos y t\u00edos han estudiado m\u00fasica y le hac\u00eda ilusi\u00f3n. Le hace ilusi\u00f3n poder tocar nueva m\u00fasica con nuevos compa\u00f1eros. Su madre canta en la coral polif\u00f3nica. Le gustaba mucho la din\u00e1mica de la escuela. 2\u00ba de conservatorio.&nbsp;<\/p>\n\n\n\n<p>\u00d3SCAR TAR\u00cdN L\u00d3PEZ. Este joven de 12 a\u00f1os lleg\u00f3 con la lecci\u00f3n aprendida. Decidi\u00f3 elegir la trompa porque estudi\u00f3 sonidos por la Tablet y el de la trompa fue el que m\u00e1s le gust\u00f3. Adem\u00e1s, tiene la suerte de compartir la afici\u00f3n por la m\u00fasica con su hermano que toca el tromb\u00f3n. Espera aprender m\u00e1s cosas de la m\u00fasica y disfrutar con sus compa\u00f1eros de la banda. En este momento, est\u00e1 cursando 1\u00ba de grado medio.&nbsp;<\/p>\n\n\n\n<p>BLANCA CAMBRES ESTEVE. 12 a\u00f1os. Decidi\u00f3 estudiar el clarinete porque quer\u00eda formar parte de una banda y le gust\u00f3 este instrumento. Blanca tiene una larga tradici\u00f3n familiar vinculada al mundo de la m\u00fasica: su abuelo Jes\u00fas fue integrante de la Banda Sinf\u00f3nica con la tuba; su padre, Antonio Cambres, toca la trompeta y todav\u00eda es integrante y m\u00fasico profesional de la Sinf\u00f3nica. Lo que m\u00e1s le ilusiona de esta nueva etapa que comienza son los conciertos y poder compartir la experiencia con los m\u00fasicos m\u00e1s mayores.&nbsp;<\/p>\n\n\n\n<p>SILVIA RAMOS MARZO. Tiene 12 a\u00f1os y su instrumento preferido cuando era peque\u00f1a era el clarinete, as\u00ed que no dud\u00f3 en elegirlo. Como muchos de sus compa\u00f1eros, tambi\u00e9n tiene a su prima, Martina, en la escuela de m\u00fasica Manuel Carrascosa. Lo que m\u00e1s ilusi\u00f3n le hace es conocer el ambiente de la banda y sentir la emoci\u00f3n del desfile del D\u00eda de El Litro. Cursa 2\u00ba de grado medio en el conservatorio.&nbsp;<\/p>\n\n\n\n<p>FIDIAS GALARZA ANDR\u00c9S. A Fidias lo que m\u00e1s le atrajo de su instrumento, el clarinete, era su sonido. \u00c9l se ha convertido en un referente para sus primas m\u00e1s peque\u00f1as, pues tambi\u00e9n forman parte de la escuela de m\u00fasica; sin embargo, el referente para \u00e9l fueron sus primas mayores, que ya son integrantes de la banda sinf\u00f3nica. Ahora, estudia 1\u00ba de ense\u00f1anza profesional de m\u00fasica en el conservatorio de San Rafael.&nbsp;<\/p>\n\n\n\n<p>MARTA P\u00c9REZ LAVILLA. Marta tiene 13 a\u00f1os y desde bien peque\u00f1ita sab\u00eda que quer\u00eda tocar la flauta. Eligi\u00f3 este instrumento por su sonido dulce, de hecho, lo que m\u00e1s ilusi\u00f3n le hac\u00eda era entrar en la Banda Sinf\u00f3nica para hacerla sonar en el Mano a Mano. El amor por la m\u00fasica corre por sus venas, ya que su t\u00edo Miguel fue m\u00fasico de la Banda Sinf\u00f3nica y su madre tambi\u00e9n estudi\u00f3 en la Escuela Manuel Carrascosa.&nbsp;<\/p>\n\n\n\n<p>LUCAS CARCHANO S\u00c1NCHEZ. 13 a\u00f1os. decidi\u00f3 estudiar el saxof\u00f3n porque sonaba muy dulce. Su hermana peque\u00f1a toca el clarinete en la banda juvenil. Le gusta tener una experiencia nueva de entrar en la banda sinf\u00f3nica a parte de la banda juvenil. Le gusta mucho practicar el instrumento. 1\u00ba conservatorio.&nbsp;<\/p>\n\n\n\n<p>JAIME LAMBIES HERN\u00c1NDEZ. 13 a\u00f1os. decidi\u00f3 tocar la percusi\u00f3n porque era el instrumento que tocaba su padre y de peque\u00f1o le gustaba mucho. El instrumento que m\u00e1s le gusta es las l\u00e1minas. Lo que m\u00e1s ilusi\u00f3n le hace es ir a los viajes con los m\u00fasicos y tocar en concierto grandes, como el mano a mano. Compagina la m\u00fasica con el f\u00fatbol. Y que comparte estar en la banda con su madre y padre. 2\u00ba conservatorio, profesor es su padre.&nbsp;<\/p>\n\n\n\n<p>\u00c1LEX MOR\u00c1N MEZQUIDA. 14 a\u00f1os. decidi\u00f3 estudiar el tromb\u00f3n porque le pareci\u00f3 un instrumento muy interesante y le gusta mucho. Su prima, Mar\u00eda, toca el violonchelo. Lo que m\u00e1s le gusta de la banda tocar en los concierto y el nerviosismo de antes de empezar un concierto. Lo que m\u00e1s le gustaba era lenguaje musical. No ha entrado conservatorio.&nbsp;<\/p>\n\n\n\n<p>ALBA NUEVALOS GARC\u00cdA. 15 a\u00f1os. decidi\u00f3 tocar el clarinete porque le llamaba mucho la atenci\u00f3n. Lo que m\u00e1s ilusi\u00f3n le hace es tocar en los pasacalles, pero, sobretodo, en el d\u00eda del litro. Le gusta el ambiente y conocer gente nueva. Lo que m\u00e1s le gustaba de la escuela de m\u00fasica eran las clases de clarinete.&nbsp;<\/p>\n\n\n\n<p>MAR\u00cdA VALENCIA TELLO. 13 a\u00f1os. decidi\u00f3 tocar el violonchelo porque su t\u00eda Carmen toca este mismo instrumento y a ella le gustaba. Lo que m\u00e1s ilusi\u00f3n le hace es compartir con su t\u00eda este momento. Le gusta del chelo su sonido y poder compartir la m\u00fasica con los dem\u00e1s. Lo que m\u00e1s le gusta es compartir los estudios de m\u00fasica con sus amigas. 2\u00ba de conservatorio.&nbsp;<\/p>\n\n\n\n<p>JOS\u00c9 LUIS COTOL\u00cd PALL\u00c1S. 13 a\u00f1os. Eligi\u00f3 tocar el oboe porque su madre lo tocaba en casa y le gustaba su sonido. Lo que m\u00e1s ilusi\u00f3n le hace es participar en los conciertos, ir a los cert\u00e1menes, si tuviera que elegir uno ser\u00eda ir a Kerkrade y ganarlo. Lo que m\u00e1s le gusta es que esta muy a gusto y ya conoce a la mayor\u00eda de la banda sobretodo con los de su edad, se lleva muy bien con la mayor\u00eda. 2\u00ba conservatorio.<\/p>\n\n\n\n<p>CLARA CARRASCOSA S\u00c1NCHEZ. 13 a\u00f1os. decidi\u00f3 estudiar la percusi\u00f3n, porque su t\u00edo, \u00d3scar, tocaba a percusi\u00f3n y le dej\u00f3 tocarla y le gust\u00f3. Forman parte de la banda sinf\u00f3nica su primar, Adriana y su hermano, Mat\u00edas. Adem\u00e1s, su bisabuelo Mat\u00edas tambi\u00e9n fue m\u00fasico con el clarinete. Ilusi\u00f3n por entrar en la banda, hacer nuevos&nbsp;amigos y aprender a tocar otras cosas. 2\u00ba conservatorio.&nbsp;<\/p>\n\n\n\n<p>MARTA CARRASCOSA M\u00c1\u00d1EZ. 13 a\u00f1os.Al principio iba a tocar el clarinete pero cuando fue Arnaldo a ense\u00f1arles los instrumentos le encant\u00f3 el sonido de la misma y decidi\u00f3 tocarla. Haber superado todos estoy a\u00f1os no haberse cansado entrar a su propia banda que es el litro y que la vean desfilando. Le gustar\u00eda mucho participar en un certamen y en el mano a mano. Disfruta de las clases de trompa y lenguaje musical para poder aprender m\u00e1s. 2\u00ba conservatorio&nbsp;<\/p>\n\n\n\n<p>GORKA NUEVALOS GARC\u00cdA. 11 a\u00f1os. decidi\u00f3 tocar la trompa porque le gustaba su sonido. Le gusta mucho la m\u00fasica, se pasa el d\u00eda cantando. Lo que m\u00e1s le gusta es poder participar en el mano a mano. Lo que m\u00e1s le gustaba de la escuela de m\u00fasica eran las clases de trompa.&nbsp;<\/p>\n\n\n\n<p>ADRI\u00c1N FERN\u00c1NDEZ LAMB\u00cdES. 12 a\u00f1os. Adri\u00e1n es un joven con las ideas claras, pues, cuando era peque\u00f1o, prob\u00f3 la trompeta y le gust\u00f3 tanto que enseguida supo que ser\u00eda su instrumento. Le ilusiona poder hacer sonar su trompeta para los dem\u00e1s dentro de una agrupaci\u00f3n tan importante como es El Litro. Actualmente, estudia el primer curso del conservatorio.<\/p>\n\n\n\n<p>\u00c1LVARO HERRERO MASMANO. 12 a\u00f1os. decidi\u00f3 estudiar la trompa que no era ni muy grave ni muy agudo y le gustaba el sonido. Su madre toca la flauta en la banda sinf\u00f3nica y Fernando, que toca el clarinete. Le gustaba mucho dar clases de trompa en la escuela de m\u00fasica. Que puede tocar con su madre y su padrastro y tambi\u00e9n que se siente m\u00e1s mayor. Le hace ilusi\u00f3n mejorar al lado de su profesor, Agustina. 1\u00ba conservatorio.<\/p>\n\n\n\n<p>GORKA ZAN\u00d3N PARDO. 12 a\u00f1os. desde peque\u00f1o ten\u00eda claro que quer\u00eda estudiar trompeta. Su hermano, Sergio, toca la trompa. Lo que m\u00e1s ilusi\u00f3n le hace es poder tocar con los m\u00e1s mayores. Son una familia con gran tradici\u00f3n litrera. Lo que m\u00e1s le gustaba de la escuela era ir a la banda juvenil. 1\u00ba conservatorio.&nbsp;<\/p>\n\n\n\n<p>LUIS BLANCO VILLENA. 13 a\u00f1os. decidi\u00f3 tocar la flauta porque era un instrumento que hab\u00eda disponible aunque quer\u00eda tocar el saxof\u00f3n, pero ahora le gusta mucho la flauta, lo que m\u00e1s le gusta de ella es su sonido y que tiene muchos variantes. Su hermano mayor toca e clarinete en la banda y tu hermano peque\u00f1o estudia clarinete. Le hace ilusi\u00f3n entrar a la banda porque ha visto los conciertos, le gustan, conocer\u00e1 a gente nueva y cree que se lo va a pasar muy bien. 2\u00ba de conservatorio.&nbsp;<\/p>\n\n\n\n<p>AQUILES MORENO SERRANO. 12 a\u00f1os. Fue el contrabajo el que m\u00e1s le llamo la atenci\u00f3n por lo grande y por el sonido. Ha decidido entrar a la orquesta para poder apoyar a sus compa\u00f1eros. Le gusta poder tocar con otros compa\u00f1eros. El concierto en el que m\u00e1s le gustar\u00eda participar es el de navidad. Lo que m\u00e1s le ha gustado del litro han sido los profesores. Socializar con los compa\u00f1eros.&nbsp;<\/p>\n","protected":false},"excerpt":{"rendered":"<div class=\"mh-excerpt\">El CIM \u00abLa Arm\u00f3nica\u00bb de Bu\u00f1ol ha presentado a los 20 j\u00f3venes m\u00fasicos de su escuela de m\u00fasica que se incorporaron a la Banda Sinf\u00f3nica y la Orquesta en el concierto de Santa Cecilia, celebrado <a class=\"mh-excerpt-more\" href=\"https:\/\/www.tucomarca.com\/wordpress\/segunda\/fotogaleria-el-cim-la-armonica-de-bunol-da-la-bienvenida-a-sus-nuevos-musicos-por-santa-cecilia\/\" title=\"Fotogaler\u00eda: El CIM \u00abLa Arm\u00f3nica\u00bb de Bu\u00f1ol da la bienvenida a sus nuevos m\u00fasicos por Santa Cecilia\">[+] <\/a><\/div>\n","protected":false},"author":12,"featured_media":120355,"comment_status":"open","ping_status":"open","sticky":false,"template":"","format":"gallery","meta":{"footnotes":""},"categories":[18,66,8,10,7,3,45],"tags":[10563,9469,528],"class_list":{"0":"post-120342","1":"post","2":"type-post","3":"status-publish","4":"format-gallery","5":"has-post-thumbnail","7":"category-bunol","8":"category-musica","9":"category-la-comarca","10":"category-la-hoya","11":"category-ocio-y-cultura","12":"category-seccion","13":"category-ventana","14":"tag-cim-la-armonica-de-bunol","15":"tag-nuevos-musicos","16":"tag-santa-cecilia","17":"post_format-post-format-gallery"},"_links":{"self":[{"href":"https:\/\/www.tucomarca.com\/wordpress\/segunda\/wp-json\/wp\/v2\/posts\/120342","targetHints":{"allow":["GET"]}}],"collection":[{"href":"https:\/\/www.tucomarca.com\/wordpress\/segunda\/wp-json\/wp\/v2\/posts"}],"about":[{"href":"https:\/\/www.tucomarca.com\/wordpress\/segunda\/wp-json\/wp\/v2\/types\/post"}],"author":[{"embeddable":true,"href":"https:\/\/www.tucomarca.com\/wordpress\/segunda\/wp-json\/wp\/v2\/users\/12"}],"replies":[{"embeddable":true,"href":"https:\/\/www.tucomarca.com\/wordpress\/segunda\/wp-json\/wp\/v2\/comments?post=120342"}],"version-history":[{"count":0,"href":"https:\/\/www.tucomarca.com\/wordpress\/segunda\/wp-json\/wp\/v2\/posts\/120342\/revisions"}],"wp:featuredmedia":[{"embeddable":true,"href":"https:\/\/www.tucomarca.com\/wordpress\/segunda\/wp-json\/wp\/v2\/media\/120355"}],"wp:attachment":[{"href":"https:\/\/www.tucomarca.com\/wordpress\/segunda\/wp-json\/wp\/v2\/media?parent=120342"}],"wp:term":[{"taxonomy":"category","embeddable":true,"href":"https:\/\/www.tucomarca.com\/wordpress\/segunda\/wp-json\/wp\/v2\/categories?post=120342"},{"taxonomy":"post_tag","embeddable":true,"href":"https:\/\/www.tucomarca.com\/wordpress\/segunda\/wp-json\/wp\/v2\/tags?post=120342"}],"curies":[{"name":"wp","href":"https:\/\/api.w.org\/{rel}","templated":true}]}}