{"id":120429,"date":"2020-11-27T08:00:58","date_gmt":"2020-11-27T07:00:58","guid":{"rendered":"http:\/\/www.tucomarca.com\/wordpress\/segunda\/?p=120429"},"modified":"2020-11-27T20:36:22","modified_gmt":"2020-11-27T19:36:22","slug":"teatro-y-mucha-musica-en-bunol-este-fin-de-semana-bajo-el-lema-la-cultura-es-segura","status":"publish","type":"post","link":"https:\/\/www.tucomarca.com\/wordpress\/segunda\/teatro-y-mucha-musica-en-bunol-este-fin-de-semana-bajo-el-lema-la-cultura-es-segura\/","title":{"rendered":"Teatro y mucha m\u00fasica en Bu\u00f1ol este fin de semana bajo el lema \u201cla Cultura es segura\u201d"},"content":{"rendered":"\n<h4 class=\"wp-block-heading\">La obra reivindicativa \u201cLas Peladas\u201d, un concierto de jazz, otro de m\u00fasica cl\u00e1sica y otro de rock garantizan un fin de semana \u00fanico y de calidad en diferentes enclaves de Bu\u00f1ol y siempre siguiendo medidas anti-Covid19.<\/h4>\n\n\n\n<p>Juan Luis Pall\u00e1s, concejal de Cultura del Ayuntamiento de Bu\u00f1ol, informa una semana m\u00e1s del conjunto de actividades culturales que centran la atenci\u00f3n este fin de semana en la localidad, siempre siguiendo todas las medidas anti-Covid19 porque la cultura es segura y contamos con excelentes ubicaciones amplias, espaciosas, \u201cque permiten guardar las distancias y disfrutar de excelentes tipos de m\u00fasica, reflejo de nuestra idiosincrasia, de nuestra raz\u00f3n de ser\u201d.<\/p>\n\n\n\n<p>Este viernes 27 de noviembre en el Teatro Montecarlo de Bu\u00f1ol se va a representar la obra de teatro \u201cLas Peladas\u201d. Es una obra producida por <em>Las Ansiadas Producciones, <\/em>y supone un homenaje a las mujeres que fueron rapadas de cabeza y cejas, paseadas desnudas por los pueblos y obligadas a tomar aceite de ricino, en el mejor de los casos, por ser esposas, madres o hijas de presuntos rojos.<\/p>\n\n\n\n<p>Todos los que deseen asistir pueden comprar su entrada anticipada en Kiosko Desy, Modas Marina, Droguer\u00eda La Plaza y Biblioteca Municipal a 10\u20ac. En taquilla ser\u00e1n a 12\u20ac. El aforo del teatro est\u00e1 limitado a 300 personas. Esta obra es un viaje de ida y vuelta entre dos mundos paralelos separados en el tiempo y unidos en la memoria. Es una mirada tierna a la vejez y lo que conlleva cuando llega y no se la ve venir.<\/p>\n\n\n\n<p>El s\u00e1bado a las 19h arranca el proyecto \u201cMontecarlo es Cultura\u201d con la presentaci\u00f3n del disco \u201cNo me vayas a enga\u00f1ar\u201d del saxofonista Leandro Perpi\u00f1\u00e1n y el pianista en la velada&nbsp; titulada \u201cNo me vayas a enga\u00f1ar\u201d. Tambi\u00e9n contar\u00e1 con la actuaci\u00f3n de JAT Jazz Quartet. Este acto est\u00e1 organizado por la Sociedad Musical La Art\u00edstica de Bu\u00f1ol.<\/p>\n\n\n\n<p>Con aforo limitado y cumpliendo con las medidas de seguridad que requiere la situaci\u00f3n actual, el Teatro Montecarlo de Bu\u00f1ol acoger\u00e1 esta velada de jazz \u00fanica para la cual ya est\u00e1n a la venta las entradas de manera anticipada. Con un precio de 8\u20ac, 6\u20ac para los socios de La Art\u00edstica, las entradas ya est\u00e1n a la venta en la Secretar\u00eda de la Sociedad Musical La Art\u00edstica y a trav\u00e9s del correo electr\u00f3nico <a href=\"mailto:comunicacion@laartistica.org\">comunicacion@laartistica.org<\/a>.<\/p>\n\n\n\n<p>Adem\u00e1s, el domingo nos esperan dos grandes conciertos de tem\u00e1ticas musicales completamente diferentes. A las 12h en la Sala del Oscurico del Castillo de Bu\u00f1ol tendr\u00e1 lugar un concierto llamado \u201cKomorebi\u201d a cargo del Cuarteto Senalag, llamado \u201cla luz que se filtra a trav\u00e9s de las hojas de un \u00e1rbol\u201d. La entrada es gratuita, el aforo es limitado. Para asistir a este concierto hay que inscribirse en la Biblioteca P\u00fablica Municipal de la localidad. El programa que se escuchar\u00e1 sera: \u201cIn the mood for love\u201d &#8211;&nbsp; Yumeji\u2019s Theme de Shigeru Umebayashi; despu\u00e9s String Quartet N\u00ba3 \u201cMishima\u201d de Philip Glass; seguidamente \u201cEl Castillo en el cielo\u201d de Joe Hisaishi; en cuarto lugar se escuchar\u00e1 \u201cLegend of Zelda Medley\u201d de Koji Kondo (arr. Gareth Millshap) y por \u00faltimo, \u201cMore than love\u201d de Yoyo Chen. Los int\u00e9rpretes de Senalag son: Trinidad Gal\u00e1n Parra (viol\u00edn), Mar\u00eda Gal\u00e1n Parra (viol\u00edn), Alicia Ramada Balaguer (viola) y Clara Dols Garc\u00eda (violonchelo). Este acto est\u00e1 organizado por la Concejal\u00eda de Cultura de Bu\u00f1ol.<\/p>\n\n\n\n<p>Y a las 18h en el Palacio de la M\u00fasica de la localidad Frank Sailor presentar\u00e1 su \u00faltimo disco: \u201cAc\u00fastico\u201d. A un precio de 5 \u20ac, el aforo estar\u00e1 limitado. Las entradas est\u00e1n a la venta en la Biblioteca Municipal. &nbsp;El Ayuntamiento recuerda que este evento est\u00e1 organizado por la Concejal\u00eda de Juventud de Bu\u00f1ol.<\/p>\n\n\n\n<ul class=\"wp-block-gallery columns-2 is-cropped wp-block-gallery-1 is-layout-flex wp-block-gallery-is-layout-flex\"><li class=\"blocks-gallery-item\"><figure><img loading=\"lazy\" decoding=\"async\" width=\"724\" height=\"1024\" src=\"https:\/\/www.tucomarca.com\/wordpress\/segunda\/wp-content\/uploads\/2020\/11\/Jazz-724x1024.jpg\" alt=\"\" data-id=\"120433\" data-link=\"https:\/\/www.tucomarca.com\/wordpress\/segunda\/?attachment_id=120433\" class=\"wp-image-120433\" srcset=\"https:\/\/www.tucomarca.com\/wordpress\/segunda\/wp-content\/uploads\/2020\/11\/Jazz-724x1024.jpg 724w, https:\/\/www.tucomarca.com\/wordpress\/segunda\/wp-content\/uploads\/2020\/11\/Jazz-212x300.jpg 212w, https:\/\/www.tucomarca.com\/wordpress\/segunda\/wp-content\/uploads\/2020\/11\/Jazz-768x1086.jpg 768w, https:\/\/www.tucomarca.com\/wordpress\/segunda\/wp-content\/uploads\/2020\/11\/Jazz.jpg 787w\" sizes=\"auto, (max-width: 724px) 100vw, 724px\" \/><\/figure><\/li><li class=\"blocks-gallery-item\"><figure><img loading=\"lazy\" decoding=\"async\" width=\"787\" height=\"578\" src=\"https:\/\/www.tucomarca.com\/wordpress\/segunda\/wp-content\/uploads\/2020\/11\/senalag.jpg\" alt=\"\" data-id=\"120435\" data-link=\"https:\/\/www.tucomarca.com\/wordpress\/segunda\/?attachment_id=120435\" class=\"wp-image-120435\" srcset=\"https:\/\/www.tucomarca.com\/wordpress\/segunda\/wp-content\/uploads\/2020\/11\/senalag.jpg 787w, https:\/\/www.tucomarca.com\/wordpress\/segunda\/wp-content\/uploads\/2020\/11\/senalag-300x220.jpg 300w, https:\/\/www.tucomarca.com\/wordpress\/segunda\/wp-content\/uploads\/2020\/11\/senalag-768x564.jpg 768w, https:\/\/www.tucomarca.com\/wordpress\/segunda\/wp-content\/uploads\/2020\/11\/senalag-80x60.jpg 80w\" sizes=\"auto, (max-width: 787px) 100vw, 787px\" \/><\/figure><\/li><\/ul>\n","protected":false},"excerpt":{"rendered":"<div class=\"mh-excerpt\">La obra reivindicativa \u201cLas Peladas\u201d, un concierto de jazz, otro de m\u00fasica cl\u00e1sica y otro de rock garantizan un fin de semana \u00fanico y de calidad en diferentes enclaves de Bu\u00f1ol y siempre siguiendo medidas <a class=\"mh-excerpt-more\" href=\"https:\/\/www.tucomarca.com\/wordpress\/segunda\/teatro-y-mucha-musica-en-bunol-este-fin-de-semana-bajo-el-lema-la-cultura-es-segura\/\" title=\"Teatro y mucha m\u00fasica en Bu\u00f1ol este fin de semana bajo el lema \u201cla Cultura es segura\u201d\">[+] <\/a><\/div>\n","protected":false},"author":12,"featured_media":120431,"comment_status":"open","ping_status":"open","sticky":false,"template":"","format":"standard","meta":{"footnotes":""},"categories":[18,12201,8,10,7,3],"tags":[10385,13123,5952],"class_list":{"0":"post-120429","1":"post","2":"type-post","3":"status-publish","4":"format-standard","5":"has-post-thumbnail","7":"category-bunol","8":"category-covid-19","9":"category-la-comarca","10":"category-la-hoya","11":"category-ocio-y-cultura","12":"category-seccion","13":"tag-bunol","14":"tag-la-cultura-es-segura","15":"tag-la-hoya-de-bunol-chiva"},"_links":{"self":[{"href":"https:\/\/www.tucomarca.com\/wordpress\/segunda\/wp-json\/wp\/v2\/posts\/120429","targetHints":{"allow":["GET"]}}],"collection":[{"href":"https:\/\/www.tucomarca.com\/wordpress\/segunda\/wp-json\/wp\/v2\/posts"}],"about":[{"href":"https:\/\/www.tucomarca.com\/wordpress\/segunda\/wp-json\/wp\/v2\/types\/post"}],"author":[{"embeddable":true,"href":"https:\/\/www.tucomarca.com\/wordpress\/segunda\/wp-json\/wp\/v2\/users\/12"}],"replies":[{"embeddable":true,"href":"https:\/\/www.tucomarca.com\/wordpress\/segunda\/wp-json\/wp\/v2\/comments?post=120429"}],"version-history":[{"count":0,"href":"https:\/\/www.tucomarca.com\/wordpress\/segunda\/wp-json\/wp\/v2\/posts\/120429\/revisions"}],"wp:featuredmedia":[{"embeddable":true,"href":"https:\/\/www.tucomarca.com\/wordpress\/segunda\/wp-json\/wp\/v2\/media\/120431"}],"wp:attachment":[{"href":"https:\/\/www.tucomarca.com\/wordpress\/segunda\/wp-json\/wp\/v2\/media?parent=120429"}],"wp:term":[{"taxonomy":"category","embeddable":true,"href":"https:\/\/www.tucomarca.com\/wordpress\/segunda\/wp-json\/wp\/v2\/categories?post=120429"},{"taxonomy":"post_tag","embeddable":true,"href":"https:\/\/www.tucomarca.com\/wordpress\/segunda\/wp-json\/wp\/v2\/tags?post=120429"}],"curies":[{"name":"wp","href":"https:\/\/api.w.org\/{rel}","templated":true}]}}