{"id":12043,"date":"2013-03-05T14:21:39","date_gmt":"2013-03-05T13:21:39","guid":{"rendered":"http:\/\/www.tucomarca.com\/wordpress\/segunda\/?p=12043"},"modified":"2013-03-05T14:21:39","modified_gmt":"2013-03-05T13:21:39","slug":"ugt-alerta-sobre-la-intencion-del-ministro-gallardon-de-privatizar-el-registro-civil","status":"publish","type":"post","link":"https:\/\/www.tucomarca.com\/wordpress\/segunda\/ugt-alerta-sobre-la-intencion-del-ministro-gallardon-de-privatizar-el-registro-civil\/","title":{"rendered":"UGT alerta sobre la intenci\u00f3n del ministro Gallard\u00f3n de privatizar el Registro Civil"},"content":{"rendered":"<p>El sindicato Uni\u00f3n General de Trabajadores ha pedido la colaboraci\u00f3n vecinal para evitar la privatizaci\u00f3n del Registro Civil, un registro que es p\u00fablico desde el a\u00f1o 1870. Como se informa, \u00abla legislaci\u00f3n hipotecaria que aprob\u00f3 el propio Mariano Rajoy siendo Ministro de Administraciones P\u00fablicas del Gobierno Aznar, legitim\u00f3 la posibilidad de que un Diputado o un Ministro pueda seguir siendo titular del Registro de la Propiedad teniendo a un compa\u00f1ero que le \u201clleva\u201d el Registro mientras \u00e9l est\u00e1 en la pol\u00edtica. Adem\u00e1s, Rajoy mantiene la plaza como registrador en Santa Pola, que le ha procurado unos 20 millones de euros (m\u00e1s de tres mil trescientos millones de pesetas\u00bb.<\/p>\n<p>La UGT recuerda que el Presidente del Gobierno, dos de sus hermanos y la nuera de Gallard\u00f3n son Registradores de la Propiedad \u00aby que el lobby registral de los hermanos Rajoy ya hab\u00eda reclamado al anterior Gobierno la entrega de la gesti\u00f3n del Registro Civil de forma que ese servicio p\u00fablico pasara a ser otro negocio privado de explotaci\u00f3n comercial de los registradores de la propiedad. A d\u00eda de hoy, el n\u00famero de Registradores de la Propiedad de toda Espa\u00f1a no llega a 800, prestan un servicio p\u00fablico en r\u00e9gimen de monopolio y perciben sus retribuciones directamente de los usuarios privados o p\u00fablicos, el beneficio industrial de los registradores en cada uno de sus registros es del 60% y que con la asunci\u00f3n del Registro Civil, las ganancias es- timadas a repartir entre 800 registradores de la propiedad se acercar\u00eda a los 180 millones de euros m\u00e1s al a\u00f1o. En toda Europa, los registradores son asalariados del Estado.<\/p>\n","protected":false},"excerpt":{"rendered":"<div class=\"mh-excerpt\">El sindicato Uni\u00f3n General de Trabajadores ha pedido la colaboraci\u00f3n vecinal para evitar la privatizaci\u00f3n del Registro Civil, un registro que es p\u00fablico desde el a\u00f1o 1870. Como se informa, \u00abla legislaci\u00f3n hipotecaria que aprob\u00f3 <a class=\"mh-excerpt-more\" href=\"https:\/\/www.tucomarca.com\/wordpress\/segunda\/ugt-alerta-sobre-la-intencion-del-ministro-gallardon-de-privatizar-el-registro-civil\/\" title=\"UGT alerta sobre la intenci\u00f3n del ministro Gallard\u00f3n de privatizar el Registro Civil\">[+] <\/a><\/div>\n","protected":false},"author":2,"featured_media":0,"comment_status":"open","ping_status":"open","sticky":false,"template":"","format":"standard","meta":{"footnotes":""},"categories":[8,72,3],"tags":[740,739,738],"class_list":{"0":"post-12043","1":"post","2":"type-post","3":"status-publish","4":"format-standard","6":"category-la-comarca","7":"category-sin-categorizar","8":"category-seccion","9":"tag-gallardon","10":"tag-registro-civil","11":"tag-ugt"},"_links":{"self":[{"href":"https:\/\/www.tucomarca.com\/wordpress\/segunda\/wp-json\/wp\/v2\/posts\/12043","targetHints":{"allow":["GET"]}}],"collection":[{"href":"https:\/\/www.tucomarca.com\/wordpress\/segunda\/wp-json\/wp\/v2\/posts"}],"about":[{"href":"https:\/\/www.tucomarca.com\/wordpress\/segunda\/wp-json\/wp\/v2\/types\/post"}],"author":[{"embeddable":true,"href":"https:\/\/www.tucomarca.com\/wordpress\/segunda\/wp-json\/wp\/v2\/users\/2"}],"replies":[{"embeddable":true,"href":"https:\/\/www.tucomarca.com\/wordpress\/segunda\/wp-json\/wp\/v2\/comments?post=12043"}],"version-history":[{"count":0,"href":"https:\/\/www.tucomarca.com\/wordpress\/segunda\/wp-json\/wp\/v2\/posts\/12043\/revisions"}],"wp:attachment":[{"href":"https:\/\/www.tucomarca.com\/wordpress\/segunda\/wp-json\/wp\/v2\/media?parent=12043"}],"wp:term":[{"taxonomy":"category","embeddable":true,"href":"https:\/\/www.tucomarca.com\/wordpress\/segunda\/wp-json\/wp\/v2\/categories?post=12043"},{"taxonomy":"post_tag","embeddable":true,"href":"https:\/\/www.tucomarca.com\/wordpress\/segunda\/wp-json\/wp\/v2\/tags?post=12043"}],"curies":[{"name":"wp","href":"https:\/\/api.w.org\/{rel}","templated":true}]}}