{"id":120461,"date":"2020-11-27T06:55:16","date_gmt":"2020-11-27T05:55:16","guid":{"rendered":"http:\/\/www.tucomarca.com\/wordpress\/segunda\/?p=120461"},"modified":"2020-11-28T13:19:30","modified_gmt":"2020-11-28T12:19:30","slug":"ava-asaja-valora-la-rectificacion-de-consumo-de-subir-el-iva-al-zumo-de-naranja-ante-las-criticas-del-sector","status":"publish","type":"post","link":"https:\/\/www.tucomarca.com\/wordpress\/segunda\/ava-asaja-valora-la-rectificacion-de-consumo-de-subir-el-iva-al-zumo-de-naranja-ante-las-criticas-del-sector\/","title":{"rendered":"AVA-Asaja valora la rectificaci\u00f3n de Consumo de subir el IVA al zumo de naranja ante las cr\u00edticas del sector"},"content":{"rendered":"\n<p>La Asociaci\u00f3n Valenciana de Agricultores (AVA-ASAJA) valora de manera positiva el compromiso que el ministro de Consumo, Alberto Garz\u00f3n, ha transmitido a la Regi\u00f3n de Murcia de excluir el zumo de naranja, as\u00ed como el resto de zumos y n\u00e9ctares de frutas sin az\u00facares a\u00f1adidos, de la inminente subida del IVA, del 10 al 21%, a las bebidas azucaradas y edulcoradas.<\/p>\n\n\n\n<p>El consejero de Agricultura de Murcia, Antonio Luengo, comunic\u00f3 ayer a las asociaciones vinculadas al sector de los zumos y n\u00e9ctares el compromiso obtenido del ministro Garz\u00f3n, el cual supone, a juicio de AVA-ASAJA, \u201cuna rectificaci\u00f3n justa ante las cr\u00edticas del campo que evita tanto un golpe a la imagen saludable de este icono de la dieta mediterr\u00e1nea como un impacto econ\u00f3mico al conjunto del sector citr\u00edcola\u201d.<\/p>\n\n\n\n<p>La asociaci\u00f3n, que considerar\u00eda esta subida del IVA al zumo de naranja un \u201caut\u00e9ntico desprop\u00f3sito\u201d, solicita al ministro de Consumo que confirme cuanto antes y de manera oficial la exclusi\u00f3n de los zumos y n\u00e9ctares sin az\u00facares a\u00f1adidos de la aplicaci\u00f3n del m\u00e1ximo impuesto del IVA.<\/p>\n\n\n\n<p>El presidente de AVA-ASAJA, Crist\u00f3bal Aguado, concluye que \u201cel af\u00e1n recaudatorio del Gobierno central est\u00e1 resultando desmedido y no debe caer en la incoherencia de gravar con m\u00e1s impuestos productos como el zumo de naranja cuya ingesta es recomendada por sus excepcionales cualidades. Aunque este paso atr\u00e1s es una buena noticia, tenemos otros muchos ejemplos de impuestos, sanciones y criminalizaciones que las administraciones est\u00e1n ejerciendo sobre la actividad empresarial y agraria. Nuestra clase pol\u00edtica ha de dejar de poner trabas y hacer m\u00e1s hincapi\u00e9 en la recuperaci\u00f3n econ\u00f3mica, sobre todo con la crisis sanitaria que atravesamos, y ello pasa necesariamente por aplicar m\u00e1s est\u00edmulos e incentivos\u201d concluye Aguado. Informa, <strong>Luis Ib\u00e1\u00f1ez.<\/strong><\/p>\n","protected":false},"excerpt":{"rendered":"<div class=\"mh-excerpt\">La Asociaci\u00f3n Valenciana de Agricultores (AVA-ASAJA) valora de manera positiva el compromiso que el ministro de Consumo, Alberto Garz\u00f3n, ha transmitido a la Regi\u00f3n de Murcia de excluir el zumo de naranja, as\u00ed como el <a class=\"mh-excerpt-more\" href=\"https:\/\/www.tucomarca.com\/wordpress\/segunda\/ava-asaja-valora-la-rectificacion-de-consumo-de-subir-el-iva-al-zumo-de-naranja-ante-las-criticas-del-sector\/\" title=\"AVA-Asaja valora la rectificaci\u00f3n de Consumo de subir el IVA al zumo de naranja ante las cr\u00edticas del sector\">[+] <\/a><\/div>\n","protected":false},"author":12,"featured_media":120464,"comment_status":"open","ping_status":"open","sticky":false,"template":"","format":"standard","meta":{"footnotes":""},"categories":[169,8,72,10,42,3,45],"tags":[328,13129,13128],"class_list":{"0":"post-120461","1":"post","2":"type-post","3":"status-publish","4":"format-standard","5":"has-post-thumbnail","7":"category-agricultura-la-comarca","8":"category-la-comarca","9":"category-sin-categorizar","10":"category-la-hoya","11":"category-la-ribera","12":"category-seccion","13":"category-ventana","14":"tag-ava-asaja","15":"tag-sector-citricola","16":"tag-zumo-de-naranja"},"_links":{"self":[{"href":"https:\/\/www.tucomarca.com\/wordpress\/segunda\/wp-json\/wp\/v2\/posts\/120461","targetHints":{"allow":["GET"]}}],"collection":[{"href":"https:\/\/www.tucomarca.com\/wordpress\/segunda\/wp-json\/wp\/v2\/posts"}],"about":[{"href":"https:\/\/www.tucomarca.com\/wordpress\/segunda\/wp-json\/wp\/v2\/types\/post"}],"author":[{"embeddable":true,"href":"https:\/\/www.tucomarca.com\/wordpress\/segunda\/wp-json\/wp\/v2\/users\/12"}],"replies":[{"embeddable":true,"href":"https:\/\/www.tucomarca.com\/wordpress\/segunda\/wp-json\/wp\/v2\/comments?post=120461"}],"version-history":[{"count":0,"href":"https:\/\/www.tucomarca.com\/wordpress\/segunda\/wp-json\/wp\/v2\/posts\/120461\/revisions"}],"wp:featuredmedia":[{"embeddable":true,"href":"https:\/\/www.tucomarca.com\/wordpress\/segunda\/wp-json\/wp\/v2\/media\/120464"}],"wp:attachment":[{"href":"https:\/\/www.tucomarca.com\/wordpress\/segunda\/wp-json\/wp\/v2\/media?parent=120461"}],"wp:term":[{"taxonomy":"category","embeddable":true,"href":"https:\/\/www.tucomarca.com\/wordpress\/segunda\/wp-json\/wp\/v2\/categories?post=120461"},{"taxonomy":"post_tag","embeddable":true,"href":"https:\/\/www.tucomarca.com\/wordpress\/segunda\/wp-json\/wp\/v2\/tags?post=120461"}],"curies":[{"name":"wp","href":"https:\/\/api.w.org\/{rel}","templated":true}]}}