{"id":120468,"date":"2020-11-27T22:20:53","date_gmt":"2020-11-27T21:20:53","guid":{"rendered":"http:\/\/www.tucomarca.com\/wordpress\/segunda\/?p=120468"},"modified":"2020-11-28T13:27:42","modified_gmt":"2020-11-28T12:27:42","slug":"el-ayuntamiento-de-cheste-publica-el-listado-provisional-de-comercios-beneficiarios-de-las-ayudas-para-paliar-los-efectos-de-la-pandemia","status":"publish","type":"post","link":"https:\/\/www.tucomarca.com\/wordpress\/segunda\/el-ayuntamiento-de-cheste-publica-el-listado-provisional-de-comercios-beneficiarios-de-las-ayudas-para-paliar-los-efectos-de-la-pandemia\/","title":{"rendered":"El Ayuntamiento de Cheste publica el listado provisional de comercios beneficiarios de las ayudas para paliar los efectos de la pandemia"},"content":{"rendered":"\n<h4 class=\"wp-block-heading\"><strong>Desde el 26 de noviembre, se abre un per\u00edodo de alegaciones por plazo de 10 d\u00edas y el pago de las ayudas se har\u00e1 efectivo a finales de diciembre<\/strong><\/h4>\n\n\n\n<p>El Ayuntamiento ha publicado la resoluci\u00f3n provisional de empresas beneficiarias de las ayudas que el Ayuntamiento convoc\u00f3 el pasado mes de septiembre con la finalidad de paliar la p\u00e9rdida de ingresos a causa del estado de alarma. Por un lado, se convoc\u00f3 una l\u00ednea de subvenci\u00f3n destinada a los comercios que tuvieron que cerrar, por importe de 1.600 euros. Adem\u00e1s, los negocios locales que disminuyeron sus ganancias a causa de la crisis sanitaria han podido optar a ayudas de 800 y 500 euros, en funci\u00f3n de la cuant\u00eda de las p\u00e9rdidas.<\/p>\n\n\n\n<p>El listado provisional de solicitudes admitidas y excluidas ya se puede consultar en la web municipal y en la sede electr\u00f3nica del Ayuntamiento (cheste.sedelectronica.es). Desde hoy, 26 de noviembre, se abre un per\u00edodo de alegaciones por plazo de 10 d\u00edas, tras los cuales se publicar\u00e1 el listado definitivo. El pago se har\u00e1 efectivo antes de finalizar el a\u00f1o.<\/p>\n\n\n\n<p>\u00abLas ayudas a la reapertura se van a conceder al 99% de los solicitantes y, en el caso de la l\u00ednea por p\u00e9rdida de ingresos, a cerca de la mitad, ya que se han presentado numerosas solicitudes que no cumpl\u00edan los requisitos\u201d, ha explicado el alcalde, Jos\u00e9 Morell. \u201cAdem\u00e1s, el Ayuntamiento est\u00e1 estudiando una nueva convocatoria para abarcar a establecimientos que no hayan sido beneficiarios esta ocasi\u00f3n\u201d.<\/p>\n\n\n\n<p>Estas ayudas se enmarcan en el Plan Reactiva Cheste, pactado por todos los grupos pol\u00edticos con representaci\u00f3n en el Consistorio, que contempla diferentes medidas para la reactivaci\u00f3n econ\u00f3mica de la localidad.<\/p>\n","protected":false},"excerpt":{"rendered":"<div class=\"mh-excerpt\">Desde el 26 de noviembre, se abre un per\u00edodo de alegaciones por plazo de 10 d\u00edas y el pago de las ayudas se har\u00e1 efectivo a finales de diciembre El Ayuntamiento ha publicado la resoluci\u00f3n <a class=\"mh-excerpt-more\" href=\"https:\/\/www.tucomarca.com\/wordpress\/segunda\/el-ayuntamiento-de-cheste-publica-el-listado-provisional-de-comercios-beneficiarios-de-las-ayudas-para-paliar-los-efectos-de-la-pandemia\/\" title=\"El Ayuntamiento de Cheste publica el listado provisional de comercios beneficiarios de las ayudas para paliar los efectos de la pandemia\">[+] <\/a><\/div>\n","protected":false},"author":12,"featured_media":89186,"comment_status":"open","ping_status":"open","sticky":false,"template":"","format":"standard","meta":{"footnotes":""},"categories":[17,12201,128,8,10,142,3],"tags":[13102,339,11937,11938,5952,13132],"class_list":{"0":"post-120468","1":"post","2":"type-post","3":"status-publish","4":"format-standard","5":"has-post-thumbnail","7":"category-cheste","8":"category-covid-19","9":"category-infraestructuras","10":"category-la-comarca","11":"category-la-hoya","12":"category-politica-la-comarca","13":"category-seccion","14":"tag-ayudas-al-comercio","15":"tag-cheste-2","16":"tag-coronavirus","17":"tag-covid-19","18":"tag-la-hoya-de-bunol-chiva","19":"tag-pandemia"},"_links":{"self":[{"href":"https:\/\/www.tucomarca.com\/wordpress\/segunda\/wp-json\/wp\/v2\/posts\/120468","targetHints":{"allow":["GET"]}}],"collection":[{"href":"https:\/\/www.tucomarca.com\/wordpress\/segunda\/wp-json\/wp\/v2\/posts"}],"about":[{"href":"https:\/\/www.tucomarca.com\/wordpress\/segunda\/wp-json\/wp\/v2\/types\/post"}],"author":[{"embeddable":true,"href":"https:\/\/www.tucomarca.com\/wordpress\/segunda\/wp-json\/wp\/v2\/users\/12"}],"replies":[{"embeddable":true,"href":"https:\/\/www.tucomarca.com\/wordpress\/segunda\/wp-json\/wp\/v2\/comments?post=120468"}],"version-history":[{"count":0,"href":"https:\/\/www.tucomarca.com\/wordpress\/segunda\/wp-json\/wp\/v2\/posts\/120468\/revisions"}],"wp:featuredmedia":[{"embeddable":true,"href":"https:\/\/www.tucomarca.com\/wordpress\/segunda\/wp-json\/wp\/v2\/media\/89186"}],"wp:attachment":[{"href":"https:\/\/www.tucomarca.com\/wordpress\/segunda\/wp-json\/wp\/v2\/media?parent=120468"}],"wp:term":[{"taxonomy":"category","embeddable":true,"href":"https:\/\/www.tucomarca.com\/wordpress\/segunda\/wp-json\/wp\/v2\/categories?post=120468"},{"taxonomy":"post_tag","embeddable":true,"href":"https:\/\/www.tucomarca.com\/wordpress\/segunda\/wp-json\/wp\/v2\/tags?post=120468"}],"curies":[{"name":"wp","href":"https:\/\/api.w.org\/{rel}","templated":true}]}}