{"id":12048,"date":"2013-03-05T14:20:43","date_gmt":"2013-03-05T13:20:43","guid":{"rendered":"http:\/\/www.tucomarca.com\/wordpress\/segunda\/?p=12048"},"modified":"2013-03-05T14:20:43","modified_gmt":"2013-03-05T13:20:43","slug":"los-alcaldes-de-la-hoya-muestran-su-disconformidad-por-la-reduccion-del-servicio-de-ambulancia-al-director-general-de-asistencia-sanitaria","status":"publish","type":"post","link":"https:\/\/www.tucomarca.com\/wordpress\/segunda\/los-alcaldes-de-la-hoya-muestran-su-disconformidad-por-la-reduccion-del-servicio-de-ambulancia-al-director-general-de-asistencia-sanitaria\/","title":{"rendered":"Los alcaldes de La Hoya muestran su disconformidad por la reducci\u00f3n del servicio de ambulancia al Director General de Asistencia Sanitaria"},"content":{"rendered":"<p>Los alcaldes Rafael Lisarde (Y\u00e1tova); Miguel Pinach (Alborache); David Dom\u00e9nech (Cheste); Jos\u00e9 Manuel Haro (Chiva); M\u00aa Jos\u00e9 Casero (Macastre); el portavoz del PP de Bu\u00f1ol, Marcial D\u00edaz; y la Presidenta comarcal del Partido Popular en La Hoya, Sagrario S\u00e1nchez, se han reunido en la ma\u00f1ana de este martes con el Director General de Asistencia Sanitaria, Guillermo Ferr\u00e1n, a quien han expresado su disconformidad con la reducci\u00f3n de 24 a 12 horas el servicio de la ambulancia ubicada en Bu\u00f1ol.<\/p>\n<p>Como ha explicado la diputada y presidenta del PP en La Hoya, Sagrario S\u00e1nchez, los responsables del Consell se han comprometido \u00aba estudiar la posibilidad de restablecer el servicio las 24 horas del d\u00eda\u00bb, por lo que la negociaci\u00f3n sigue a d\u00eda de hoy abierta con los responables del \u00e1rea de Sanidad.<\/p>\n<p>\u00abEn el Partido Popular hemos decidido trabajar de forma constructiva y reunirnos con los responsables de decidir sobre el servicio, algo que no se ha hecho en Ayuntamientos como el de Bu\u00f1ol, desde el que se est\u00e1 haciendo un uso pol\u00edtico del asunto. A nosotros, lo que nos preocupa por encima de todo es la cuesti\u00f3n sanitaria, de ah\u00ed que vayamos a seguir negociando sobre el asunto\u00bb, ha precisado la presidenta comarcal de los populares.<\/p>\n<p>Seg\u00fan se ha explicado a este semanario, esta situaci\u00f3n ha derivado del proceso abierto de negociaci\u00f3n en la concesi\u00f3n del servicio, \u00abpor lo que es aqu\u00ed donde tiene que determinarse la prestaci\u00f3n de servicios\u00bb, afiman desde el PP.<\/p>\n","protected":false},"excerpt":{"rendered":"<div class=\"mh-excerpt\">Los alcaldes Rafael Lisarde (Y\u00e1tova); Miguel Pinach (Alborache); David Dom\u00e9nech (Cheste); Jos\u00e9 Manuel Haro (Chiva); M\u00aa Jos\u00e9 Casero (Macastre); el portavoz del PP de Bu\u00f1ol, Marcial D\u00edaz; y la Presidenta comarcal del Partido Popular en <a class=\"mh-excerpt-more\" href=\"https:\/\/www.tucomarca.com\/wordpress\/segunda\/los-alcaldes-de-la-hoya-muestran-su-disconformidad-por-la-reduccion-del-servicio-de-ambulancia-al-director-general-de-asistencia-sanitaria\/\" title=\"Los alcaldes de La Hoya muestran su disconformidad por la reducci\u00f3n del servicio de ambulancia al Director General de Asistencia Sanitaria\">[+] <\/a><\/div>\n","protected":false},"author":2,"featured_media":0,"comment_status":"open","ping_status":"open","sticky":false,"template":"","format":"standard","meta":{"footnotes":""},"categories":[19,18,17,16,8,10,13,3,11],"tags":[],"class_list":{"0":"post-12048","1":"post","2":"type-post","3":"status-publish","4":"format-standard","6":"category-alborache","7":"category-bunol","8":"category-cheste","9":"category-chiva","10":"category-la-comarca","11":"category-la-hoya","12":"category-macastre","13":"category-seccion","14":"category-yatova"},"_links":{"self":[{"href":"https:\/\/www.tucomarca.com\/wordpress\/segunda\/wp-json\/wp\/v2\/posts\/12048","targetHints":{"allow":["GET"]}}],"collection":[{"href":"https:\/\/www.tucomarca.com\/wordpress\/segunda\/wp-json\/wp\/v2\/posts"}],"about":[{"href":"https:\/\/www.tucomarca.com\/wordpress\/segunda\/wp-json\/wp\/v2\/types\/post"}],"author":[{"embeddable":true,"href":"https:\/\/www.tucomarca.com\/wordpress\/segunda\/wp-json\/wp\/v2\/users\/2"}],"replies":[{"embeddable":true,"href":"https:\/\/www.tucomarca.com\/wordpress\/segunda\/wp-json\/wp\/v2\/comments?post=12048"}],"version-history":[{"count":0,"href":"https:\/\/www.tucomarca.com\/wordpress\/segunda\/wp-json\/wp\/v2\/posts\/12048\/revisions"}],"wp:attachment":[{"href":"https:\/\/www.tucomarca.com\/wordpress\/segunda\/wp-json\/wp\/v2\/media?parent=12048"}],"wp:term":[{"taxonomy":"category","embeddable":true,"href":"https:\/\/www.tucomarca.com\/wordpress\/segunda\/wp-json\/wp\/v2\/categories?post=12048"},{"taxonomy":"post_tag","embeddable":true,"href":"https:\/\/www.tucomarca.com\/wordpress\/segunda\/wp-json\/wp\/v2\/tags?post=12048"}],"curies":[{"name":"wp","href":"https:\/\/api.w.org\/{rel}","templated":true}]}}