{"id":120480,"date":"2020-11-27T12:00:03","date_gmt":"2020-11-27T11:00:03","guid":{"rendered":"http:\/\/www.tucomarca.com\/wordpress\/segunda\/?p=120480"},"modified":"2020-11-28T13:21:59","modified_gmt":"2020-11-28T12:21:59","slug":"la-variedad-de-uva-bobal-produce-excelentes-tintos-y-rosados","status":"publish","type":"post","link":"https:\/\/www.tucomarca.com\/wordpress\/segunda\/la-variedad-de-uva-bobal-produce-excelentes-tintos-y-rosados\/","title":{"rendered":"La variedad de uva Bobal produce excelentes tintos y rosados"},"content":{"rendered":"\n<p>La variedad de uva Bobal es la estrella de la Denominaci\u00f3n de Origen Utiel-Requena. Esta uva aut\u00f3ctona ocupa el 75% de la superficie total del vi\u00f1edo, y se adapta perfectamente a su clima y territorio.<\/p>\n\n\n\n<p>La variedad bobal es muy importante en la DO Utiel-Requena no solo por la superficie que ocupa, sino tambi\u00e9n por su potencial en\u00f3logico, ya que en los \u00faltimos a\u00f1os, las bodegas han realizado grandes avances en la elaboraci\u00f3n y cultivo de esta variedad. Como resultado, est\u00e1n saliendo al mercado nuevos vinos con unas cualidades organol\u00e9pticas extraordinarias que transmiten a la perfecci\u00f3n el car\u00e1cter y la personalidad de la DO Utiel-Requena.<\/p>\n\n\n\n<p>Destacan los rosados de Bobal, con una gran intensidad y franqueza de aromas a frutas rojas y un color rosa atractivo, con reflejos viol\u00e1ceos intensos y vivos. En boca alcanzan un aut\u00e9ntico equilibrio aportando gran frescura y plenitud al paladar. Son vinos muy armoniosos, t\u00edpicos de la Denominaci\u00f3n de Origen.<\/p>\n\n\n\n<p>En cuanto a los tintos de Bobal, son peculiares por su potente estructura y volumen, armonizados con sensaciones en boca y nariz muy originales que recuerdan la fruta madura matizada por el cuero, los&nbsp; frutos secos, el regaliz y las especias. Son vinos con personalidad propia que identifican a la D.O. Utiel-Requena. El color del bobal se caracteriza por su alta intensidad y capacidad para conservarla a lo largo del tiempo. Los tintos j\u00f3venes suelen ser de capa alta, con ribetes morados muy vistosos. El paso del tiempo los convierte en tintos vivos que recuerdan la cereza madura, siendo muy lenta su evoluci\u00f3n hacia los tonos marrones. Informa, <strong>Luis Ib\u00e1\u00f1ez.<\/strong><br><\/p>\n","protected":false},"excerpt":{"rendered":"<div class=\"mh-excerpt\">La variedad de uva Bobal es la estrella de la Denominaci\u00f3n de Origen Utiel-Requena. Esta uva aut\u00f3ctona ocupa el 75% de la superficie total del vi\u00f1edo, y se adapta perfectamente a su clima y territorio. <a class=\"mh-excerpt-more\" href=\"https:\/\/www.tucomarca.com\/wordpress\/segunda\/la-variedad-de-uva-bobal-produce-excelentes-tintos-y-rosados\/\" title=\"La variedad de uva Bobal produce excelentes tintos y rosados\">[+] <\/a><\/div>\n","protected":false},"author":12,"featured_media":120481,"comment_status":"open","ping_status":"open","sticky":false,"template":"","format":"standard","meta":{"footnotes":""},"categories":[169,112,236,113,37,138,139,8,111,7,28,27,140,3,235,29,234,120],"tags":[6168,11667,10388,10389],"class_list":{"0":"post-120480","1":"post","2":"type-post","3":"status-publish","4":"format-standard","5":"has-post-thumbnail","7":"category-agricultura-la-comarca","8":"category-campo-arcis","9":"category-camporrobles","10":"category-vinos","11":"category-caudete","12":"category-chera","13":"category-fuenterrobles","14":"category-la-comarca","15":"category-las-cuevas","16":"category-ocio-y-cultura","17":"category-requena","18":"category-requena-utiel","19":"category-san-antonio","20":"category-seccion","21":"category-sinarcas","22":"category-utiel","23":"category-venta-del-moro","24":"category-villargordo-del-cabriel","25":"tag-bobal","26":"tag-d-o-utiel-requena","27":"tag-requena","28":"tag-utiel"},"_links":{"self":[{"href":"https:\/\/www.tucomarca.com\/wordpress\/segunda\/wp-json\/wp\/v2\/posts\/120480","targetHints":{"allow":["GET"]}}],"collection":[{"href":"https:\/\/www.tucomarca.com\/wordpress\/segunda\/wp-json\/wp\/v2\/posts"}],"about":[{"href":"https:\/\/www.tucomarca.com\/wordpress\/segunda\/wp-json\/wp\/v2\/types\/post"}],"author":[{"embeddable":true,"href":"https:\/\/www.tucomarca.com\/wordpress\/segunda\/wp-json\/wp\/v2\/users\/12"}],"replies":[{"embeddable":true,"href":"https:\/\/www.tucomarca.com\/wordpress\/segunda\/wp-json\/wp\/v2\/comments?post=120480"}],"version-history":[{"count":0,"href":"https:\/\/www.tucomarca.com\/wordpress\/segunda\/wp-json\/wp\/v2\/posts\/120480\/revisions"}],"wp:featuredmedia":[{"embeddable":true,"href":"https:\/\/www.tucomarca.com\/wordpress\/segunda\/wp-json\/wp\/v2\/media\/120481"}],"wp:attachment":[{"href":"https:\/\/www.tucomarca.com\/wordpress\/segunda\/wp-json\/wp\/v2\/media?parent=120480"}],"wp:term":[{"taxonomy":"category","embeddable":true,"href":"https:\/\/www.tucomarca.com\/wordpress\/segunda\/wp-json\/wp\/v2\/categories?post=120480"},{"taxonomy":"post_tag","embeddable":true,"href":"https:\/\/www.tucomarca.com\/wordpress\/segunda\/wp-json\/wp\/v2\/tags?post=120480"}],"curies":[{"name":"wp","href":"https:\/\/api.w.org\/{rel}","templated":true}]}}