{"id":12050,"date":"2013-03-05T14:20:25","date_gmt":"2013-03-05T13:20:25","guid":{"rendered":"http:\/\/www.tucomarca.com\/wordpress\/segunda\/?p=12050"},"modified":"2013-03-05T14:20:25","modified_gmt":"2013-03-05T13:20:25","slug":"el-alcalde-de-bunol-y-el-edil-de-sanidad-comunican-al-director-general-de-asistencia-sanitaria-que-no-van-a-ser-complices-de-los-recortes-en-vidas-humanas","status":"publish","type":"post","link":"https:\/\/www.tucomarca.com\/wordpress\/segunda\/el-alcalde-de-bunol-y-el-edil-de-sanidad-comunican-al-director-general-de-asistencia-sanitaria-que-no-van-a-ser-complices-de-los-recortes-en-vidas-humanas\/","title":{"rendered":"El alcalde de Bu\u00f1ol y el edil de Sanidad comunican al Director General de Asistencia Sanitaria que no van a ser \u00abc\u00f3mplices de los recortes en vidas humanas\u00bb"},"content":{"rendered":"<p>Joaqu\u00edn Masmano, alcalde de Bu\u00f1ol; y Rafael P\u00e9rez, concejal de Sanidad en la citada poblaci\u00f3n, se reun\u00edan esta ma\u00f1ana de martes con el Director General de Asistencia Sanitaria, Guillermo Ferr\u00e1n, a quien le han trasladado su total \u00aboposici\u00f3n\u00bb  a que se elimine o reduzca el servicio de la ambulancia, \u00abpues esta acci\u00f3n supone claramente un recorte en vidas humanas, algo que no vamos a consentir\u00bb, seg\u00fan han dicho.<\/p>\n<p>\u00abSi la pasada semana se nos dijo que el servicio se iba a eliminar, ahora se ha confirmado que se prestar\u00e1 s\u00f3lo durante 12 horas. En este punto, nos hemos negado a ser c\u00f3mplices de esta decicisi\u00f3n y hemos anunciado que vamos a dar batalla hasta el final. Ha sido una reuni\u00f3n bastante tensa en la que hemos sido inflexibles, ya que sus argumentos son bastante flojos\u00bb, han precisado los responsables del consistorio de Bu\u00f1ol.<\/p>\n<p>Hecha esta puntualizaci\u00f3n, el concejal de Sanidad de Bu\u00f1ol ha explicado que en este contacto no han estado presentes los alcaldes de la comarca y el portavoz del PP de Bu\u00f1ol, \u00abpues \u00e9stos se han reunido por otra parte\u00bb.<\/p>\n<p>\u00abNo han querido que estuvi\u00e9ramos presentes a pesar de que fuimos nosotros quienes los citamos a esta reuni\u00f3n. Al dejarnos fuera se han portado como aut\u00e9nticos guarros, tanto los alcaldes como los responsables de la oposici\u00f3n de Bu\u00f1ol. No lo entendemos. Creo que lo han hecho porque no quer\u00edan que esuvi\u00e9ramos presentes, pues desde el Consell se quiere que los gobiernos de la comarca seamos c\u00f3mplices de la situaci\u00f3n. Aqu\u00ed, hay que explicar que a nosotros se nos ha pedido que no alarm\u00e1ramos a la ciudadan\u00eda y se nos ha llegado a decir c\u00f3mo transmitir el tema a los vecinos y c\u00f3mo argumentar los recortes\u00bb, ha puntualizado Rafa P\u00e9rez.<\/p>\n<p>Esta misma tarde, tanto el alcalde como el concejal explcar\u00e1n en un acto p\u00fablico convocado en el sal\u00f3n de plenos del consistorio \u00abtodo lo acontecido en esta reuni\u00f3n\u00bb. La cita est\u00e1 prevista a las 19,00 horas.<\/p>\n","protected":false},"excerpt":{"rendered":"<div class=\"mh-excerpt\">Joaqu\u00edn Masmano, alcalde de Bu\u00f1ol; y Rafael P\u00e9rez, concejal de Sanidad en la citada poblaci\u00f3n, se reun\u00edan esta ma\u00f1ana de martes con el Director General de Asistencia Sanitaria, Guillermo Ferr\u00e1n, a quien le han trasladado <a class=\"mh-excerpt-more\" href=\"https:\/\/www.tucomarca.com\/wordpress\/segunda\/el-alcalde-de-bunol-y-el-edil-de-sanidad-comunican-al-director-general-de-asistencia-sanitaria-que-no-van-a-ser-complices-de-los-recortes-en-vidas-humanas\/\" title=\"El alcalde de Bu\u00f1ol y el edil de Sanidad comunican al Director General de Asistencia Sanitaria que no van a ser \u00abc\u00f3mplices de los recortes en vidas humanas\u00bb\">[+] <\/a><\/div>\n","protected":false},"author":2,"featured_media":0,"comment_status":"open","ping_status":"open","sticky":false,"template":"","format":"standard","meta":{"footnotes":""},"categories":[18,8,10,3],"tags":[],"class_list":{"0":"post-12050","1":"post","2":"type-post","3":"status-publish","4":"format-standard","6":"category-bunol","7":"category-la-comarca","8":"category-la-hoya","9":"category-seccion"},"_links":{"self":[{"href":"https:\/\/www.tucomarca.com\/wordpress\/segunda\/wp-json\/wp\/v2\/posts\/12050","targetHints":{"allow":["GET"]}}],"collection":[{"href":"https:\/\/www.tucomarca.com\/wordpress\/segunda\/wp-json\/wp\/v2\/posts"}],"about":[{"href":"https:\/\/www.tucomarca.com\/wordpress\/segunda\/wp-json\/wp\/v2\/types\/post"}],"author":[{"embeddable":true,"href":"https:\/\/www.tucomarca.com\/wordpress\/segunda\/wp-json\/wp\/v2\/users\/2"}],"replies":[{"embeddable":true,"href":"https:\/\/www.tucomarca.com\/wordpress\/segunda\/wp-json\/wp\/v2\/comments?post=12050"}],"version-history":[{"count":0,"href":"https:\/\/www.tucomarca.com\/wordpress\/segunda\/wp-json\/wp\/v2\/posts\/12050\/revisions"}],"wp:attachment":[{"href":"https:\/\/www.tucomarca.com\/wordpress\/segunda\/wp-json\/wp\/v2\/media?parent=12050"}],"wp:term":[{"taxonomy":"category","embeddable":true,"href":"https:\/\/www.tucomarca.com\/wordpress\/segunda\/wp-json\/wp\/v2\/categories?post=12050"},{"taxonomy":"post_tag","embeddable":true,"href":"https:\/\/www.tucomarca.com\/wordpress\/segunda\/wp-json\/wp\/v2\/tags?post=12050"}],"curies":[{"name":"wp","href":"https:\/\/api.w.org\/{rel}","templated":true}]}}