{"id":120507,"date":"2020-11-28T09:20:12","date_gmt":"2020-11-28T08:20:12","guid":{"rendered":"http:\/\/www.tucomarca.com\/wordpress\/segunda\/?p=120507"},"modified":"2020-11-28T13:35:50","modified_gmt":"2020-11-28T12:35:50","slug":"en-cheste-la-recogida-de-basura-de-los-contenedores-grises-se-hara-diariamente-a-partir-de-diciembre","status":"publish","type":"post","link":"https:\/\/www.tucomarca.com\/wordpress\/segunda\/en-cheste-la-recogida-de-basura-de-los-contenedores-grises-se-hara-diariamente-a-partir-de-diciembre\/","title":{"rendered":"En Cheste la recogida de basura de los contenedores grises se har\u00e1 diariamente a partir de diciembre"},"content":{"rendered":"\n<p>El servicio municipal de recogida de residuos s\u00f3lidos urbanos (RSU), que se realiza a trav\u00e9s de los contenedores grises de la poblaci\u00f3n, pasar\u00e1 a realizarse todos los d\u00edas de la semana a partir del pr\u00f3ximo 1 de diciembre, sumando un d\u00eda m\u00e1s a la periodicidad actual.&nbsp;<\/p>\n\n\n\n<p>Desde la concejal\u00eda de Servicios se insiste a la poblaci\u00f3n en que los contenedores grises solo deben contener residuos s\u00f3lidos urbanos no reciclables, como el polvo de barrer, las maquinillas desechables o los pa\u00f1ales, que se depositar\u00e1n siempre en bolsa cerradas. El resto de basura deber\u00e1 desecharse en los contenedores correspondientes seg\u00fan sean envases ligeros, papel y cart\u00f3n o vidrio.&nbsp;<\/p>\n\n\n\n<p>\u201cHemos decidido mejorar la recogida de basuras, aumentando el servicio a los 7 d\u00edas de la semana en el caso de los contenedores grises y encargando la recogida selectiva a la Ecoembes a partir de 2021. Adem\u00e1s, pr\u00f3ximamente anunciaremos el sistema que vamos a implantar en para la recogida de los residuos org\u00e1nicos\u201d, ha declarado el concejal de Servicios, Jos\u00e9 Vicente Guijarro.<\/p>\n\n\n\n<p><strong>Concienciaci\u00f3n ciudadana<\/strong><\/p>\n\n\n\n<p>Desde la concejal\u00eda de Servicios se insiste en la necesidad de tener un comportamiento c\u00edvico para mantener limpio el municipio evitando arrojar basura a la v\u00eda p\u00fablica, separando los residuos dom\u00e9sticos y deposit\u00e1ndolos en el contenedor correspondiente, as\u00ed como llevando a ecoparque los trastos y enseres o llamando al Ayuntamiento para solicitar el servicio de recogida a domicilio. \u201cSi no colaboramos todos y todas el municipio no se mantendr\u00e1 limpio\u201d, ha apuntado Guijarro.<\/p>\n","protected":false},"excerpt":{"rendered":"<div class=\"mh-excerpt\">El servicio municipal de recogida de residuos s\u00f3lidos urbanos (RSU), que se realiza a trav\u00e9s de los contenedores grises de la poblaci\u00f3n, pasar\u00e1 a realizarse todos los d\u00edas de la semana a partir del pr\u00f3ximo <a class=\"mh-excerpt-more\" href=\"https:\/\/www.tucomarca.com\/wordpress\/segunda\/en-cheste-la-recogida-de-basura-de-los-contenedores-grises-se-hara-diariamente-a-partir-de-diciembre\/\" title=\"En Cheste la recogida de basura de los contenedores grises se har\u00e1 diariamente a partir de diciembre\">[+] <\/a><\/div>\n","protected":false},"author":12,"featured_media":105303,"comment_status":"open","ping_status":"open","sticky":false,"template":"","format":"standard","meta":{"footnotes":""},"categories":[17,128,8,10,117,3],"tags":[339,5952,1067],"class_list":{"0":"post-120507","1":"post","2":"type-post","3":"status-publish","4":"format-standard","5":"has-post-thumbnail","7":"category-cheste","8":"category-infraestructuras","9":"category-la-comarca","10":"category-la-hoya","11":"category-medio-ambiente-la-comarca","12":"category-seccion","13":"tag-cheste-2","14":"tag-la-hoya-de-bunol-chiva","15":"tag-reciclaje"},"_links":{"self":[{"href":"https:\/\/www.tucomarca.com\/wordpress\/segunda\/wp-json\/wp\/v2\/posts\/120507","targetHints":{"allow":["GET"]}}],"collection":[{"href":"https:\/\/www.tucomarca.com\/wordpress\/segunda\/wp-json\/wp\/v2\/posts"}],"about":[{"href":"https:\/\/www.tucomarca.com\/wordpress\/segunda\/wp-json\/wp\/v2\/types\/post"}],"author":[{"embeddable":true,"href":"https:\/\/www.tucomarca.com\/wordpress\/segunda\/wp-json\/wp\/v2\/users\/12"}],"replies":[{"embeddable":true,"href":"https:\/\/www.tucomarca.com\/wordpress\/segunda\/wp-json\/wp\/v2\/comments?post=120507"}],"version-history":[{"count":0,"href":"https:\/\/www.tucomarca.com\/wordpress\/segunda\/wp-json\/wp\/v2\/posts\/120507\/revisions"}],"wp:featuredmedia":[{"embeddable":true,"href":"https:\/\/www.tucomarca.com\/wordpress\/segunda\/wp-json\/wp\/v2\/media\/105303"}],"wp:attachment":[{"href":"https:\/\/www.tucomarca.com\/wordpress\/segunda\/wp-json\/wp\/v2\/media?parent=120507"}],"wp:term":[{"taxonomy":"category","embeddable":true,"href":"https:\/\/www.tucomarca.com\/wordpress\/segunda\/wp-json\/wp\/v2\/categories?post=120507"},{"taxonomy":"post_tag","embeddable":true,"href":"https:\/\/www.tucomarca.com\/wordpress\/segunda\/wp-json\/wp\/v2\/tags?post=120507"}],"curies":[{"name":"wp","href":"https:\/\/api.w.org\/{rel}","templated":true}]}}