{"id":120557,"date":"2020-11-29T09:00:38","date_gmt":"2020-11-29T08:00:38","guid":{"rendered":"http:\/\/www.tucomarca.com\/wordpress\/segunda\/?p=120557"},"modified":"2020-11-29T17:15:35","modified_gmt":"2020-11-29T16:15:35","slug":"la-pobla-de-vallbona-aporta-7-casos-navarres-6-naquera-4-y-betera-3-a-los-1-201-ultimos-nuevos-casos-de-coronavirus-registrados-en-la-comunitat","status":"publish","type":"post","link":"https:\/\/www.tucomarca.com\/wordpress\/segunda\/la-pobla-de-vallbona-aporta-7-casos-navarres-6-naquera-4-y-betera-3-a-los-1-201-ultimos-nuevos-casos-de-coronavirus-registrados-en-la-comunitat\/","title":{"rendered":"La Pobla de Vallbona aporta 7 casos, Navarr\u00e9s 6, N\u00e1quera 4 y B\u00e9tera 3 a los 1.201 \u00faltimos nuevos casos de coronavirus registrados en la Comunitat"},"content":{"rendered":"\n<p>La Conselleria de Sanidad Universal y Salud P\u00fablica ha registrado 1.201 nuevos contagios de coronavirus confirmados por prueba PCR o prueba de ant\u00edgenos en la Comunitat Valenciana, que sit\u00faan la cifra total de positivos en 102.654 personas. Por provincias, la distribuci\u00f3n es la siguiente: 104 en Castell\u00f3n (11.535 en total), 394 en Alicante (35.124 en total) y 704 en la provincia de Valencia (54.791 en total). Adem\u00e1s, se han reasignado los 2 casos que estaban sin asignar.<\/p>\n\n\n\n<p>Por otro lado, los hospitales valencianos cuentan en estos momentos con 1.259 personas ingresadas: 122 en la provincia de Castell\u00f3n, con 26 pacientes en UCI; 391 personas en la de Alicante, con 99 en UCI; y 746 en la provincia de Valencia, de los cuales 157 se encuentran en la UCI.<\/p>\n\n\n\n<p><strong>Actualizaci\u00f3n brotes de coronavirus<\/strong><\/p>\n\n\n\n<p>Nuevos brotes: 16<\/p>\n\n\n\n<p>\u00b7 X\u00e0tiva: 8 casos. \u00c1mbito educativo<\/p>\n\n\n\n<p>\u00b7 Val\u00e8ncia: 7 casos. Origen social<\/p>\n\n\n\n<p>\u00b7 Sagunto: 4 casos. Origen social<\/p>\n\n\n\n<p>\u00b7 Alcoy: 4 casos. Origen social<\/p>\n\n\n\n<p>\u00b7 B\u00e9tera: 3 casos. Origen social&nbsp;<\/p>\n\n\n\n<p>\u00b7 Val\u00e8ncia: 3 casos. Origen social<\/p>\n\n\n\n<p>\u00b7 Val\u00e8ncia: 3 casos. Origen social<\/p>\n\n\n\n<p>\u00b7 Elda: 7 casos. Origen laboral<\/p>\n\n\n\n<p>\u00b7 Navarr\u00e9s: 6 casos. \u00c1mbito educativo<\/p>\n\n\n\n<p>\u00b7 Val\u00e8ncia: 6 casos. Origen social<\/p>\n\n\n\n<p>\u00b7 Pu\u00e7ol: 6 casos. Origen social<\/p>\n\n\n\n<p>\u00b7 Sedav\u00ed: 3 casos. Origen social<\/p>\n\n\n\n<p>\u00b7 Silla: 5 casos. Origen social<\/p>\n\n\n\n<p>\u00b7 N\u00e1quera: 4 casos. Origen social<\/p>\n\n\n\n<p>\u00b7 La Pobla de Vallbona: 7 casos. Origen social<\/p>\n\n\n\n<p>\u00b7 Val\u00e8ncia: 6 casos. \u00c1mbito social<\/p>\n","protected":false},"excerpt":{"rendered":"<div class=\"mh-excerpt\">La Conselleria de Sanidad Universal y Salud P\u00fablica ha registrado 1.201 nuevos contagios de coronavirus confirmados por prueba PCR o prueba de ant\u00edgenos en la Comunitat Valenciana, que sit\u00faan la cifra total de positivos en <a class=\"mh-excerpt-more\" href=\"https:\/\/www.tucomarca.com\/wordpress\/segunda\/la-pobla-de-vallbona-aporta-7-casos-navarres-6-naquera-4-y-betera-3-a-los-1-201-ultimos-nuevos-casos-de-coronavirus-registrados-en-la-comunitat\/\" title=\"La Pobla de Vallbona aporta 7 casos, Navarr\u00e9s 6, N\u00e1quera 4 y B\u00e9tera 3 a los 1.201 \u00faltimos nuevos casos de coronavirus registrados en la Comunitat\">[+] <\/a><\/div>\n","protected":false},"author":1,"featured_media":81289,"comment_status":"open","ping_status":"open","sticky":false,"template":"","format":"standard","meta":{"footnotes":""},"categories":[51,46,119,12201,128,70,8,72,174,117,180,270,142,3,116,45],"tags":[10395,11937,11938],"class_list":{"0":"post-120557","1":"post","2":"type-post","3":"status-publish","4":"format-standard","5":"has-post-thumbnail","7":"category-betera","8":"category-camp-de-turia","9":"category-sanidad-la-comarca","10":"category-covid-19","11":"category-infraestructuras","12":"category-la-canal-de-navarres","13":"category-la-comarca","14":"category-sin-categorizar","15":"category-la-pobla","16":"category-medio-ambiente-la-comarca","17":"category-naquera","18":"category-navarres","19":"category-politica-la-comarca","20":"category-seccion","21":"category-sucesos-la-comarca","22":"category-ventana","23":"tag-camp-de-turia","24":"tag-coronavirus","25":"tag-covid-19"},"_links":{"self":[{"href":"https:\/\/www.tucomarca.com\/wordpress\/segunda\/wp-json\/wp\/v2\/posts\/120557","targetHints":{"allow":["GET"]}}],"collection":[{"href":"https:\/\/www.tucomarca.com\/wordpress\/segunda\/wp-json\/wp\/v2\/posts"}],"about":[{"href":"https:\/\/www.tucomarca.com\/wordpress\/segunda\/wp-json\/wp\/v2\/types\/post"}],"author":[{"embeddable":true,"href":"https:\/\/www.tucomarca.com\/wordpress\/segunda\/wp-json\/wp\/v2\/users\/1"}],"replies":[{"embeddable":true,"href":"https:\/\/www.tucomarca.com\/wordpress\/segunda\/wp-json\/wp\/v2\/comments?post=120557"}],"version-history":[{"count":0,"href":"https:\/\/www.tucomarca.com\/wordpress\/segunda\/wp-json\/wp\/v2\/posts\/120557\/revisions"}],"wp:featuredmedia":[{"embeddable":true,"href":"https:\/\/www.tucomarca.com\/wordpress\/segunda\/wp-json\/wp\/v2\/media\/81289"}],"wp:attachment":[{"href":"https:\/\/www.tucomarca.com\/wordpress\/segunda\/wp-json\/wp\/v2\/media?parent=120557"}],"wp:term":[{"taxonomy":"category","embeddable":true,"href":"https:\/\/www.tucomarca.com\/wordpress\/segunda\/wp-json\/wp\/v2\/categories?post=120557"},{"taxonomy":"post_tag","embeddable":true,"href":"https:\/\/www.tucomarca.com\/wordpress\/segunda\/wp-json\/wp\/v2\/tags?post=120557"}],"curies":[{"name":"wp","href":"https:\/\/api.w.org\/{rel}","templated":true}]}}