{"id":12059,"date":"2013-03-05T14:23:06","date_gmt":"2013-03-05T13:23:06","guid":{"rendered":"http:\/\/www.tucomarca.com\/wordpress\/segunda\/?p=12059"},"modified":"2013-03-05T14:23:06","modified_gmt":"2013-03-05T13:23:06","slug":"el-psoe-de-la-hoya-celebra-en-cheste-el-dia-de-la-mujer-trabajadora","status":"publish","type":"post","link":"https:\/\/www.tucomarca.com\/wordpress\/segunda\/el-psoe-de-la-hoya-celebra-en-cheste-el-dia-de-la-mujer-trabajadora\/","title":{"rendered":"El PSOE de La Hoya celebra en Cheste el d\u00eda de la mujer trabajadora"},"content":{"rendered":"<div>El pr\u00f3ximo s\u00e1bado d\u00eda 9, los socialistas de la comarca de La Hoya de Bu\u00f1ol-Chiva celebran en Cheste el D\u00eda Internacional de la Mujer Trabajadora, con una jornada intercultural que lleva por t\u00edtulo \u00abLa Mujer en el Mundo\u00bb.<\/div>\n<div><\/div>\n<div>Asociaciones y colectivos de diferentes pa\u00edses participar\u00e1n en este encuentro en el que dar\u00e1n a conocer su cultura, sus tradiciones y la situaci\u00f3n de las mujeres en cada uno de ellos.<\/div>\n<div><\/div>\n<div>La jornada comenzar\u00e1 a las 10 horas y se desarrollar\u00e1 en la plaza Doctor Cajal de Cheste. Al finalizar, tendr\u00e1 lugar una comida de hermandad en la que participar\u00e1n, adem\u00e1s de representantes de las distintas asociaciones y colectivos invitados, la Secretaria de Igualdad del PSPV-PSOE, Rosa Peris, el Secretario de Integraci\u00f3n del PSPV-PSOE, Wilson Ferr\u00fas, y el Secretario General del PSPV-PSOE Hoya de Bu\u00f1ol-Chiva, Gonzalo Guill\u00e9n.<\/div>\n","protected":false},"excerpt":{"rendered":"<div class=\"mh-excerpt\">El pr\u00f3ximo s\u00e1bado d\u00eda 9, los socialistas de la comarca de La Hoya de Bu\u00f1ol-Chiva celebran en Cheste el D\u00eda Internacional de la Mujer Trabajadora, con una jornada intercultural que lleva por t\u00edtulo \u00abLa Mujer <a class=\"mh-excerpt-more\" href=\"https:\/\/www.tucomarca.com\/wordpress\/segunda\/el-psoe-de-la-hoya-celebra-en-cheste-el-dia-de-la-mujer-trabajadora\/\" title=\"El PSOE de La Hoya celebra en Cheste el d\u00eda de la mujer trabajadora\">[+] <\/a><\/div>\n","protected":false},"author":1,"featured_media":0,"comment_status":"open","ping_status":"open","sticky":false,"template":"","format":"standard","meta":{"footnotes":""},"categories":[17,8,10,142,3],"tags":[],"class_list":{"0":"post-12059","1":"post","2":"type-post","3":"status-publish","4":"format-standard","6":"category-cheste","7":"category-la-comarca","8":"category-la-hoya","9":"category-politica-la-comarca","10":"category-seccion"},"_links":{"self":[{"href":"https:\/\/www.tucomarca.com\/wordpress\/segunda\/wp-json\/wp\/v2\/posts\/12059","targetHints":{"allow":["GET"]}}],"collection":[{"href":"https:\/\/www.tucomarca.com\/wordpress\/segunda\/wp-json\/wp\/v2\/posts"}],"about":[{"href":"https:\/\/www.tucomarca.com\/wordpress\/segunda\/wp-json\/wp\/v2\/types\/post"}],"author":[{"embeddable":true,"href":"https:\/\/www.tucomarca.com\/wordpress\/segunda\/wp-json\/wp\/v2\/users\/1"}],"replies":[{"embeddable":true,"href":"https:\/\/www.tucomarca.com\/wordpress\/segunda\/wp-json\/wp\/v2\/comments?post=12059"}],"version-history":[{"count":0,"href":"https:\/\/www.tucomarca.com\/wordpress\/segunda\/wp-json\/wp\/v2\/posts\/12059\/revisions"}],"wp:attachment":[{"href":"https:\/\/www.tucomarca.com\/wordpress\/segunda\/wp-json\/wp\/v2\/media?parent=12059"}],"wp:term":[{"taxonomy":"category","embeddable":true,"href":"https:\/\/www.tucomarca.com\/wordpress\/segunda\/wp-json\/wp\/v2\/categories?post=12059"},{"taxonomy":"post_tag","embeddable":true,"href":"https:\/\/www.tucomarca.com\/wordpress\/segunda\/wp-json\/wp\/v2\/tags?post=12059"}],"curies":[{"name":"wp","href":"https:\/\/api.w.org\/{rel}","templated":true}]}}