{"id":12061,"date":"2013-03-05T14:27:24","date_gmt":"2013-03-05T13:27:24","guid":{"rendered":"http:\/\/www.tucomarca.com\/wordpress\/segunda\/?p=12061"},"modified":"2013-03-05T14:27:24","modified_gmt":"2013-03-05T13:27:24","slug":"el-nuevo-centro-de-rehabilitacion-de-ribarroja-dara-cobertura-asistencial-a-21-500-personas","status":"publish","type":"post","link":"https:\/\/www.tucomarca.com\/wordpress\/segunda\/el-nuevo-centro-de-rehabilitacion-de-ribarroja-dara-cobertura-asistencial-a-21-500-personas\/","title":{"rendered":"El nuevo centro de Rehabilitaci\u00f3n de Ribarroja dar\u00e1 cobertura asistencial a 21.500 personas"},"content":{"rendered":"<figure id=\"attachment_12062\" aria-describedby=\"caption-attachment-12062\" style=\"width: 300px\" class=\"wp-caption alignleft\"><a href=\"https:\/\/www.tucomarca.com\/wordpress\/segunda\/wp-content\/uploads\/2013\/03\/Ribarroja.jpg\"><img loading=\"lazy\" decoding=\"async\" class=\"size-medium wp-image-12062\" title=\"Ribarroja\" src=\"https:\/\/www.tucomarca.com\/wordpress\/segunda\/wp-content\/uploads\/2013\/03\/Ribarroja-300x210.jpg\" alt=\"El nuevo centro de Rehabilitaci\u00f3n de Ribarroja dar\u00e1 cobertura asistencial a 21.500 personas.\" width=\"300\" height=\"210\" srcset=\"https:\/\/www.tucomarca.com\/wordpress\/segunda\/wp-content\/uploads\/2013\/03\/Ribarroja-300x210.jpg 300w, https:\/\/www.tucomarca.com\/wordpress\/segunda\/wp-content\/uploads\/2013\/03\/Ribarroja-1024x716.jpg 1024w\" sizes=\"auto, (max-width: 300px) 100vw, 300px\" \/><\/a><figcaption id=\"caption-attachment-12062\" class=\"wp-caption-text\">El nuevo centro de Rehabilitaci\u00f3n de Ribarroja dar\u00e1 cobertura asistencial a 21.500 personas.<\/figcaption><\/figure>\n<p>El conseller de Sanitat, Manuel Llombart, ha inaugurado esta ma\u00f1ana las nuevas instalaciones de Rehabilitaci\u00f3n de Ribarroja que dar\u00e1n cobertura asistencial a 21.500 personas. Llombart, que ha estado acompa\u00f1ado por el alcalde de Ribarroja, Francisco Taraz\u00f3n y por el gerente del Hospital de Manises, Vicente Gil Suay.<\/p>\n<p>La construcci\u00f3n y puesta en marcha del nuevo edifico ha supuesto una inversi\u00f3n de 750.000 euros aportados por el Ayuntamiento de la localidad en la construcci\u00f3n del nuevo edificio y por el Departamento de Salud de Manises, en la adecuaci\u00f3n de las instalaciones para su uso sanitario.<\/p>\n<p>El conseller ha indicado que esta nueva Unidad \u00abpermitir\u00e1 dar una asistencia de calidad a los pacientes de Ribarroja y Loriguilla, a los que atiende el centro, que dispondr\u00e1n de mejores recursos en su proceso de rehabilitaci\u00f3n\u00bb, ha destacado.<\/p>\n<p><strong>Equipo multidisciplinar<\/strong><\/p>\n<p>El nuevo centro cuenta con dos plantas distribuidas en una superficie de 250 m\u201d que albergan consultas, gimnasio, ba\u00f1os, vestuarios para el p\u00fablico general y el personal y un jard\u00edn interior.<\/p>\n<p>La Unidad, perteneciente al Centro de Salud de Ribarroja, lleva en funcionamiento desde 2004 y atiende a una media de 40 pacientes al d\u00eda, procedentes tanto de la localidad de Ribarroja como de Loriguilla. \u00abSe trata de pacientes procedentes de traumatolog\u00eda o que precisan recuperaci\u00f3n tras un proceso neurol\u00f3gico\u00bb, explica Llombart. En general son pacientes de todas las edades, aunque en los \u00faltimos a\u00f1os la unidad ha experimentado un repunte en las atenciones de pacientes m\u00e1s j\u00f3venes. La duraci\u00f3n media de un proceso de rehabilitaci\u00f3n suele extenderse de mes a mes y medio.<\/p>\n<p>Para la atenci\u00f3n a estos pacientes, el centro dispone de un equipo multidisciplinar integrado por un fisioterapeuta, un auxiliar y un m\u00e9dico rehabilitador.<\/p>\n<p><strong>El Centro de Salud de Ribarroja<\/strong><\/p>\n<p>El Centro de Salud de Ribarroja tiene un equipo de 30 personas integrado por m\u00e9dicos de familia, pediatras, enfermeras, matronas, y m\u00e9dicos de atenci\u00f3n continuada a los que se suma la plantilla de la Unidad de Rehabilitaci\u00f3n.<\/p>\n<p>En 2012 el centro de salud realiz\u00f3 m\u00e1s de 62.000 consultas m\u00e9dicas y 50.000 de enfermer\u00eda, y atendi\u00f3 24.500 urgencias.<\/p>\n<p><strong>El Departamento de Salud de Manises<\/strong><\/p>\n<p>El\u00a0Departamento de Salud de Manises\u00a0cubre la demanda sanitaria de 195.000 personas procedentes de los 14 municipios adscritos a su departamento: Manises, Bu\u00f1ol, Alborache, Macastre, Y\u00e0tova, Cheste, Chiva, Quart de Poblet, Godelleta, Tur\u00eds, Loriguilla, Ribarroja, Aldaia y Mislata.<\/p>\n<p>La filosof\u00eda con la que trabaja el departamento es la de ofrecer un servicio de salud totalmente integrado, un objetivo posible gracias a su completa cartera de servicios que cubre desde la atenci\u00f3n primaria, a trav\u00e9s de diez centros de salud, diez consultorios locales y diecis\u00e9is unidades especiales integradas en los centros de salud; a la atenci\u00f3n especializada, concentrada en dos centros de especialidades, uno en Mislata y otro en Aldaia y un centro hospitalario, el de Manises.<\/p>\n<p>&nbsp;<\/p>\n","protected":false},"excerpt":{"rendered":"<div class=\"mh-excerpt\">El conseller de Sanitat, Manuel Llombart, ha inaugurado esta ma\u00f1ana las nuevas instalaciones de Rehabilitaci\u00f3n de Ribarroja que dar\u00e1n cobertura asistencial a 21.500 personas. Llombart, que ha estado acompa\u00f1ado por el alcalde de Ribarroja, Francisco <a class=\"mh-excerpt-more\" href=\"https:\/\/www.tucomarca.com\/wordpress\/segunda\/el-nuevo-centro-de-rehabilitacion-de-ribarroja-dara-cobertura-asistencial-a-21-500-personas\/\" title=\"El nuevo centro de Rehabilitaci\u00f3n de Ribarroja dar\u00e1 cobertura asistencial a 21.500 personas\">[+] <\/a><\/div>\n","protected":false},"author":1,"featured_media":12062,"comment_status":"open","ping_status":"open","sticky":false,"template":"","format":"standard","meta":{"footnotes":""},"categories":[46,119,8,10,182,3,45],"tags":[],"class_list":{"0":"post-12061","1":"post","2":"type-post","3":"status-publish","4":"format-standard","5":"has-post-thumbnail","7":"category-camp-de-turia","8":"category-sanidad-la-comarca","9":"category-la-comarca","10":"category-la-hoya","11":"category-riba-roja","12":"category-seccion","13":"category-ventana"},"_links":{"self":[{"href":"https:\/\/www.tucomarca.com\/wordpress\/segunda\/wp-json\/wp\/v2\/posts\/12061","targetHints":{"allow":["GET"]}}],"collection":[{"href":"https:\/\/www.tucomarca.com\/wordpress\/segunda\/wp-json\/wp\/v2\/posts"}],"about":[{"href":"https:\/\/www.tucomarca.com\/wordpress\/segunda\/wp-json\/wp\/v2\/types\/post"}],"author":[{"embeddable":true,"href":"https:\/\/www.tucomarca.com\/wordpress\/segunda\/wp-json\/wp\/v2\/users\/1"}],"replies":[{"embeddable":true,"href":"https:\/\/www.tucomarca.com\/wordpress\/segunda\/wp-json\/wp\/v2\/comments?post=12061"}],"version-history":[{"count":0,"href":"https:\/\/www.tucomarca.com\/wordpress\/segunda\/wp-json\/wp\/v2\/posts\/12061\/revisions"}],"wp:featuredmedia":[{"embeddable":true,"href":"https:\/\/www.tucomarca.com\/wordpress\/segunda\/wp-json\/wp\/v2\/media\/12062"}],"wp:attachment":[{"href":"https:\/\/www.tucomarca.com\/wordpress\/segunda\/wp-json\/wp\/v2\/media?parent=12061"}],"wp:term":[{"taxonomy":"category","embeddable":true,"href":"https:\/\/www.tucomarca.com\/wordpress\/segunda\/wp-json\/wp\/v2\/categories?post=12061"},{"taxonomy":"post_tag","embeddable":true,"href":"https:\/\/www.tucomarca.com\/wordpress\/segunda\/wp-json\/wp\/v2\/tags?post=12061"}],"curies":[{"name":"wp","href":"https:\/\/api.w.org\/{rel}","templated":true}]}}