{"id":120684,"date":"2020-11-30T19:00:05","date_gmt":"2020-11-30T18:00:05","guid":{"rendered":"http:\/\/www.tucomarca.com\/wordpress\/segunda\/?p=120684"},"modified":"2020-11-30T20:05:57","modified_gmt":"2020-11-30T19:05:57","slug":"video-leliana-destinara-el-ano-que-viene-5-millones-de-euros-a-inversiones","status":"publish","type":"post","link":"https:\/\/www.tucomarca.com\/wordpress\/segunda\/video-leliana-destinara-el-ano-que-viene-5-millones-de-euros-a-inversiones\/","title":{"rendered":"V\u00eddeo: L&#8217;Eliana destinar\u00e1 el a\u00f1o que viene 5 millones de euros a  inversiones"},"content":{"rendered":"\n<figure class=\"wp-block-embed-youtube wp-block-embed is-type-video is-provider-youtube wp-embed-aspect-16-9 wp-has-aspect-ratio\"><div class=\"wp-block-embed__wrapper\">\n<iframe loading=\"lazy\" title=\"Pressupostos Municipals de l&#039;Eliana  2021\" width=\"500\" height=\"281\" src=\"https:\/\/www.youtube.com\/embed\/neEo-aoEZw8?feature=oembed\" frameborder=\"0\" allow=\"accelerometer; autoplay; clipboard-write; encrypted-media; gyroscope; picture-in-picture; web-share\" referrerpolicy=\"strict-origin-when-cross-origin\" allowfullscreen><\/iframe>\n<\/div><\/figure>\n\n\n\n<p>Hasta 5 millones de euros invertir\u00e1 el pr\u00f3ximo a\u00f1o el Ayuntamiento de l\u2019Eliana tras la aprobaci\u00f3n de los presupuestos 2021. Con las cuentas m\u00e1s elevadas de la historia del municipio, que se incrementan 1,63 millones de euros respecto a 2020, los gastos y los ingresos se presentan, por primera, equilibrados.&nbsp;<\/p>\n\n\n\n<p>Del total de inversiones, 4,2 millones de euros provendr\u00e1n de fondos propios de la tesorer\u00eda y 800.000 euros del plan de inversiones de la Diputaci\u00f3n de Valencia. Un mill\u00f3n de euros se destinar\u00e1 al reasfaltado de un tercio del municipio y se centrar\u00e1, b\u00e1sicamente, en \u00e1reas residenciales y la misma suma estar\u00e1 consignada a la reparaci\u00f3n y mejora de aceras calles residenciales. 462.000 euros se invertir\u00e1n en la actualizaci\u00f3n de la antigua red h\u00eddrica y 400.000 euros en el cerramiento de la pista de patinaje, la renovaci\u00f3n del c\u00e9sped del campo de f\u00fatbol 11 y el cambio de la grada en el Polideportivo municipal. Adem\u00e1s, el consistorio invertir\u00e1 otros 400.000 euros en la zona de Les Casetes para renovar las aceras y el abastecimiento de agua y 340.000 euros para la ampliaci\u00f3n de la Casa de la M\u00fasica, una demanda de la Uni\u00f3n Musical de l\u2019Eliana.<\/p>\n\n\n\n<p>Independientemente de esos 5 millones de euros, el pr\u00f3ximo a\u00f1o 2021 el Ayuntamiento abordar\u00e1 el inicio de otras obras fundamentales para el municipio como la finalizaci\u00f3n del pol\u00edgono industrial, la ampliaci\u00f3n del CEIP El Garb\u00ed con 5,5 millones de euros dentro del programa Edificant de la Generalitat Valenciana y otro mill\u00f3n de euros m\u00e1s para la ampliaci\u00f3n de la Biblioteca que este a\u00f1o celebrar\u00e1 su 50 aniversario.<\/p>\n\n\n\n<p>Tal y como ha explicado el alcalde Salva Torrent, todas las partidas del presupuesto son susceptibles de ser aumentadas gracias a los 20 millones de euros de remanente de los que actualmente dispone el Ayuntamiento y que se pueden utilizar en caso de que fuera necesario. \u201c<em>Gracias a la buena gesti\u00f3n econ\u00f3mica de los \u00faltimos a\u00f1os, la reconstrucci\u00f3n de la localidad ser\u00e1 m\u00e1s sencilla y realizaremos la mayor inversi\u00f3n p\u00fablica para apoyar a todos los sectores, afrontado los retos que nos presente 2021<\/em>\u201d, ha aseverado.<\/p>\n","protected":false},"excerpt":{"rendered":"<div class=\"mh-excerpt\">Hasta 5 millones de euros invertir\u00e1 el pr\u00f3ximo a\u00f1o el Ayuntamiento de l\u2019Eliana tras la aprobaci\u00f3n de los presupuestos 2021. Con las cuentas m\u00e1s elevadas de la historia del municipio, que se incrementan 1,63 millones <a class=\"mh-excerpt-more\" href=\"https:\/\/www.tucomarca.com\/wordpress\/segunda\/video-leliana-destinara-el-ano-que-viene-5-millones-de-euros-a-inversiones\/\" title=\"V\u00eddeo: L&#8217;Eliana destinar\u00e1 el a\u00f1o que viene 5 millones de euros a  inversiones\">[+] <\/a><\/div>\n","protected":false},"author":1,"featured_media":120689,"comment_status":"open","ping_status":"open","sticky":false,"template":"","format":"video","meta":{"footnotes":""},"categories":[46,128,177,8,142,3],"tags":[10395,11938,1020],"class_list":{"0":"post-120684","1":"post","2":"type-post","3":"status-publish","4":"format-video","5":"has-post-thumbnail","7":"category-camp-de-turia","8":"category-infraestructuras","9":"category-leliana","10":"category-la-comarca","11":"category-politica-la-comarca","12":"category-seccion","13":"tag-camp-de-turia","14":"tag-covid-19","15":"tag-eliana","16":"post_format-post-format-video"},"_links":{"self":[{"href":"https:\/\/www.tucomarca.com\/wordpress\/segunda\/wp-json\/wp\/v2\/posts\/120684","targetHints":{"allow":["GET"]}}],"collection":[{"href":"https:\/\/www.tucomarca.com\/wordpress\/segunda\/wp-json\/wp\/v2\/posts"}],"about":[{"href":"https:\/\/www.tucomarca.com\/wordpress\/segunda\/wp-json\/wp\/v2\/types\/post"}],"author":[{"embeddable":true,"href":"https:\/\/www.tucomarca.com\/wordpress\/segunda\/wp-json\/wp\/v2\/users\/1"}],"replies":[{"embeddable":true,"href":"https:\/\/www.tucomarca.com\/wordpress\/segunda\/wp-json\/wp\/v2\/comments?post=120684"}],"version-history":[{"count":0,"href":"https:\/\/www.tucomarca.com\/wordpress\/segunda\/wp-json\/wp\/v2\/posts\/120684\/revisions"}],"wp:featuredmedia":[{"embeddable":true,"href":"https:\/\/www.tucomarca.com\/wordpress\/segunda\/wp-json\/wp\/v2\/media\/120689"}],"wp:attachment":[{"href":"https:\/\/www.tucomarca.com\/wordpress\/segunda\/wp-json\/wp\/v2\/media?parent=120684"}],"wp:term":[{"taxonomy":"category","embeddable":true,"href":"https:\/\/www.tucomarca.com\/wordpress\/segunda\/wp-json\/wp\/v2\/categories?post=120684"},{"taxonomy":"post_tag","embeddable":true,"href":"https:\/\/www.tucomarca.com\/wordpress\/segunda\/wp-json\/wp\/v2\/tags?post=120684"}],"curies":[{"name":"wp","href":"https:\/\/api.w.org\/{rel}","templated":true}]}}