{"id":12085,"date":"2013-03-05T21:35:28","date_gmt":"2013-03-05T20:35:28","guid":{"rendered":"http:\/\/www.tucomarca.com\/wordpress\/segunda\/?p=12085"},"modified":"2013-03-05T21:43:19","modified_gmt":"2013-03-05T20:43:19","slug":"video-ciudadania-por-bunol-muestra-su-postura-respecto-al-presupuesto-municipal","status":"publish","type":"post","link":"https:\/\/www.tucomarca.com\/wordpress\/segunda\/video-ciudadania-por-bunol-muestra-su-postura-respecto-al-presupuesto-municipal\/","title":{"rendered":"V\u00eddeo: \u00abCiudadan\u00eda por Bu\u00f1ol\u00bb muestra su postura respecto al Presupuesto municipal"},"content":{"rendered":"<p>Para quien no haya podido seguirla en directo a trav\u00e9s de tucomarca televisi\u00f3n, aqu\u00ed os dejamos la rueda de prensa de \u00abCiudadan\u00eda por Bu\u00f1ol\u00bb sobre su postura respecto al Presupuesto municipal de la localidad previsto para ser elevado a pleno para su votaci\u00f3n el pr\u00f3ximo lunes.<\/p>\n","protected":false},"excerpt":{"rendered":"<div class=\"mh-excerpt\">Para quien no haya podido seguirla en directo a trav\u00e9s de tucomarca televisi\u00f3n, aqu\u00ed os dejamos la rueda de prensa de \u00abCiudadan\u00eda por Bu\u00f1ol\u00bb sobre su postura respecto al Presupuesto municipal de la localidad previsto <a class=\"mh-excerpt-more\" href=\"https:\/\/www.tucomarca.com\/wordpress\/segunda\/video-ciudadania-por-bunol-muestra-su-postura-respecto-al-presupuesto-municipal\/\" title=\"V\u00eddeo: \u00abCiudadan\u00eda por Bu\u00f1ol\u00bb muestra su postura respecto al Presupuesto municipal\">[+] <\/a><\/div>\n","protected":false},"author":1,"featured_media":0,"comment_status":"open","ping_status":"open","sticky":false,"template":"","format":"standard","meta":{"footnotes":""},"categories":[18,8,10,142,3,26],"tags":[],"class_list":{"0":"post-12085","1":"post","2":"type-post","3":"status-publish","4":"format-standard","6":"category-bunol","7":"category-la-comarca","8":"category-la-hoya","9":"category-politica-la-comarca","10":"category-seccion","11":"category-video"},"_links":{"self":[{"href":"https:\/\/www.tucomarca.com\/wordpress\/segunda\/wp-json\/wp\/v2\/posts\/12085","targetHints":{"allow":["GET"]}}],"collection":[{"href":"https:\/\/www.tucomarca.com\/wordpress\/segunda\/wp-json\/wp\/v2\/posts"}],"about":[{"href":"https:\/\/www.tucomarca.com\/wordpress\/segunda\/wp-json\/wp\/v2\/types\/post"}],"author":[{"embeddable":true,"href":"https:\/\/www.tucomarca.com\/wordpress\/segunda\/wp-json\/wp\/v2\/users\/1"}],"replies":[{"embeddable":true,"href":"https:\/\/www.tucomarca.com\/wordpress\/segunda\/wp-json\/wp\/v2\/comments?post=12085"}],"version-history":[{"count":0,"href":"https:\/\/www.tucomarca.com\/wordpress\/segunda\/wp-json\/wp\/v2\/posts\/12085\/revisions"}],"wp:attachment":[{"href":"https:\/\/www.tucomarca.com\/wordpress\/segunda\/wp-json\/wp\/v2\/media?parent=12085"}],"wp:term":[{"taxonomy":"category","embeddable":true,"href":"https:\/\/www.tucomarca.com\/wordpress\/segunda\/wp-json\/wp\/v2\/categories?post=12085"},{"taxonomy":"post_tag","embeddable":true,"href":"https:\/\/www.tucomarca.com\/wordpress\/segunda\/wp-json\/wp\/v2\/tags?post=12085"}],"curies":[{"name":"wp","href":"https:\/\/api.w.org\/{rel}","templated":true}]}}