{"id":121108,"date":"2020-12-04T19:30:59","date_gmt":"2020-12-04T18:30:59","guid":{"rendered":"http:\/\/www.tucomarca.com\/wordpress\/segunda\/?p=121108"},"modified":"2020-12-05T19:06:05","modified_gmt":"2020-12-05T18:06:05","slug":"alzira-fontanars-dels-alforins-paiporta-y-albalat-dels-sorells-exponen-sus-estrategias-en-la-clausura-de-las-jornadas-energia-y-cambio-climatico","status":"publish","type":"post","link":"https:\/\/www.tucomarca.com\/wordpress\/segunda\/alzira-fontanars-dels-alforins-paiporta-y-albalat-dels-sorells-exponen-sus-estrategias-en-la-clausura-de-las-jornadas-energia-y-cambio-climatico\/","title":{"rendered":"Alzira, Fontanars dels Alforins, Paiporta y Albalat dels Sorells exponen sus estrategias en la clausura de las jornadas  \u00abEnerg\u00eda y cambio clim\u00e1tico\u00bb"},"content":{"rendered":"\n<figure class=\"wp-block-image\"><img loading=\"lazy\" decoding=\"async\" width=\"1024\" height=\"474\" src=\"https:\/\/www.tucomarca.com\/wordpress\/segunda\/wp-content\/uploads\/2020\/12\/DipuEnergia1-1024x474.jpg\" alt=\"\" class=\"wp-image-121111\" srcset=\"https:\/\/www.tucomarca.com\/wordpress\/segunda\/wp-content\/uploads\/2020\/12\/DipuEnergia1-1024x474.jpg 1024w, https:\/\/www.tucomarca.com\/wordpress\/segunda\/wp-content\/uploads\/2020\/12\/DipuEnergia1-300x139.jpg 300w, https:\/\/www.tucomarca.com\/wordpress\/segunda\/wp-content\/uploads\/2020\/12\/DipuEnergia1-768x355.jpg 768w\" sizes=\"auto, (max-width: 1024px) 100vw, 1024px\" \/><\/figure>\n\n\n\n<p>El \u00e1rea de Medio Ambiente de la Diputaci\u00f3 de Val\u00e8ncia ha organizado la conclusi\u00f3n de las \u00abJornadas de Energ\u00eda y Cambio Clim\u00e1tico&#8217;, que ha contado con la participaci\u00f3n activa de Aselec, la ITE y la IVACE.<\/p>\n\n\n\n<p>La vicepresidenta de la Diputaci\u00f3 y responsable del \u00e1rea de Medio Ambiente, Maria Josep Amig\u00f3, junto a la diputada de Movilidad Sostenible, Dolors Gimeno, y el presidente de Aselec, Rafa Castillo, han abierto las intervenciones para dar paso a las exposiciones de los casos de \u00e9xito en estrategias medioambientales del regidor de Medio Ambiente del Ayuntamiento de Alzira, Pep Carreres; el regidor de Medio Ambiente de Fontanars dels Alforins, Sergi Bordera; la alcaldesa de Paiporta, Isabel Mart\u00edn; y el alcalde de Albalat dels Sorells, Nicolau Claramunt.<\/p>\n\n\n\n<p>La vicepresidenta de la Diputaci\u00f3, Maria Josep Amig\u00f3, ha explicado que \u00abdesde el \u00e1rea de Medio Ambiente tenemos la gran satisfacci\u00f3n de haber puesto en marcha la estrategia REACCIONA: una convocatoria \u00fanica para ayudar econ\u00f3micamente a los municipios en la adaptaci\u00f3n y la mitigaci\u00f3n del cambio clim\u00e1tico. Adem\u00e1s de consolidar 3 l\u00edneas que se hab\u00edan puesto en marcha durante el anterior mandato, hemos creado 5 nuevas. En total, una inversi\u00f3n de m\u00e1s de 14 millones de euros, es decir, casi se triplica el presupuesto del a\u00f1o pasado\u00bb, ha explicado Maria Josep Amig\u00f3.<\/p>\n\n\n\n<p>La diputada de Movilidad Sostenible, Dolors Gimeno, ha incidido en la convocatoria de las ayudas para la redacci\u00f3n de proyectos de v\u00edas ciclopeatonales, cuya \u00abfinalidad es adecuar caminos de inter\u00e9s natural para fomentar una movilidad m\u00e1s activa y eficiente en nuestro d\u00eda a d\u00eda, es decir, la movilidad en bicicleta o a pie\u00bb. As\u00ed mismo ha destacado tambi\u00e9n la convocatoria de ayudas para la redacci\u00f3n de Planes de Movilidad Urbana Sostenible, \u00abesenciales para reorganizar el espacio p\u00fablico en nuestros pueblos y ciudades, mejorar la calidad del aire y reducir el ruido generado por el tr\u00e1fico\u00bb.<\/p>\n\n\n\n<p>El presidente de Aselec, Rafa Castillo, ha reivindicado la puesta en marcha de la econom\u00eda de kil\u00f3metro cero, con empresas locales para activar la econom\u00eda circular.<\/p>\n\n\n\n<p>En la exposici\u00f3n de estrategias de \u00e9xito en materia de eficiencia energ\u00e9tica, movilidad y autoconsumo, tanto consolidadas como iniciativas todav\u00eda en marcha, se han mostrado el programa de cooperativa de energ\u00eda local o el programa de movilidad para bajar la huella de carbono de Alzira; la comunidad de energ\u00eda local de Fontanars dels Alforins; la Oficina Verde y el programa contra la pobreza energ\u00e9tica de Paiporta, o el proyecto ya consolidado de Albalat.00.<\/p>\n\n\n\n<p>La sesi\u00f3n de clausura de las jornadas se ha celebrado en la sala de plenos de la Diputaci\u00f3 con intervenciones telem\u00e1ticas y se ha podido seguir en l\u00ednea. La primera sesi\u00f3n se centr\u00f3 en la movilidad el\u00e9ctrica. En la segunda se explicaron los sistemas de autoconsumo y las comunidades energ\u00e9ticas locales. Y la semana pasada se presentaron los programas de ayudas relacionados con la lucha contra el cambio clim\u00e1tico.<\/p>\n\n\n\n<p>Las jornadas se grabaron y las dos primeras ya est\u00e1n disponibles en la web de Medio Ambiente de la Diputaci\u00f3.<br><\/p>\n","protected":false},"excerpt":{"rendered":"<div class=\"mh-excerpt\">El \u00e1rea de Medio Ambiente de la Diputaci\u00f3 de Val\u00e8ncia ha organizado la conclusi\u00f3n de las \u00abJornadas de Energ\u00eda y Cambio Clim\u00e1tico&#8217;, que ha contado con la participaci\u00f3n activa de Aselec, la ITE y la <a class=\"mh-excerpt-more\" href=\"https:\/\/www.tucomarca.com\/wordpress\/segunda\/alzira-fontanars-dels-alforins-paiporta-y-albalat-dels-sorells-exponen-sus-estrategias-en-la-clausura-de-las-jornadas-energia-y-cambio-climatico\/\" title=\"Alzira, Fontanars dels Alforins, Paiporta y Albalat dels Sorells exponen sus estrategias en la clausura de las jornadas  \u00abEnerg\u00eda y cambio clim\u00e1tico\u00bb\">[+] <\/a><\/div>\n","protected":false},"author":1,"featured_media":121109,"comment_status":"open","ping_status":"open","sticky":false,"template":"","format":"standard","meta":{"footnotes":""},"categories":[69,128,8,42,142,3,45],"tags":[10402,3677,3640],"class_list":{"0":"post-121108","1":"post","2":"type-post","3":"status-publish","4":"format-standard","5":"has-post-thumbnail","7":"category-alzira","8":"category-infraestructuras","9":"category-la-comarca","10":"category-la-ribera","11":"category-politica-la-comarca","12":"category-seccion","13":"category-ventana","14":"tag-alzira","15":"tag-diputacio-de-valencia","16":"tag-la-ribera-alta"},"_links":{"self":[{"href":"https:\/\/www.tucomarca.com\/wordpress\/segunda\/wp-json\/wp\/v2\/posts\/121108","targetHints":{"allow":["GET"]}}],"collection":[{"href":"https:\/\/www.tucomarca.com\/wordpress\/segunda\/wp-json\/wp\/v2\/posts"}],"about":[{"href":"https:\/\/www.tucomarca.com\/wordpress\/segunda\/wp-json\/wp\/v2\/types\/post"}],"author":[{"embeddable":true,"href":"https:\/\/www.tucomarca.com\/wordpress\/segunda\/wp-json\/wp\/v2\/users\/1"}],"replies":[{"embeddable":true,"href":"https:\/\/www.tucomarca.com\/wordpress\/segunda\/wp-json\/wp\/v2\/comments?post=121108"}],"version-history":[{"count":0,"href":"https:\/\/www.tucomarca.com\/wordpress\/segunda\/wp-json\/wp\/v2\/posts\/121108\/revisions"}],"wp:featuredmedia":[{"embeddable":true,"href":"https:\/\/www.tucomarca.com\/wordpress\/segunda\/wp-json\/wp\/v2\/media\/121109"}],"wp:attachment":[{"href":"https:\/\/www.tucomarca.com\/wordpress\/segunda\/wp-json\/wp\/v2\/media?parent=121108"}],"wp:term":[{"taxonomy":"category","embeddable":true,"href":"https:\/\/www.tucomarca.com\/wordpress\/segunda\/wp-json\/wp\/v2\/categories?post=121108"},{"taxonomy":"post_tag","embeddable":true,"href":"https:\/\/www.tucomarca.com\/wordpress\/segunda\/wp-json\/wp\/v2\/tags?post=121108"}],"curies":[{"name":"wp","href":"https:\/\/api.w.org\/{rel}","templated":true}]}}