{"id":121339,"date":"2020-12-07T18:57:28","date_gmt":"2020-12-07T17:57:28","guid":{"rendered":"http:\/\/www.tucomarca.com\/wordpress\/segunda\/?p=121339"},"modified":"2020-12-07T18:57:32","modified_gmt":"2020-12-07T17:57:32","slug":"alzira-aporta-15-contagios-utiel-12-algemesi-10-benifaio-8-lliria-6-ayora-4-vilamarxant-3-y-la-pobla-3-a-los-2-120-nuevos-casos-de-coronavirus-desde-la-ultima-actualizacion","status":"publish","type":"post","link":"https:\/\/www.tucomarca.com\/wordpress\/segunda\/alzira-aporta-15-contagios-utiel-12-algemesi-10-benifaio-8-lliria-6-ayora-4-vilamarxant-3-y-la-pobla-3-a-los-2-120-nuevos-casos-de-coronavirus-desde-la-ultima-actualizacion\/","title":{"rendered":"Alzira aporta 15 contagios, Utiel 12, Algemes\u00ed 10, Benifai\u00f3 8, Ll\u00edria 6, Ayora 4, Vilamarxant 3 y La Pobla 3 a los 2.120 nuevos casos de coronavirus desde la \u00faltima actualizaci\u00f3n"},"content":{"rendered":"\n<p>La Comunitat Valenciana ha registrado 2.120 nuevos casos de coronavirus confirmados por prueba PCR o a trav\u00e9s de test de ant\u00edgenos desde la actualizaci\u00f3n del pasado viernes, que sit\u00faan la cifra total de positivos en 110.208 personas. Por provincias, la distribuci\u00f3n de nuevos positivos es la siguiente: 136 en Castell\u00f3n (12.274 en total); 630 en Alicante (37.741 en total), y 1.354 en la provincia de Valencia (60.191 en total). Adem\u00e1s, contin\u00faa habiendo 2 casos sin asignar.&nbsp;<\/p>\n\n\n\n<p>Por otra parte, desde la \u00faltima actualizaci\u00f3n, se han registrado 2.788 altas a pacientes con coronavirus. De esta forma, ya son 106.694 personas en la Comunitat Valenciana las que han superado la enfermedad desde que comenz\u00f3 la pandemia. Por provincias: 12.332 en Castell\u00f3n, 36.586 en Alicante y 57.720 en Valencia. Adem\u00e1s, hay 56 altas sin asignaci\u00f3n.<\/p>\n\n\n\n<p>De esta forma, en estos momentos hay 12.417 casos activos, lo que supone un 10,21% del total de positivos.<\/p>\n\n\n\n<p>Los hospitales valencianos tienen, actualmente, 1.158 personas ingresadas, 188 menos que el pasado lunes: 111 en la provincia de Castell\u00f3n, con 17 pacientes en UCI; 337 en la provincia de Alicante, 86 de ellos en la UCI; y 710 en la provincia de Valencia, 141 de ellos en UCI. En el caso de las unidades de cuidados intensivos, hay 43 pacientes menos que hace una semana.<\/p>\n\n\n\n<p>Por otro lado, se han registrado 14 fallecimientos por coronavirus desde la \u00faltima actualizaci\u00f3n, por lo que el total de defunciones es de 2.491 personas: 332 en la provincia de Castell\u00f3n, 890 en la de Alicante y 1.269 en la de Valencia.<\/p>\n\n\n\n<p>El n\u00famero total de pruebas llevadas a cabo para la detecci\u00f3n del coronavirus asciende a 1.810.044, de las que 1.646.075 han sido a trav\u00e9s de PCR y 163.969, mediante test r\u00e1pido.<\/p>\n\n\n\n<p><strong>Actualizaci\u00f3n de la situaci\u00f3n en residencias<\/strong><\/p>\n\n\n\n<p>En la actualidad, hay alg\u00fan caso positivo en 85 residencias de mayores (4 en la provincia de Castell\u00f3n, 28 en la provincia de Alicante y 53 en la provincia de Valencia), 15 centros de diversidad funcional (3 en la provincia de Castell\u00f3n, 3 en la provincia de Alicante y 9 en la provincia de Valencia) y 3 centros de menores en la provincia de Valencia.<\/p>\n\n\n\n<p>&#8211; Residentes nuevos positivos: 48<\/p>\n\n\n\n<p>&#8211; Trabajadores y trabajadoras nuevos positivos: 16<\/p>\n\n\n\n<p>&#8211; Residentes que han fallecido: 1<\/p>\n\n\n\n<p>Actualmente, se encuentran bajo vigilancia activa de control sanitario 17 residencias en la Comunitat Valenciana: 8 en la provincia de Alicante y 9 en la provincia de Valencia.<\/p>\n\n\n\n<p><strong>Actualizaci\u00f3n brotes de coronavirus<\/strong><\/p>\n\n\n\n<p>Nuevos brotes: 69 (10 en la provincia de Alicante; 1 en la provincia de Castell\u00f3n y 58 en la provincia de Valencia).<\/p>\n\n\n\n<p>\u00b7 Elche: 4 casos. Origen social<\/p>\n\n\n\n<p>\u00b7 Elche: 3 casos. Origen social<\/p>\n\n\n\n<p>\u00b7 Aspe: 10 casos. Origen social<\/p>\n\n\n\n<p>\u00b7 Val\u00e8ncia: 4 casos. Origen social<\/p>\n\n\n\n<p>\u00b7 Val\u00e8ncia: 6 casos. Origen social<\/p>\n\n\n\n<p>\u00b7 Massamagrell: 3 casos. Origen social<\/p>\n\n\n\n<p>\u00b7 Pu\u00e7ol: 3 casos. Origen social<\/p>\n\n\n\n<p>\u00b7 Val\u00e8ncia: 4 casos. Origen social<\/p>\n\n\n\n<p>\u00b7 Ll\u00edria: 6 casos. Origen social<\/p>\n\n\n\n<p>\u00b7 Utiel: 4 casos. Origen social<\/p>\n\n\n\n<p>\u00b7 Utiel: 5 casos. \u00c1mbito educativo<\/p>\n\n\n\n<p>\u00b7 Callosa de Segura: 5 casos. Origen social<\/p>\n\n\n\n<p>\u00b7 La Pobla de Vallbona: 3 casos. Origen social<\/p>\n\n\n\n<p>\u00b7 Val\u00e8ncia: 5 casos. Origen laboral<\/p>\n\n\n\n<p>\u00b7 Val\u00e8ncia: 4 casos. Origen social<\/p>\n\n\n\n<p>\u00b7 Val\u00e8ncia: 4 casos. Origen social<\/p>\n\n\n\n<p>\u00b7 Val\u00e8ncia: 3 casos. \u00c1mbito educativo<\/p>\n\n\n\n<p>\u00b7 Pu\u00e7ol: 4 casos. Origen social<\/p>\n\n\n\n<p>\u00b7 Val\u00e8ncia: 9 casos. Origen social<\/p>\n\n\n\n<p>\u00b7 Gandia: 8 casos. Origen social<\/p>\n\n\n\n<p>\u00b7 Val\u00e8ncia: 3 casos. Origen social<\/p>\n\n\n\n<p>\u00b7 Paterna: 4 casos. Origen social<\/p>\n\n\n\n<p>\u00b7 Utiel: 3 casos. Origen social<\/p>\n\n\n\n<p>\u00b7 Val\u00e8ncia: 3 casos. Origen social<\/p>\n\n\n\n<p>\u00b7 Val\u00e8ncia: 8 casos. Origen social<\/p>\n\n\n\n<p>\u00b7 Benej\u00fazar: 19 casos. Origen social<\/p>\n\n\n\n<p>\u00b7 Ayora: 4 casos. Origen laboral<\/p>\n\n\n\n<p>\u00b7 Aspe: 4 casos. Origen social<\/p>\n\n\n\n<p>\u00b7 Torrevieja: 11 casos. Origen social<\/p>\n\n\n\n<p>\u00b7 Alzira: 4 casos. Origen laboral<\/p>\n\n\n\n<p>\u00b7 Vilamarxant: 3 casos. Origen social<\/p>\n\n\n\n<p>\u00b7 Benej\u00fazar: 3 casos. Origen social<\/p>\n\n\n\n<p>\u00b7 Val\u00e8ncia: 4 casos. Origen social<\/p>\n\n\n\n<p>\u00b7 Algemes\u00ed: 5 casos. Origen laboral<\/p>\n\n\n\n<p>\u00b7 Meliana: 6 casos. Origen social<\/p>\n\n\n\n<p>\u00b7 Alzira: 3 casos. Origen laboral<\/p>\n\n\n\n<p>\u00b7 Val\u00e8ncia: 5 casos. Origen social<\/p>\n\n\n\n<p>\u00b7 Alzira: 5 casos. Origen social<\/p>\n\n\n\n<p>\u00b7 Mislata: 6 casos. Origen social<\/p>\n\n\n\n<p>\u00b7 Val\u00e8ncia: 3 casos. Origen social<\/p>\n\n\n\n<p>\u00b7 Albalat de la Ribera: 3 casos. Origen laboral<\/p>\n\n\n\n<p>\u00b7 Sagunto: 5 casos. Origen social<\/p>\n\n\n\n<p>\u00b7 Val\u00e8ncia: 3 casos. Origen social<\/p>\n\n\n\n<p>\u00b7 Val\u00e8ncia: 6 casos. Origen social<\/p>\n\n\n\n<p>\u00b7 Val\u00e8ncia: 3 casos. Origen social<\/p>\n\n\n\n<p>\u00b7 Sagunto: 3 casos. Origen social<\/p>\n\n\n\n<p>\u00b7 Alzira: 3 casos. \u00c1mbito educativo<\/p>\n\n\n\n<p>\u00b7 Benifai\u00f3: 8 casos. Origen social<\/p>\n\n\n\n<p>\u00b7 Corbera: 4 casos. Origen social<\/p>\n\n\n\n<p>\u00b7 Sollana: 3 casos. Origen social<\/p>\n\n\n\n<p>\u00b7 Castalla: 4 casos. Origen laboral<\/p>\n\n\n\n<p>\u00b7 Val\u00e8ncia: 4 casos. Origen social<\/p>\n\n\n\n<p>\u00b7 Val\u00e8ncia: 4 casos. Origen social<\/p>\n\n\n\n<p>\u00b7 Algemes\u00ed: 5 casos. Origen social<\/p>\n\n\n\n<p>\u00b7 Val\u00e8ncia: 3 casos. Origen laboral<\/p>\n\n\n\n<p>\u00b7 Onil: 4 casos. Origen social<\/p>\n\n\n\n<p>\u00b7 Moncada: 3 casos. Origen social<\/p>\n\n\n\n<p>\u00b7 Godella: 7 casos. Origen social<\/p>\n\n\n\n<p>\u00b7 Alc\u00e0sser: 6 casos. Origen social<\/p>\n\n\n\n<p>\u00b7 Val\u00e8ncia: 3 casos. Origen social<\/p>\n\n\n\n<p>\u00b7 Val\u00e8ncia: 4 casos. Origen laboral<\/p>\n\n\n\n<p>\u00b7 Vinar\u00f2s: 9 casos. Origen laboral<\/p>\n\n\n\n<p>\u00b7 Val\u00e8ncia: 3 casos. Origen social<\/p>\n\n\n\n<p>\u00b7 Val\u00e8ncia: 5 casos. Origen social<\/p>\n\n\n\n<p>\u00b7 Val\u00e8ncia: 4 casos. Origen laboral<\/p>\n\n\n\n<p>\u00b7 Val\u00e8ncia: 4 casos. Origen social<\/p>\n\n\n\n<p>\u00b7 Val\u00e8ncia: 3 casos. Origen laboral<\/p>\n\n\n\n<p>\u00b7 Moncada: 4 casos. Origen social<\/p>\n\n\n\n<p>\u00b7 Moncada: 4 casos. Origen social<\/p>\n","protected":false},"excerpt":{"rendered":"<div class=\"mh-excerpt\">La Comunitat Valenciana ha registrado 2.120 nuevos casos de coronavirus confirmados por prueba PCR o a trav\u00e9s de test de ant\u00edgenos desde la actualizaci\u00f3n del pasado viernes, que sit\u00faan la cifra total de positivos en <a class=\"mh-excerpt-more\" href=\"https:\/\/www.tucomarca.com\/wordpress\/segunda\/alzira-aporta-15-contagios-utiel-12-algemesi-10-benifaio-8-lliria-6-ayora-4-vilamarxant-3-y-la-pobla-3-a-los-2-120-nuevos-casos-de-coronavirus-desde-la-ultima-actualizacion\/\" title=\"Alzira aporta 15 contagios, Utiel 12, Algemes\u00ed 10, Benifai\u00f3 8, Ll\u00edria 6, Ayora 4, Vilamarxant 3 y La Pobla 3 a los 2.120 nuevos casos de coronavirus desde la \u00faltima actualizaci\u00f3n\">[+] <\/a><\/div>\n","protected":false},"author":1,"featured_media":107300,"comment_status":"open","ping_status":"open","sticky":false,"template":"","format":"standard","meta":{"footnotes":""},"categories":[99,69,39,38,267,46,72,174,42,47,27,3,29,45,184],"tags":[10540,10395,11937,11938,3640,10387],"class_list":{"0":"post-121339","1":"post","2":"type-post","3":"status-publish","4":"format-standard","5":"has-post-thumbnail","7":"category-algemesi","8":"category-alzira","9":"category-ayora","10":"category-ayora-cofrentes","11":"category-benifaio","12":"category-camp-de-turia","13":"category-sin-categorizar","14":"category-la-pobla","15":"category-la-ribera","16":"category-lliria","17":"category-requena-utiel","18":"category-seccion","19":"category-utiel","20":"category-ventana","21":"category-vilamarxant","22":"tag-ayora-cofrentes","23":"tag-camp-de-turia","24":"tag-coronavirus","25":"tag-covid-19","26":"tag-la-ribera-alta","27":"tag-requena-utiel"},"_links":{"self":[{"href":"https:\/\/www.tucomarca.com\/wordpress\/segunda\/wp-json\/wp\/v2\/posts\/121339","targetHints":{"allow":["GET"]}}],"collection":[{"href":"https:\/\/www.tucomarca.com\/wordpress\/segunda\/wp-json\/wp\/v2\/posts"}],"about":[{"href":"https:\/\/www.tucomarca.com\/wordpress\/segunda\/wp-json\/wp\/v2\/types\/post"}],"author":[{"embeddable":true,"href":"https:\/\/www.tucomarca.com\/wordpress\/segunda\/wp-json\/wp\/v2\/users\/1"}],"replies":[{"embeddable":true,"href":"https:\/\/www.tucomarca.com\/wordpress\/segunda\/wp-json\/wp\/v2\/comments?post=121339"}],"version-history":[{"count":0,"href":"https:\/\/www.tucomarca.com\/wordpress\/segunda\/wp-json\/wp\/v2\/posts\/121339\/revisions"}],"wp:featuredmedia":[{"embeddable":true,"href":"https:\/\/www.tucomarca.com\/wordpress\/segunda\/wp-json\/wp\/v2\/media\/107300"}],"wp:attachment":[{"href":"https:\/\/www.tucomarca.com\/wordpress\/segunda\/wp-json\/wp\/v2\/media?parent=121339"}],"wp:term":[{"taxonomy":"category","embeddable":true,"href":"https:\/\/www.tucomarca.com\/wordpress\/segunda\/wp-json\/wp\/v2\/categories?post=121339"},{"taxonomy":"post_tag","embeddable":true,"href":"https:\/\/www.tucomarca.com\/wordpress\/segunda\/wp-json\/wp\/v2\/tags?post=121339"}],"curies":[{"name":"wp","href":"https:\/\/api.w.org\/{rel}","templated":true}]}}