{"id":121345,"date":"2020-12-07T09:00:07","date_gmt":"2020-12-07T08:00:07","guid":{"rendered":"http:\/\/www.tucomarca.com\/wordpress\/segunda\/?p=121345"},"modified":"2020-12-07T19:21:39","modified_gmt":"2020-12-07T18:21:39","slug":"adaptt-20-apuesta-por-la-formacion-en-turismo-con-el-%e2%80%a8curso-de-guias-acompanantes-tierra-bobal","status":"publish","type":"post","link":"https:\/\/www.tucomarca.com\/wordpress\/segunda\/adaptt-20-apuesta-por-la-formacion-en-turismo-con-el-%e2%80%a8curso-de-guias-acompanantes-tierra-bobal\/","title":{"rendered":"ADAPT@+T 20 apuesta por la formaci\u00f3n en turismo con el \u2028\u201cCurso de Gu\u00edas Acompa\u00f1antes Tierra Bobal\u201d"},"content":{"rendered":"\n<h4 class=\"wp-block-heading\">La propuesta formativa ha sido elaborada por el equipo del Proyecto Experimental de Empleo ADAPT@+T 20 y est\u00e1 enfocada a formar a personas de la comarca en los recursos y posibilidades tur\u00edsticas de la marca de destino Tierra Bobal a trav\u00e9s de su patrimonio cultural y natural. El 75% del alumnado son mujeres y el 50% j\u00f3venes.&nbsp;<\/h4>\n\n\n\n<p>Despu\u00e9s de iniciar su andadura en el mes de octubre, el <a href=\"https:\/\/www.tierradelvino.es\/noticia\/pacto-territorial-por-empleo-mancomunidad-del-interior-tierra-del-vino-inicia-proyecto-adaptt-2020\">Proyecto Experimental de Empleo ADAPT@+T 20<\/a> ha puesto en marcha su eje de actuaci\u00f3n dirigido a la formaci\u00f3n en el \u00e1mbito del desarrollo tur\u00edstico y las capacidades del territorio. Esta l\u00ednea de trabajo aborda el \u00e1mbito de la <strong>formaci\u00f3n para el empleo y la consolidaci\u00f3n del modelo productivo del territorio<\/strong>, recogido en la Estrategia de Empleo y Desarrollo Local de la Comarca.<\/p>\n\n\n\n<p>El <strong>\u201cCurso de Gu\u00edas Acompa\u00f1antes Tierra Bobal\u201d<\/strong> da a conocer el rico y desconocido valor de nuestro territorio: un recorrido por la naturaleza, el patrimonio y la cultura del vino y el enoturismo; adem\u00e1s de tratar aspectos generales del sector como t\u00e9cnicas y estrategias b\u00e1sicas de atenci\u00f3n a turistas y visitantes, organizaci\u00f3n de grupos y elaboraci\u00f3n de itinerarios interpretativos. La mec\u00e1nica del curso se ha adaptado a la normativa impuesta por las condiciones necesarias frente a la Covid-19. As\u00ed, <strong>la parte te\u00f3rica se realiza de manera on-line<\/strong> mientras que las <strong>sesiones pr\u00e1cticas ser\u00e1n presenciales, en espacios abiertos<\/strong>, con visitas de campo a los distintos puntos de inter\u00e9s de Tierra Bobal. La duraci\u00f3n es de 160 horas y tras su finalizaci\u00f3n se constituir\u00e1 una bolsa de empleo para responder a las necesidades laborales del sector tur\u00edstico comarcal.<\/p>\n\n\n\n<p>El proceso de difusi\u00f3n e inscripci\u00f3n se llev\u00f3 a cabo durante el mes de octubre y noviembre y la iniciativa ha despertado un <strong>gran inter\u00e9s, con m\u00e1s de 90 solicitudes<\/strong>, lo que supone un hito en cuanto a la participaci\u00f3n de la sociedad comarcal. Por<strong> cuestiones t\u00e9cnicas y epidemiol\u00f3gicas,<\/strong> el m\u00e1ximo de plazas para <strong>esta convocatoria ha sido de 20 alumnos\/as<\/strong>, por lo que se ha realizado una selecci\u00f3n de acuerdo a criterios objetivos de desempleo, experiencia previa y conocimiento de idiomas. Las clases dieron comienzo el pasado 30 de noviembre con 14 demandantes de empleo de la comarca y 6 profesionales del sector como alumnado. <strong>El 50% son j\u00f3venes y el 75% mujeres. &nbsp;<\/strong><\/p>\n\n\n\n<p>ADAPT@+T 20 es un proyecto experimental de empleo enmarcado en los programas&nbsp;<strong>AVALEM TERRITORI<\/strong>&nbsp;y&nbsp;<strong>EMPACE 2020<\/strong>&nbsp;del Servicio Valenciano de Empleo y Formaci\u00f3n (<strong>LABORA<\/strong>), que persigue los objetivos fijados por el&nbsp;<strong>Pacto Territorial por el Empleo y el Desarrollo Local<\/strong>, firmando por la&nbsp;<strong>Mancomunidad del Interior Tierra del Vino<\/strong>&nbsp;junto a los nueve municipios de la comarca:&nbsp;<strong>Camporrobles, Caudete de las Fuentes, Chera, Fuenterrobles, Requena, Sinarcas, Utiel, Venta del Moro<\/strong>&nbsp;y&nbsp;<strong>Villargordo del Cabriel<\/strong>.&nbsp;<\/p>\n\n\n\n<p>M\u00e1s informaci\u00f3n en <a href=\"http:\/\/www.tierradelvino.es\">www.tierradelvino.es<\/a>&nbsp;<\/p>\n","protected":false},"excerpt":{"rendered":"<div class=\"mh-excerpt\">La propuesta formativa ha sido elaborada por el equipo del Proyecto Experimental de Empleo ADAPT@+T 20 y est\u00e1 enfocada a formar a personas de la comarca en los recursos y posibilidades tur\u00edsticas de la marca <a class=\"mh-excerpt-more\" href=\"https:\/\/www.tucomarca.com\/wordpress\/segunda\/adaptt-20-apuesta-por-la-formacion-en-turismo-con-el-%e2%80%a8curso-de-guias-acompanantes-tierra-bobal\/\" title=\"ADAPT@+T 20 apuesta por la formaci\u00f3n en turismo con el \u2028\u201cCurso de Gu\u00edas Acompa\u00f1antes Tierra Bobal\u201d\">[+] <\/a><\/div>\n","protected":false},"author":12,"featured_media":121349,"comment_status":"open","ping_status":"open","sticky":false,"template":"","format":"standard","meta":{"footnotes":""},"categories":[113,128,8,72,117,27,3],"tags":[11484,7976,12386,1987],"class_list":{"0":"post-121345","1":"post","2":"type-post","3":"status-publish","4":"format-standard","5":"has-post-thumbnail","7":"category-vinos","8":"category-infraestructuras","9":"category-la-comarca","10":"category-sin-categorizar","11":"category-medio-ambiente-la-comarca","12":"category-requena-utiel","13":"category-seccion","14":"tag-labora","15":"tag-mancomunidad-tierra-del-vino","16":"tag-tierra-bobal","17":"tag-utiel-requena"},"_links":{"self":[{"href":"https:\/\/www.tucomarca.com\/wordpress\/segunda\/wp-json\/wp\/v2\/posts\/121345","targetHints":{"allow":["GET"]}}],"collection":[{"href":"https:\/\/www.tucomarca.com\/wordpress\/segunda\/wp-json\/wp\/v2\/posts"}],"about":[{"href":"https:\/\/www.tucomarca.com\/wordpress\/segunda\/wp-json\/wp\/v2\/types\/post"}],"author":[{"embeddable":true,"href":"https:\/\/www.tucomarca.com\/wordpress\/segunda\/wp-json\/wp\/v2\/users\/12"}],"replies":[{"embeddable":true,"href":"https:\/\/www.tucomarca.com\/wordpress\/segunda\/wp-json\/wp\/v2\/comments?post=121345"}],"version-history":[{"count":0,"href":"https:\/\/www.tucomarca.com\/wordpress\/segunda\/wp-json\/wp\/v2\/posts\/121345\/revisions"}],"wp:featuredmedia":[{"embeddable":true,"href":"https:\/\/www.tucomarca.com\/wordpress\/segunda\/wp-json\/wp\/v2\/media\/121349"}],"wp:attachment":[{"href":"https:\/\/www.tucomarca.com\/wordpress\/segunda\/wp-json\/wp\/v2\/media?parent=121345"}],"wp:term":[{"taxonomy":"category","embeddable":true,"href":"https:\/\/www.tucomarca.com\/wordpress\/segunda\/wp-json\/wp\/v2\/categories?post=121345"},{"taxonomy":"post_tag","embeddable":true,"href":"https:\/\/www.tucomarca.com\/wordpress\/segunda\/wp-json\/wp\/v2\/tags?post=121345"}],"curies":[{"name":"wp","href":"https:\/\/api.w.org\/{rel}","templated":true}]}}