{"id":121381,"date":"2020-12-07T21:00:55","date_gmt":"2020-12-07T20:00:55","guid":{"rendered":"http:\/\/www.tucomarca.com\/wordpress\/segunda\/?p=121381"},"modified":"2020-12-07T21:33:33","modified_gmt":"2020-12-07T20:33:33","slug":"el-campo-de-futbol-de-venta-del-moro-estrena-su-nuevo-cesped","status":"publish","type":"post","link":"https:\/\/www.tucomarca.com\/wordpress\/segunda\/el-campo-de-futbol-de-venta-del-moro-estrena-su-nuevo-cesped\/","title":{"rendered":"El Campo de F\u00fatbol de Venta del Moro estrena su nuevo c\u00e9sped"},"content":{"rendered":"\n<h4 class=\"wp-block-heading\"><strong>Este domingo, 6 de diciembre, d\u00eda de la Constituci\u00f3n se jug\u00f3 el primer partido en unas instalaciones remodeladas con un c\u00e9sped artificial que eleva el nivel del campo de futbol de Venta del Moro.<\/strong><\/h4>\n\n\n\n<p>\u00abHa sido una reivindicaci\u00f3n desde hace a\u00f1os el disponer de un campo de futbol en condiciones que permitiera&nbsp; a los j\u00f3venes de Venta del Moro disfrutar de unas instalaciones en condiciones y de un gran nivel\u00bb, tal como han manifestado Manuel Clemente, portavoz del grupo socialista, y Adolfo Jim\u00e9nez, ambos concejales del ayuntamiento de Venta del Moro que han realizado un recorrido por todas las instituciones y han reivindicado en los plenos \u00abla necesidad de dotar a Venta del Moro de un campo de Futbol con un c\u00e9sped artificial y unas instalaciones en condiciones, siempre alentados por Paco, el Presidente del CF Venta del Moro, que d\u00eda tras d\u00eda ha estado insistiendo en la necesidad de est\u00e1s instalaciones y trabajando para dar lo mejor al equipo y a la juventud de Venta del Moro\u00bb. \u00abEl equipo de futbol consigue unir a su entorno muchos j\u00f3venes y seguidores que permiten dar visibilidad al pueblo y animar a la gente a quedarse y fijar la poblaci\u00f3n.&nbsp; La lucha contra el despoblamiento ha sido uno de los ejes que han movido a estos concejales en su quehacer diario\u00bb, han a\u00f1adido. &nbsp; &nbsp;<\/p>\n\n\n\n<p>\u00abGracias a un apoyo por parte de diputado de Deportes, Andr\u00e9s Campos, y el esfuerzo que desde la Diputaci\u00f3n de Val\u00e8ncia, su presidente, Toni Gaspar, el vicepresidente y diputado de Cooperaci\u00f3n Municipal y Cohesi\u00f3n Territorial, Carlos Fern\u00e1ndez Bielsa, han realizado por conseguir unos Presupuestos en los que han integrado valores como la justicia social, la igualdad y los objetivos de desarrollo sostenible incluidos en la Agenda 2030 de Europa.&nbsp; El Plan de Inversiones 2020-21 de la Diputaci\u00f3n de Val\u00e8ncia tiene una dotaci\u00f3n global de 144 millones de euros, de los cuales cerca de 139 millones se repartir\u00e1n entre 261 municipios de la provincia, alrededor de 1.250.000 euros entre las 3 entidades locales menores existentes y otros 4 millones de euros que llegar\u00e1n a las 25 mancomunidades valencianas, en funci\u00f3n de su actividad y los municipios a los que representan\u00bb, han a\u00f1adido.<\/p>\n\n\n\n<p>\u00abEl equipo de gobierno provincial ha centrado sus esfuerzos durante el estado de alarma en garantizar, por una parte, la liquidez de los municipios para hacer frente a la crisis de la COVID-19, y por otra, en la preparaci\u00f3n del escenario posterior a dicho estado de alarma para retomar de inmediato la actividad, caso de la puesta en marcha de los proyectos de este Plan de Inversiones que servir\u00e1 para reactivar la econom\u00eda de los municipios valencianos\u00bb.<\/p>\n\n\n\n<p>\u00abEl despoblamiento ha sido uno de los elementos que se han tenido en cuenta y para eso los presupuestos adem\u00e1s del n\u00famero de habitantes, ha valorado la extensi\u00f3n de los territorios y el n\u00famero de aldeas entre otros elementos lo que ha sido favorecedor para la  Venta del Moro ya que a pesar de tener una poblaci\u00f3n&nbsp; de poco m\u00e1s de mil habitantes tiene 6 aldeas y una gran extensi\u00f3n de terreno lo que sin un presupuesto adecuado dificulta la dotaci\u00f3n adecuada de los mismos. Con estos presupuestos se ha conseguido superar los 500 mil euros y por fin lograr el tan esperado cesped del campo de futbol\u00bb.&nbsp;<\/p>\n\n\n\n<p>\u00abAgradecer al equipo de gobierno su colaboraci\u00f3n y disposici\u00f3n y darle la enhorabuena a los venturre\u00f1os que van a poder disfrutar de unas instalaciones de primer nivel\u00bb, han finalizado.&nbsp;<\/p>\n\n\n\n<ul class=\"wp-block-gallery columns-3 is-cropped wp-block-gallery-1 is-layout-flex wp-block-gallery-is-layout-flex\"><li class=\"blocks-gallery-item\"><figure><img loading=\"lazy\" decoding=\"async\" width=\"1024\" height=\"768\" src=\"https:\/\/www.tucomarca.com\/wordpress\/segunda\/wp-content\/uploads\/2020\/12\/CampoVentaDelMoro-1024x768.jpg\" alt=\"\" data-id=\"121389\" data-link=\"https:\/\/www.tucomarca.com\/wordpress\/segunda\/?attachment_id=121389\" class=\"wp-image-121389\" srcset=\"https:\/\/www.tucomarca.com\/wordpress\/segunda\/wp-content\/uploads\/2020\/12\/CampoVentaDelMoro-1024x768.jpg 1024w, https:\/\/www.tucomarca.com\/wordpress\/segunda\/wp-content\/uploads\/2020\/12\/CampoVentaDelMoro-300x225.jpg 300w, https:\/\/www.tucomarca.com\/wordpress\/segunda\/wp-content\/uploads\/2020\/12\/CampoVentaDelMoro-768x576.jpg 768w, https:\/\/www.tucomarca.com\/wordpress\/segunda\/wp-content\/uploads\/2020\/12\/CampoVentaDelMoro-678x509.jpg 678w, https:\/\/www.tucomarca.com\/wordpress\/segunda\/wp-content\/uploads\/2020\/12\/CampoVentaDelMoro-326x245.jpg 326w, https:\/\/www.tucomarca.com\/wordpress\/segunda\/wp-content\/uploads\/2020\/12\/CampoVentaDelMoro-80x60.jpg 80w, https:\/\/www.tucomarca.com\/wordpress\/segunda\/wp-content\/uploads\/2020\/12\/CampoVentaDelMoro.jpg 1600w\" sizes=\"auto, (max-width: 1024px) 100vw, 1024px\" \/><figcaption>El nuevo c\u00e9sped del campo.<\/figcaption><\/figure><\/li><li class=\"blocks-gallery-item\"><figure><img loading=\"lazy\" decoding=\"async\" width=\"1024\" height=\"1024\" src=\"https:\/\/www.tucomarca.com\/wordpress\/segunda\/wp-content\/uploads\/2020\/12\/ManuelVentadelMoro-1024x1024.jpg\" alt=\"\" data-id=\"121387\" data-link=\"https:\/\/www.tucomarca.com\/wordpress\/segunda\/?attachment_id=121387\" class=\"wp-image-121387\" srcset=\"https:\/\/www.tucomarca.com\/wordpress\/segunda\/wp-content\/uploads\/2020\/12\/ManuelVentadelMoro-1024x1024.jpg 1024w, https:\/\/www.tucomarca.com\/wordpress\/segunda\/wp-content\/uploads\/2020\/12\/ManuelVentadelMoro-290x290.jpg 290w, https:\/\/www.tucomarca.com\/wordpress\/segunda\/wp-content\/uploads\/2020\/12\/ManuelVentadelMoro-300x300.jpg 300w, https:\/\/www.tucomarca.com\/wordpress\/segunda\/wp-content\/uploads\/2020\/12\/ManuelVentadelMoro-768x768.jpg 768w, https:\/\/www.tucomarca.com\/wordpress\/segunda\/wp-content\/uploads\/2020\/12\/ManuelVentadelMoro.jpg 1080w\" sizes=\"auto, (max-width: 1024px) 100vw, 1024px\" \/><figcaption>El concejal Manuel Clemente.<\/figcaption><\/figure><\/li><li class=\"blocks-gallery-item\"><figure><img loading=\"lazy\" decoding=\"async\" width=\"762\" height=\"1024\" src=\"https:\/\/www.tucomarca.com\/wordpress\/segunda\/wp-content\/uploads\/2020\/12\/VentadelMoroPaco-762x1024.jpg\" alt=\"\" data-id=\"121384\" data-link=\"https:\/\/www.tucomarca.com\/wordpress\/segunda\/?attachment_id=121384\" class=\"wp-image-121384\" srcset=\"https:\/\/www.tucomarca.com\/wordpress\/segunda\/wp-content\/uploads\/2020\/12\/VentadelMoroPaco-762x1024.jpg 762w, https:\/\/www.tucomarca.com\/wordpress\/segunda\/wp-content\/uploads\/2020\/12\/VentadelMoroPaco-223x300.jpg 223w, https:\/\/www.tucomarca.com\/wordpress\/segunda\/wp-content\/uploads\/2020\/12\/VentadelMoroPaco-768x1032.jpg 768w, https:\/\/www.tucomarca.com\/wordpress\/segunda\/wp-content\/uploads\/2020\/12\/VentadelMoroPaco.jpg 1072w\" sizes=\"auto, (max-width: 762px) 100vw, 762px\" \/><figcaption>El presidente del CF Venta del Moro, Paco.<\/figcaption><\/figure><\/li><\/ul>\n\n\n\n<p><\/p>\n","protected":false},"excerpt":{"rendered":"<div class=\"mh-excerpt\">Este domingo, 6 de diciembre, d\u00eda de la Constituci\u00f3n se jug\u00f3 el primer partido en unas instalaciones remodeladas con un c\u00e9sped artificial que eleva el nivel del campo de futbol de Venta del Moro. \u00abHa <a class=\"mh-excerpt-more\" href=\"https:\/\/www.tucomarca.com\/wordpress\/segunda\/el-campo-de-futbol-de-venta-del-moro-estrena-su-nuevo-cesped\/\" title=\"El Campo de F\u00fatbol de Venta del Moro estrena su nuevo c\u00e9sped\">[+] <\/a><\/div>\n","protected":false},"author":1,"featured_media":121389,"comment_status":"open","ping_status":"open","sticky":false,"template":"","format":"gallery","meta":{"footnotes":""},"categories":[50,6,128,8,142,27,3,234],"tags":[10379,10661,10387,10454],"class_list":{"0":"post-121381","1":"post","2":"type-post","3":"status-publish","4":"format-gallery","5":"has-post-thumbnail","7":"category-futbol-deportes","8":"category-deportes","9":"category-infraestructuras","10":"category-la-comarca","11":"category-politica-la-comarca","12":"category-requena-utiel","13":"category-seccion","14":"category-venta-del-moro","15":"tag-deportes","16":"tag-esports","17":"tag-requena-utiel","18":"tag-venta-del-moro","19":"post_format-post-format-gallery"},"_links":{"self":[{"href":"https:\/\/www.tucomarca.com\/wordpress\/segunda\/wp-json\/wp\/v2\/posts\/121381","targetHints":{"allow":["GET"]}}],"collection":[{"href":"https:\/\/www.tucomarca.com\/wordpress\/segunda\/wp-json\/wp\/v2\/posts"}],"about":[{"href":"https:\/\/www.tucomarca.com\/wordpress\/segunda\/wp-json\/wp\/v2\/types\/post"}],"author":[{"embeddable":true,"href":"https:\/\/www.tucomarca.com\/wordpress\/segunda\/wp-json\/wp\/v2\/users\/1"}],"replies":[{"embeddable":true,"href":"https:\/\/www.tucomarca.com\/wordpress\/segunda\/wp-json\/wp\/v2\/comments?post=121381"}],"version-history":[{"count":0,"href":"https:\/\/www.tucomarca.com\/wordpress\/segunda\/wp-json\/wp\/v2\/posts\/121381\/revisions"}],"wp:featuredmedia":[{"embeddable":true,"href":"https:\/\/www.tucomarca.com\/wordpress\/segunda\/wp-json\/wp\/v2\/media\/121389"}],"wp:attachment":[{"href":"https:\/\/www.tucomarca.com\/wordpress\/segunda\/wp-json\/wp\/v2\/media?parent=121381"}],"wp:term":[{"taxonomy":"category","embeddable":true,"href":"https:\/\/www.tucomarca.com\/wordpress\/segunda\/wp-json\/wp\/v2\/categories?post=121381"},{"taxonomy":"post_tag","embeddable":true,"href":"https:\/\/www.tucomarca.com\/wordpress\/segunda\/wp-json\/wp\/v2\/tags?post=121381"}],"curies":[{"name":"wp","href":"https:\/\/api.w.org\/{rel}","templated":true}]}}