{"id":121386,"date":"2020-12-07T20:35:51","date_gmt":"2020-12-07T19:35:51","guid":{"rendered":"http:\/\/www.tucomarca.com\/wordpress\/segunda\/?p=121386"},"modified":"2020-12-07T21:55:06","modified_gmt":"2020-12-07T20:55:06","slug":"riba-roja-creara-espacios-en-la-television-y-la-radio-municipal-para-promocionar-las-actividades-de-las-asociaciones-comerciales","status":"publish","type":"post","link":"https:\/\/www.tucomarca.com\/wordpress\/segunda\/riba-roja-creara-espacios-en-la-television-y-la-radio-municipal-para-promocionar-las-actividades-de-las-asociaciones-comerciales\/","title":{"rendered":"Riba-roja crear\u00e1 espacios en la televisi\u00f3n y la radio municipal para promocionar las actividades de las asociaciones comerciales"},"content":{"rendered":"\n<h4 class=\"wp-block-heading\">El pleno aprueba la propuesta para dar voz a las entidades de la localidad<\/h4>\n\n\n\n<p>El Ayuntamiento de Riba-roja de T\u00faria crear\u00e1 espacios en la televisi\u00f3n y la radio municipales para dar cabida a las asociaciones y entidades comerciales de la localidad con el objetivo de permitirles canales a trav\u00e9s de los cuales poder emitir sus mensajes. La propuesta tiene la finalidad de que estos colectivos puedan tener medios que les permitan promocionarse en una coyuntura lastrada por la pandemia de la Covid-19.&nbsp;<\/p>\n\n\n\n<p>\tLa propuesta nace de una moci\u00f3n presentada por el grupo de Ciudadanos de Riba-roja de T\u00faria y que ha sido aprobada por el resto de partidos pol\u00edticos con representaci\u00f3n municipal en el pleno de la localidad: el PSPV, el Partido Popular, l\u2019Esquerra, Comprom\u00eds, Podemos Riba-roja Puede y Vox, que han apoyado todos los puntos contenidos en la citada resoluci\u00f3n pol\u00edtica.&nbsp;<\/p>\n\n\n\n<p>\tEl texto destaca que en la actualidad \u201cconsideramos que es un momento crucial para nuestros comercios y empresas, ya que hay muchos negocios que se est\u00e1n debatiendo entre continuar o bajar la persiana y no nos podemos permitir dejar a ning\u00fan comercio atr\u00e1s, es el momento de actuar todos juntos\u201d, matiza la moci\u00f3n aprobada por el pleno de Riba-roja de T\u00faria, que, adem\u00e1s, aboga por incluir en el plan de comunicaci\u00f3n municipal \u201cla participaci\u00f3n de las distintas asociaciones empresariales locales para fomentar la consolidaci\u00f3n de \u00e9stas y dar a conocer su trabajo\u201d.&nbsp;<\/p>\n\n\n\n<p>\tEl texto de Ciudadanos subraya \u201cla importancia de los peque\u00f1os comercios y empresarios, as\u00ed como la uni\u00f3n asociativa entre todos ellos, con la intenci\u00f3n de dinamizar y aumentar el tejido comercial\u201d, en un momento en el que \u201cse habla mucho de las grandes \u00e1reas comerciales, sobre todo porque puede perjudicar a los comercios m\u00e1s peque\u00f1os y favorecer a los grandes\u201d.&nbsp;<\/p>\n\n\n\n<p>\tDe este modo, la resoluci\u00f3n refrendada por el m\u00e1ximo \u00f3rgano de representaci\u00f3n municipal recuerda que en los \u00faltimos a\u00f1os \u201cse han formado y consolidado distintas asociaciones de comerciantes en Riba-roja de T\u00faria que han ido cobrando fuerza porque los propios comercios se han dado cuenta de las ventajas que supone unirse, con una defensa de los intereses comunes\u201d.&nbsp;<\/p>\n\n\n\n<p>\tLa moci\u00f3n del pleno de Riba-roja de T\u00faria afirma que las grandes empresas \u201cdisponen de medios y herramientas publicitarias que el peque\u00f1o comercio no puede permitirse a la hora de anunciarse o darse a conocer, de ah\u00ed la importancia de las asociaciones de comerciantes\u201d, por ello, matizan que \u201cdesde Ciudadanos creemos que es posible coordinar la dotaci\u00f3n a nuestras asociaciones de herramientas para promocionar sus negocios, con el acceso a los medios de difusi\u00f3n local llevando a cabo campa\u00f1as de promoci\u00f3n\u201d.<\/p>\n","protected":false},"excerpt":{"rendered":"<div class=\"mh-excerpt\">El pleno aprueba la propuesta para dar voz a las entidades de la localidad El Ayuntamiento de Riba-roja de T\u00faria crear\u00e1 espacios en la televisi\u00f3n y la radio municipales para dar cabida a las asociaciones <a class=\"mh-excerpt-more\" href=\"https:\/\/www.tucomarca.com\/wordpress\/segunda\/riba-roja-creara-espacios-en-la-television-y-la-radio-municipal-para-promocionar-las-actividades-de-las-asociaciones-comerciales\/\" title=\"Riba-roja crear\u00e1 espacios en la televisi\u00f3n y la radio municipal para promocionar las actividades de las asociaciones comerciales\">[+] <\/a><\/div>\n","protected":false},"author":12,"featured_media":121397,"comment_status":"open","ping_status":"open","sticky":false,"template":"","format":"standard","meta":{"footnotes":""},"categories":[46,128,8,142,182,3],"tags":[10395,1504],"class_list":{"0":"post-121386","1":"post","2":"type-post","3":"status-publish","4":"format-standard","5":"has-post-thumbnail","7":"category-camp-de-turia","8":"category-infraestructuras","9":"category-la-comarca","10":"category-politica-la-comarca","11":"category-riba-roja","12":"category-seccion","13":"tag-camp-de-turia","14":"tag-riba-roja-2"},"_links":{"self":[{"href":"https:\/\/www.tucomarca.com\/wordpress\/segunda\/wp-json\/wp\/v2\/posts\/121386","targetHints":{"allow":["GET"]}}],"collection":[{"href":"https:\/\/www.tucomarca.com\/wordpress\/segunda\/wp-json\/wp\/v2\/posts"}],"about":[{"href":"https:\/\/www.tucomarca.com\/wordpress\/segunda\/wp-json\/wp\/v2\/types\/post"}],"author":[{"embeddable":true,"href":"https:\/\/www.tucomarca.com\/wordpress\/segunda\/wp-json\/wp\/v2\/users\/12"}],"replies":[{"embeddable":true,"href":"https:\/\/www.tucomarca.com\/wordpress\/segunda\/wp-json\/wp\/v2\/comments?post=121386"}],"version-history":[{"count":0,"href":"https:\/\/www.tucomarca.com\/wordpress\/segunda\/wp-json\/wp\/v2\/posts\/121386\/revisions"}],"wp:featuredmedia":[{"embeddable":true,"href":"https:\/\/www.tucomarca.com\/wordpress\/segunda\/wp-json\/wp\/v2\/media\/121397"}],"wp:attachment":[{"href":"https:\/\/www.tucomarca.com\/wordpress\/segunda\/wp-json\/wp\/v2\/media?parent=121386"}],"wp:term":[{"taxonomy":"category","embeddable":true,"href":"https:\/\/www.tucomarca.com\/wordpress\/segunda\/wp-json\/wp\/v2\/categories?post=121386"},{"taxonomy":"post_tag","embeddable":true,"href":"https:\/\/www.tucomarca.com\/wordpress\/segunda\/wp-json\/wp\/v2\/tags?post=121386"}],"curies":[{"name":"wp","href":"https:\/\/api.w.org\/{rel}","templated":true}]}}