{"id":121407,"date":"2020-12-08T08:45:49","date_gmt":"2020-12-08T07:45:49","guid":{"rendered":"http:\/\/www.tucomarca.com\/wordpress\/segunda\/?p=121407"},"modified":"2020-12-08T19:12:12","modified_gmt":"2020-12-08T18:12:12","slug":"la-policia-local-de-leliana-levanta-8-actas-por-incumplimiento-de-las-medidas-covid-este-fin-de-semana","status":"publish","type":"post","link":"https:\/\/www.tucomarca.com\/wordpress\/segunda\/la-policia-local-de-leliana-levanta-8-actas-por-incumplimiento-de-las-medidas-covid-este-fin-de-semana\/","title":{"rendered":"La Polic\u00eda Local de L&#8217;Eliana levanta 8 actas por incumplimiento de las medidas Covid este fin de semana"},"content":{"rendered":"\n<h4 class=\"wp-block-heading\">La vigilancia policial continua durante el puente de la Inmaculada para evitar infracciones.<\/h4>\n\n\n\n<p>Este pasado fin de semana, de la noche del viernes 4 a la madrugada de este domingo, 6 de diciembre, la Polic\u00eda Local de l\u2019Eliana ha levantado un total de 9 actas por incumplimiento de la normativa vigente relativa a la pandemia de Covid-19. Concretamente 8 de las actuaciones est\u00e1n relacionadas con la vulneraci\u00f3n del toque de queda y 1 con el incumplimiento de la obligaci\u00f3n de portar mascarilla.<\/p>\n\n\n\n<p>El cuerpo policial viene desde hace semanas reforzando el n\u00famero de efectivos e intensificando la vigilancia con el objetivo de reducir las infracciones respecto a las medidas Covid, que tuvieron su pico m\u00e1s alto en esta segunda ola el pasado fin de semana del 20 al 22 de noviembre.<\/p>\n\n\n\n<p>La Polic\u00eda Local ha llevado a cabo esta primera mitad del puente de la Constituci\u00f3n y de la Inmaculada otras acciones destacables, una de ellas la detenci\u00f3n de una persona por alcoholemia positiva la madrugada del domingo. Adem\u00e1s, gracias a la actuaci\u00f3n de los agentes, la propietaria de un perro potencialmente peligroso pudo frenar la agresi\u00f3n, aunque result\u00f3 herida por su animal.&nbsp;<\/p>\n\n\n\n<p>El concejal de Seguridad Ciudadana, Vicente Zamora, ha apelado una semana m\u00e1s a la responsabilidad individual de la ciudadan\u00eda para evitar situaciones que pongan en riesgo la salud p\u00fablica y ha recordado que la Polic\u00eda Local continuar\u00e1 actuando lo que queda de puente para garantizar la seguridad de las vecinas y los vecinos de l\u2019Eliana.<\/p>\n","protected":false},"excerpt":{"rendered":"<div class=\"mh-excerpt\">La vigilancia policial continua durante el puente de la Inmaculada para evitar infracciones. Este pasado fin de semana, de la noche del viernes 4 a la madrugada de este domingo, 6 de diciembre, la Polic\u00eda <a class=\"mh-excerpt-more\" href=\"https:\/\/www.tucomarca.com\/wordpress\/segunda\/la-policia-local-de-leliana-levanta-8-actas-por-incumplimiento-de-las-medidas-covid-este-fin-de-semana\/\" title=\"La Polic\u00eda Local de L&#8217;Eliana levanta 8 actas por incumplimiento de las medidas Covid este fin de semana\">[+] <\/a><\/div>\n","protected":false},"author":12,"featured_media":120102,"comment_status":"open","ping_status":"open","sticky":false,"template":"","format":"standard","meta":{"footnotes":""},"categories":[46,119,12201,177,8,3,116],"tags":[10395,11937,11938,10433],"class_list":{"0":"post-121407","1":"post","2":"type-post","3":"status-publish","4":"format-standard","5":"has-post-thumbnail","7":"category-camp-de-turia","8":"category-sanidad-la-comarca","9":"category-covid-19","10":"category-leliana","11":"category-la-comarca","12":"category-seccion","13":"category-sucesos-la-comarca","14":"tag-camp-de-turia","15":"tag-coronavirus","16":"tag-covid-19","17":"tag-leliana"},"_links":{"self":[{"href":"https:\/\/www.tucomarca.com\/wordpress\/segunda\/wp-json\/wp\/v2\/posts\/121407","targetHints":{"allow":["GET"]}}],"collection":[{"href":"https:\/\/www.tucomarca.com\/wordpress\/segunda\/wp-json\/wp\/v2\/posts"}],"about":[{"href":"https:\/\/www.tucomarca.com\/wordpress\/segunda\/wp-json\/wp\/v2\/types\/post"}],"author":[{"embeddable":true,"href":"https:\/\/www.tucomarca.com\/wordpress\/segunda\/wp-json\/wp\/v2\/users\/12"}],"replies":[{"embeddable":true,"href":"https:\/\/www.tucomarca.com\/wordpress\/segunda\/wp-json\/wp\/v2\/comments?post=121407"}],"version-history":[{"count":0,"href":"https:\/\/www.tucomarca.com\/wordpress\/segunda\/wp-json\/wp\/v2\/posts\/121407\/revisions"}],"wp:featuredmedia":[{"embeddable":true,"href":"https:\/\/www.tucomarca.com\/wordpress\/segunda\/wp-json\/wp\/v2\/media\/120102"}],"wp:attachment":[{"href":"https:\/\/www.tucomarca.com\/wordpress\/segunda\/wp-json\/wp\/v2\/media?parent=121407"}],"wp:term":[{"taxonomy":"category","embeddable":true,"href":"https:\/\/www.tucomarca.com\/wordpress\/segunda\/wp-json\/wp\/v2\/categories?post=121407"},{"taxonomy":"post_tag","embeddable":true,"href":"https:\/\/www.tucomarca.com\/wordpress\/segunda\/wp-json\/wp\/v2\/tags?post=121407"}],"curies":[{"name":"wp","href":"https:\/\/api.w.org\/{rel}","templated":true}]}}