{"id":121633,"date":"2020-12-11T14:00:40","date_gmt":"2020-12-11T13:00:40","guid":{"rendered":"http:\/\/www.tucomarca.com\/wordpress\/segunda\/?p=121633"},"modified":"2020-12-11T18:41:53","modified_gmt":"2020-12-11T17:41:53","slug":"la-concejalia-de-hacienda-de-bunol-informa-a-los-proveedores-de-como-tramitar-sus-facturas","status":"publish","type":"post","link":"https:\/\/www.tucomarca.com\/wordpress\/segunda\/la-concejalia-de-hacienda-de-bunol-informa-a-los-proveedores-de-como-tramitar-sus-facturas\/","title":{"rendered":"La Concejal\u00eda de Hacienda de Bu\u00f1ol informa a los proveedores de c\u00f3mo tramitar sus facturas"},"content":{"rendered":"\n<p>La concejal\u00eda de Hacienda de Ayuntamiento de Bu\u00f1ol informa de c\u00f3mo deben tramitarse las facturas procedentes de proveedores. En un documento confeccionado por esta \u00e1rea del Consistorio bu\u00f1olense informan de que tanto en el caso de facturas electr\u00f3nicas como en papel, adem\u00e1s de los datos obligatorios que deben constar en una factura, deber\u00e1 incluirse el concepto y la concejal\u00eda que encarga el servicio o compra el suministro, as\u00ed como el n\u00famero de retenci\u00f3n de cr\u00e9dito suministrado por el Ayuntamiento en su caso (obligatorio para facturas de m\u00e1s de 5.000,00 euros) y tel\u00e9fono de contacto.<\/p>\n\n\n\n<p><strong>Factura electr\u00f3nica (FACe)<\/strong><\/p>\n\n\n\n<p>La Administraci\u00f3n General del Estado ofrece a sus proveedores de un \u00fanico punto de presentaci\u00f3n de facturas con todas las ventajas que ello conlleva \u2013 ventanilla \u00fanica de presentaci\u00f3n y consulta, formato unificado, codificaci\u00f3n unificada de unidades, etc, como es la Factura Electr\u00f3nica, como modo preferente si se trata de importes menores de 5.000 euros (IVA incluido) y obligatorio para importes que superen los 5.000 euros (IVA incluido).&nbsp;<\/p>\n\n\n\n<p>Adem\u00e1s, FACe puede ser utilizado por otras administraciones p\u00fablicas como su propio punto general de entrada de facturas electr\u00f3nicas, lo que incide en los beneficios para los proveedores de las administraciones.<\/p>\n\n\n\n<p>El punto ofrece un Portal web para presentar la factura electr\u00f3nica y permite a los proveedores si lo desean conectar sus sistemas de facturaci\u00f3n con FACe de manera autom\u00e1tica. Adem\u00e1s, el sistema est\u00e1 integrado con el cliente de generaci\u00f3n de facturas del Ministerio de Industria, Energ\u00eda y Turismo y con otros sistemas del sector privado, lo que permite un env\u00edo c\u00f3modo y sencillo de sus facturas electr\u00f3nicas.<\/p>\n\n\n\n<p>El portal FACe es <a href=\"https:\/\/face.gob.es\/es\"><strong>https:\/\/face.gob.es\/es<\/strong><\/a><\/p>\n\n\n\n<p><strong>Los datos de facturaci\u00f3n del Ayuntamiento son:&nbsp;<\/strong><\/p>\n\n\n\n<ul class=\"wp-block-list\"><li>CIF P4607900J<\/li><li>Direcci\u00f3n: Calle Cid, 20. 46360 Bu\u00f1ol (Valencia)<\/li><li>Tel\u00e9fono: 962 500 151<\/li><li>Correo electr\u00f3nico: intervencion@bunyol.es<\/li><\/ul>\n\n\n\n<p><strong>C\u00f3digos FACe (DIR3) del Ayuntamiento de Bu\u00f1ol:<\/strong><\/p>\n\n\n\n<ul class=\"wp-block-list\"><li>Oficina contable: L01460771<\/li><li>\u00d3rgano gestor: L01460771<\/li><li>Unidad tramitadora: L01460771<\/li><\/ul>\n\n\n\n<p>Previamente a la facturaci\u00f3n deber\u00e1 aportar un certificado de titularidad de cuenta si no lo hubiera realizado con anterioridad ante el Ayuntamiento de Bu\u00f1ol.<\/p>\n\n\n\n<p><strong>Factura Papel<\/strong><\/p>\n\n\n\n<p>El Ayuntamiento puede recibir facturaci\u00f3n en papel a trav\u00e9s del registro de entrada situado en:<\/p>\n\n\n\n<ul class=\"wp-block-list\"><li>Calle Cid, 20<\/li><li>46360 Bu\u00f1ol (Valencia)<\/li><\/ul>\n\n\n\n<p>Por \u00faltimo, informan de que en ning\u00fan caso se recepcionar\u00e1n facturas a trav\u00e9s de correo electr\u00f3nico.&nbsp;<br><\/p>\n","protected":false},"excerpt":{"rendered":"<div class=\"mh-excerpt\">La concejal\u00eda de Hacienda de Ayuntamiento de Bu\u00f1ol informa de c\u00f3mo deben tramitarse las facturas procedentes de proveedores. En un documento confeccionado por esta \u00e1rea del Consistorio bu\u00f1olense informan de que tanto en el caso <a class=\"mh-excerpt-more\" href=\"https:\/\/www.tucomarca.com\/wordpress\/segunda\/la-concejalia-de-hacienda-de-bunol-informa-a-los-proveedores-de-como-tramitar-sus-facturas\/\" title=\"La Concejal\u00eda de Hacienda de Bu\u00f1ol informa a los proveedores de c\u00f3mo tramitar sus facturas\">[+] <\/a><\/div>\n","protected":false},"author":12,"featured_media":121635,"comment_status":"open","ping_status":"open","sticky":false,"template":"","format":"standard","meta":{"footnotes":""},"categories":[18,128,8,10,142,3],"tags":[10385,13257,6098,5952],"class_list":{"0":"post-121633","1":"post","2":"type-post","3":"status-publish","4":"format-standard","5":"has-post-thumbnail","7":"category-bunol","8":"category-infraestructuras","9":"category-la-comarca","10":"category-la-hoya","11":"category-politica-la-comarca","12":"category-seccion","13":"tag-bunol","14":"tag-face","15":"tag-factura-electronica","16":"tag-la-hoya-de-bunol-chiva"},"_links":{"self":[{"href":"https:\/\/www.tucomarca.com\/wordpress\/segunda\/wp-json\/wp\/v2\/posts\/121633","targetHints":{"allow":["GET"]}}],"collection":[{"href":"https:\/\/www.tucomarca.com\/wordpress\/segunda\/wp-json\/wp\/v2\/posts"}],"about":[{"href":"https:\/\/www.tucomarca.com\/wordpress\/segunda\/wp-json\/wp\/v2\/types\/post"}],"author":[{"embeddable":true,"href":"https:\/\/www.tucomarca.com\/wordpress\/segunda\/wp-json\/wp\/v2\/users\/12"}],"replies":[{"embeddable":true,"href":"https:\/\/www.tucomarca.com\/wordpress\/segunda\/wp-json\/wp\/v2\/comments?post=121633"}],"version-history":[{"count":0,"href":"https:\/\/www.tucomarca.com\/wordpress\/segunda\/wp-json\/wp\/v2\/posts\/121633\/revisions"}],"wp:featuredmedia":[{"embeddable":true,"href":"https:\/\/www.tucomarca.com\/wordpress\/segunda\/wp-json\/wp\/v2\/media\/121635"}],"wp:attachment":[{"href":"https:\/\/www.tucomarca.com\/wordpress\/segunda\/wp-json\/wp\/v2\/media?parent=121633"}],"wp:term":[{"taxonomy":"category","embeddable":true,"href":"https:\/\/www.tucomarca.com\/wordpress\/segunda\/wp-json\/wp\/v2\/categories?post=121633"},{"taxonomy":"post_tag","embeddable":true,"href":"https:\/\/www.tucomarca.com\/wordpress\/segunda\/wp-json\/wp\/v2\/tags?post=121633"}],"curies":[{"name":"wp","href":"https:\/\/api.w.org\/{rel}","templated":true}]}}