{"id":1219,"date":"2012-05-10T12:07:27","date_gmt":"2012-05-10T12:07:27","guid":{"rendered":"http:\/\/www.tucomarca.com\/wordpress\/segunda\/?p=1219"},"modified":"2012-05-10T12:11:37","modified_gmt":"2012-05-10T12:11:37","slug":"turis-se-prepara-para-el-ii-campus-de-futbol-y-la-escuela-de-verano","status":"publish","type":"post","link":"https:\/\/www.tucomarca.com\/wordpress\/segunda\/turis-se-prepara-para-el-ii-campus-de-futbol-y-la-escuela-de-verano\/","title":{"rendered":"Tur\u00eds se prepara para el II Campus de F\u00fatbol y la Escuela de Verano"},"content":{"rendered":"<p>El Ayuntamiento de Tur\u00eds est\u00e1 preparando la segunda edici\u00f3n del campus de f\u00fatbol organizado por la empresa Passencurt. El a\u00f1o pasado 61 ni\u00f1os de la localidad pudieron disfrutar de estas actividades a las \u00f3rdenes de Lu\u00eds Pascual, Juan Torrijo, Sergio Ventosa y Salvador Gomar. Tanto Pascual como Torrijo asumen las competencias de director t\u00e9cnico y coordinador de contenidos respectivamente.<\/p>\n<p>El campus se desarrollar\u00e1 del 2 al 7 de julio y se incluye una visita al campo de Mestalla. El precio de la matr\u00edcula es de 160 euros con la posibilidad de cinco euros de bonificaci\u00f3n si se realiza la inscripci\u00f3n antes del 15 de mayo o si el alumno est\u00e1 empadronado en la localidad o ha participado en alguna edici\u00f3n anterior del campus. La p\u00e1gina web de Passencurt contiene toda la informaci\u00f3n al respecto.<\/p>\n<p>Por otro lado, la concejal\u00eda de Educaci\u00f3n ha abierto el plazo de matr\u00edcula para la Escoleta d\u2019Estiu. El precio asciende a 25 euros si se trata de una quincena de julio y 50 euros en caso de que el ni\u00f1o se matricule para todo el mes. Para los ni\u00f1os que asistan al campus de f\u00fatbol se ha previsto un precio especial de 38 euros.<\/p>\n<p>Dependiendo de la demanda, este a\u00f1o existe la posibilidad de que la escuela de verano se extienda al mes de agosto.<\/p>\n","protected":false},"excerpt":{"rendered":"<div class=\"mh-excerpt\">El Ayuntamiento de Tur\u00eds est\u00e1 preparando la segunda edici\u00f3n del campus de f\u00fatbol organizado por la empresa Passencurt. El a\u00f1o pasado 61 ni\u00f1os de la localidad pudieron disfrutar de estas actividades a las \u00f3rdenes de <a class=\"mh-excerpt-more\" href=\"https:\/\/www.tucomarca.com\/wordpress\/segunda\/turis-se-prepara-para-el-ii-campus-de-futbol-y-la-escuela-de-verano\/\" title=\"Tur\u00eds se prepara para el II Campus de F\u00fatbol y la Escuela de Verano\">[+] <\/a><\/div>\n","protected":false},"author":2,"featured_media":1223,"comment_status":"open","ping_status":"open","sticky":false,"template":"","format":"standard","meta":{"footnotes":""},"categories":[50,8,42,3,43],"tags":[127],"class_list":{"0":"post-1219","1":"post","2":"type-post","3":"status-publish","4":"format-standard","5":"has-post-thumbnail","7":"category-futbol-deportes","8":"category-la-comarca","9":"category-la-ribera","10":"category-seccion","11":"category-turis","12":"tag-torneo-futbol"},"_links":{"self":[{"href":"https:\/\/www.tucomarca.com\/wordpress\/segunda\/wp-json\/wp\/v2\/posts\/1219","targetHints":{"allow":["GET"]}}],"collection":[{"href":"https:\/\/www.tucomarca.com\/wordpress\/segunda\/wp-json\/wp\/v2\/posts"}],"about":[{"href":"https:\/\/www.tucomarca.com\/wordpress\/segunda\/wp-json\/wp\/v2\/types\/post"}],"author":[{"embeddable":true,"href":"https:\/\/www.tucomarca.com\/wordpress\/segunda\/wp-json\/wp\/v2\/users\/2"}],"replies":[{"embeddable":true,"href":"https:\/\/www.tucomarca.com\/wordpress\/segunda\/wp-json\/wp\/v2\/comments?post=1219"}],"version-history":[{"count":0,"href":"https:\/\/www.tucomarca.com\/wordpress\/segunda\/wp-json\/wp\/v2\/posts\/1219\/revisions"}],"wp:featuredmedia":[{"embeddable":true,"href":"https:\/\/www.tucomarca.com\/wordpress\/segunda\/wp-json\/wp\/v2\/media\/1223"}],"wp:attachment":[{"href":"https:\/\/www.tucomarca.com\/wordpress\/segunda\/wp-json\/wp\/v2\/media?parent=1219"}],"wp:term":[{"taxonomy":"category","embeddable":true,"href":"https:\/\/www.tucomarca.com\/wordpress\/segunda\/wp-json\/wp\/v2\/categories?post=1219"},{"taxonomy":"post_tag","embeddable":true,"href":"https:\/\/www.tucomarca.com\/wordpress\/segunda\/wp-json\/wp\/v2\/tags?post=1219"}],"curies":[{"name":"wp","href":"https:\/\/api.w.org\/{rel}","templated":true}]}}