{"id":121936,"date":"2020-12-16T09:09:58","date_gmt":"2020-12-16T08:09:58","guid":{"rendered":"http:\/\/www.tucomarca.com\/wordpress\/segunda\/?p=121936"},"modified":"2020-12-18T13:22:21","modified_gmt":"2020-12-18T12:22:21","slug":"la-dorada-escaparate-ganador-de-la-xii-edicion-del-concurso-de-escaparatismo-e-iluminacion-de-la-acyeb","status":"publish","type":"post","link":"https:\/\/www.tucomarca.com\/wordpress\/segunda\/la-dorada-escaparate-ganador-de-la-xii-edicion-del-concurso-de-escaparatismo-e-iluminacion-de-la-acyeb\/","title":{"rendered":"La Dorada, escaparate ganador de la XII edici\u00f3n del Concurso de Escaparatismo e Iluminaci\u00f3n de la ACYEB"},"content":{"rendered":"\n<p>Como cada a\u00f1o la Asociaci\u00f3n de Empresarios y Aut\u00f3nomos de Bu\u00f1ol y comarca premia a los comercios del municipio en su ya tradicional Concurso de Escaparatismo e Iluminaci\u00f3n y de decoraci\u00f3n de fachadas.<\/p>\n\n\n\n<p>En el Concurso de Escaparatismo e Iluminaci\u00f3n, en su XII edici\u00f3n, participan los comercios asociados. Un jurado experimentado ha valorado los escaparates de los comercios participantes. Los premiados han sido: 1\u00ba  La Dorada; 2\u00ba Florister\u00eda Tesabel; 3\u00ba Julia Estilistas. Los premios son 200\u20ac para el primero, 100\u20ac para el segundo y 50\u20ac para el tercer premio.<\/p>\n\n\n\n<p>Tambi\u00e9n se ha puesto en marcha la II edici\u00f3n del Concurso de Decoraci\u00f3n Navide\u00f1a de Fachadas y Balcones, para incentivar la participaci\u00f3n ciudadana en la decoraci\u00f3n de luces y adornos navide\u00f1os de las viviendas, y fomentar un ambiente festivo en el municipio y sus calles. Un jurado dar\u00e1 los premios a las tres mejores. Los premios son 150 \u20ac para el primero, 100 \u20ac para el segundo y 50 \u20ac para el tercer premio.<\/p>\n\n\n\n<ul class=\"wp-block-gallery columns-2 is-cropped wp-block-gallery-1 is-layout-flex wp-block-gallery-is-layout-flex\"><li class=\"blocks-gallery-item\"><figure><img loading=\"lazy\" decoding=\"async\" width=\"787\" height=\"787\" src=\"https:\/\/www.tucomarca.com\/wordpress\/segunda\/wp-content\/uploads\/2020\/12\/escaparates.jpg\" alt=\"\" data-id=\"121958\" data-link=\"https:\/\/www.tucomarca.com\/wordpress\/segunda\/?attachment_id=121958\" class=\"wp-image-121958\" srcset=\"https:\/\/www.tucomarca.com\/wordpress\/segunda\/wp-content\/uploads\/2020\/12\/escaparates.jpg 787w, https:\/\/www.tucomarca.com\/wordpress\/segunda\/wp-content\/uploads\/2020\/12\/escaparates-290x290.jpg 290w, https:\/\/www.tucomarca.com\/wordpress\/segunda\/wp-content\/uploads\/2020\/12\/escaparates-300x300.jpg 300w, https:\/\/www.tucomarca.com\/wordpress\/segunda\/wp-content\/uploads\/2020\/12\/escaparates-768x768.jpg 768w\" sizes=\"auto, (max-width: 787px) 100vw, 787px\" \/><\/figure><\/li><li class=\"blocks-gallery-item\"><figure><img loading=\"lazy\" decoding=\"async\" width=\"787\" height=\"787\" src=\"https:\/\/www.tucomarca.com\/wordpress\/segunda\/wp-content\/uploads\/2020\/12\/1EscaparateDorada.jpg\" alt=\"\" data-id=\"121945\" data-link=\"https:\/\/www.tucomarca.com\/wordpress\/segunda\/?attachment_id=121945\" class=\"wp-image-121945\" srcset=\"https:\/\/www.tucomarca.com\/wordpress\/segunda\/wp-content\/uploads\/2020\/12\/1EscaparateDorada.jpg 787w, https:\/\/www.tucomarca.com\/wordpress\/segunda\/wp-content\/uploads\/2020\/12\/1EscaparateDorada-290x290.jpg 290w, https:\/\/www.tucomarca.com\/wordpress\/segunda\/wp-content\/uploads\/2020\/12\/1EscaparateDorada-300x300.jpg 300w, https:\/\/www.tucomarca.com\/wordpress\/segunda\/wp-content\/uploads\/2020\/12\/1EscaparateDorada-768x768.jpg 768w\" sizes=\"auto, (max-width: 787px) 100vw, 787px\" \/><\/figure><\/li><li class=\"blocks-gallery-item\"><figure><img loading=\"lazy\" decoding=\"async\" width=\"787\" height=\"787\" src=\"https:\/\/www.tucomarca.com\/wordpress\/segunda\/wp-content\/uploads\/2020\/12\/2EscaparateTesabel.jpg\" alt=\"\" data-id=\"121943\" data-link=\"https:\/\/www.tucomarca.com\/wordpress\/segunda\/?attachment_id=121943\" class=\"wp-image-121943\" srcset=\"https:\/\/www.tucomarca.com\/wordpress\/segunda\/wp-content\/uploads\/2020\/12\/2EscaparateTesabel.jpg 787w, https:\/\/www.tucomarca.com\/wordpress\/segunda\/wp-content\/uploads\/2020\/12\/2EscaparateTesabel-290x290.jpg 290w, https:\/\/www.tucomarca.com\/wordpress\/segunda\/wp-content\/uploads\/2020\/12\/2EscaparateTesabel-300x300.jpg 300w, https:\/\/www.tucomarca.com\/wordpress\/segunda\/wp-content\/uploads\/2020\/12\/2EscaparateTesabel-768x768.jpg 768w\" sizes=\"auto, (max-width: 787px) 100vw, 787px\" \/><\/figure><\/li><li class=\"blocks-gallery-item\"><figure><img loading=\"lazy\" decoding=\"async\" width=\"787\" height=\"787\" src=\"https:\/\/www.tucomarca.com\/wordpress\/segunda\/wp-content\/uploads\/2020\/12\/3EscaparateJulia.jpg\" alt=\"\" data-id=\"121941\" data-link=\"https:\/\/www.tucomarca.com\/wordpress\/segunda\/?attachment_id=121941\" class=\"wp-image-121941\" srcset=\"https:\/\/www.tucomarca.com\/wordpress\/segunda\/wp-content\/uploads\/2020\/12\/3EscaparateJulia.jpg 787w, https:\/\/www.tucomarca.com\/wordpress\/segunda\/wp-content\/uploads\/2020\/12\/3EscaparateJulia-290x290.jpg 290w, https:\/\/www.tucomarca.com\/wordpress\/segunda\/wp-content\/uploads\/2020\/12\/3EscaparateJulia-300x300.jpg 300w, https:\/\/www.tucomarca.com\/wordpress\/segunda\/wp-content\/uploads\/2020\/12\/3EscaparateJulia-768x768.jpg 768w\" sizes=\"auto, (max-width: 787px) 100vw, 787px\" \/><\/figure><\/li><\/ul>\n","protected":false},"excerpt":{"rendered":"<div class=\"mh-excerpt\">Como cada a\u00f1o la Asociaci\u00f3n de Empresarios y Aut\u00f3nomos de Bu\u00f1ol y comarca premia a los comercios del municipio en su ya tradicional Concurso de Escaparatismo e Iluminaci\u00f3n y de decoraci\u00f3n de fachadas. En el <a class=\"mh-excerpt-more\" href=\"https:\/\/www.tucomarca.com\/wordpress\/segunda\/la-dorada-escaparate-ganador-de-la-xii-edicion-del-concurso-de-escaparatismo-e-iluminacion-de-la-acyeb\/\" title=\"La Dorada, escaparate ganador de la XII edici\u00f3n del Concurso de Escaparatismo e Iluminaci\u00f3n de la ACYEB\">[+] <\/a><\/div>\n","protected":false},"author":12,"featured_media":121945,"comment_status":"open","ping_status":"open","sticky":false,"template":"","format":"gallery","meta":{"footnotes":""},"categories":[18,128,8,10,3],"tags":[13338,10385,5952,13337],"class_list":{"0":"post-121936","1":"post","2":"type-post","3":"status-publish","4":"format-gallery","5":"has-post-thumbnail","7":"category-bunol","8":"category-infraestructuras","9":"category-la-comarca","10":"category-la-hoya","11":"category-seccion","12":"tag-acyeb","13":"tag-bunol","14":"tag-la-hoya-de-bunol-chiva","15":"tag-xii-concurso-de-escaparatismo-e-iluminacion","16":"post_format-post-format-gallery"},"_links":{"self":[{"href":"https:\/\/www.tucomarca.com\/wordpress\/segunda\/wp-json\/wp\/v2\/posts\/121936","targetHints":{"allow":["GET"]}}],"collection":[{"href":"https:\/\/www.tucomarca.com\/wordpress\/segunda\/wp-json\/wp\/v2\/posts"}],"about":[{"href":"https:\/\/www.tucomarca.com\/wordpress\/segunda\/wp-json\/wp\/v2\/types\/post"}],"author":[{"embeddable":true,"href":"https:\/\/www.tucomarca.com\/wordpress\/segunda\/wp-json\/wp\/v2\/users\/12"}],"replies":[{"embeddable":true,"href":"https:\/\/www.tucomarca.com\/wordpress\/segunda\/wp-json\/wp\/v2\/comments?post=121936"}],"version-history":[{"count":0,"href":"https:\/\/www.tucomarca.com\/wordpress\/segunda\/wp-json\/wp\/v2\/posts\/121936\/revisions"}],"wp:featuredmedia":[{"embeddable":true,"href":"https:\/\/www.tucomarca.com\/wordpress\/segunda\/wp-json\/wp\/v2\/media\/121945"}],"wp:attachment":[{"href":"https:\/\/www.tucomarca.com\/wordpress\/segunda\/wp-json\/wp\/v2\/media?parent=121936"}],"wp:term":[{"taxonomy":"category","embeddable":true,"href":"https:\/\/www.tucomarca.com\/wordpress\/segunda\/wp-json\/wp\/v2\/categories?post=121936"},{"taxonomy":"post_tag","embeddable":true,"href":"https:\/\/www.tucomarca.com\/wordpress\/segunda\/wp-json\/wp\/v2\/tags?post=121936"}],"curies":[{"name":"wp","href":"https:\/\/api.w.org\/{rel}","templated":true}]}}