{"id":122066,"date":"2020-12-18T14:00:11","date_gmt":"2020-12-18T13:00:11","guid":{"rendered":"http:\/\/www.tucomarca.com\/wordpress\/segunda\/?p=122066"},"modified":"2020-12-18T15:01:51","modified_gmt":"2020-12-18T14:01:51","slug":"la-diputacio-propone-soluciones-para-reducir-los-nitratos-en-el-ciclo-integral-del-agua-en-la-hoya-requena-utiel-y-ayora-cofrentes","status":"publish","type":"post","link":"https:\/\/www.tucomarca.com\/wordpress\/segunda\/la-diputacio-propone-soluciones-para-reducir-los-nitratos-en-el-ciclo-integral-del-agua-en-la-hoya-requena-utiel-y-ayora-cofrentes\/","title":{"rendered":"La Diputaci\u00f3 propone soluciones para reducir los nitratos en el ciclo integral del agua en La Hoya, Requena-Utiel y Ayora-Cofrentes"},"content":{"rendered":"\n<figure class=\"wp-block-image\"><img loading=\"lazy\" decoding=\"async\" width=\"1024\" height=\"683\" src=\"https:\/\/www.tucomarca.com\/wordpress\/segunda\/wp-content\/uploads\/2020\/12\/NitratosDipu2-1024x683.jpg\" alt=\"\" class=\"wp-image-122069\" srcset=\"https:\/\/www.tucomarca.com\/wordpress\/segunda\/wp-content\/uploads\/2020\/12\/NitratosDipu2-1024x683.jpg 1024w, https:\/\/www.tucomarca.com\/wordpress\/segunda\/wp-content\/uploads\/2020\/12\/NitratosDipu2-300x200.jpg 300w, https:\/\/www.tucomarca.com\/wordpress\/segunda\/wp-content\/uploads\/2020\/12\/NitratosDipu2-768x512.jpg 768w\" sizes=\"auto, (max-width: 1024px) 100vw, 1024px\" \/><\/figure>\n\n\n\n<p>El \u00e1rea de Proyectos Europeos de la Diputaci\u00f3 de Val\u00e8ncia, encabezada por el vicepresidente Carlos Fern\u00e1ndez Bielsa, ha celebrado este viernes de manera semipresencial, desde el Sal\u00f3n de Plenos de la corporaci\u00f3n, la tercera jornada del Proyecto Life Libernitrate, iniciativa cuya finalidad principal es la reducci\u00f3n de los nitratos en el ciclo integral del agua mediante procesos naturales y sostenibles.<\/p>\n\n\n\n<p>Este evento forma parte del ciclo de jornadas para implementar un plan de acci\u00f3n pol\u00edtica en los municipios valencianos. Para ello es necesario, en primer lugar, trasladar a las autoridades locales la gravedad del problema que supone la alta concentraci\u00f3n de nitratos en el agua, tanto para los usos agr\u00edcolas como para el consumo dom\u00e9stico.<\/p>\n\n\n\n<p>Contar con un sistema de agua de calidad es sin duda un servicio b\u00e1sico para el bienestar de un municipio, y la contaminaci\u00f3n de las aguas a causa de los nitratos supone una verdadera amenaza tanto para la salud de las personas como para el medio ambiente.&nbsp;<\/p>\n\n\n\n<p>En este sentido se ha pronunciado el vicepresidente Carlos Fern\u00e1ndez Bielsa, afirmando \u201cel compromiso de la Diputaci\u00f3 por no dejar al margen de la soluci\u00f3n al problema a ning\u00fan pueblo o aldea. Por ello acercamos el Proyecto Life a todas nuestras comarcas, porque consideramos que el acceso a los servicios b\u00e1sicos como el agua de calidad es la principal garant\u00eda de igualdad\u201d.<\/p>\n\n\n\n<p>Tras la exposici\u00f3n por parte de los t\u00e9cnicos de las acciones y sistemas a realizar a lo largo de los pr\u00f3ximos meses y hacer un balance de lo conseguido hasta ahora con el proyecto, la sensibilizaci\u00f3n y toma de conciencia sobre este asunto por parte de los dirigentes pol\u00edticos ha sido centrado parte del acto.&nbsp;<\/p>\n\n\n\n<p>En esta ocasi\u00f3n, la jornada se ha dirigido a los municipios de las comarcas de la Plana de Utiel-Requena, la Hoya de Bu\u00f1ol y el Valle de Ayora-Cofrentes, que han estado representados en el debate por Fernando Benlliure, alcalde de Utiel, Teresa Hern\u00e1ndez, alcaldesa de Siete Aguas, y \u00c1ngel P\u00e9rez, alcalde de Zarra. Todos ellos han intercambiado experiencias y han analizado las diferentes alternativas y propuestas para abordar el problema de la nitrificaci\u00f3n. Por \u00faltimo, se han estudiado las posibles herramientas de obtenci\u00f3n de l\u00edneas de financiaci\u00f3n para llevar a cabo las acciones pertinentes.<br><\/p>\n","protected":false},"excerpt":{"rendered":"<div class=\"mh-excerpt\">El \u00e1rea de Proyectos Europeos de la Diputaci\u00f3 de Val\u00e8ncia, encabezada por el vicepresidente Carlos Fern\u00e1ndez Bielsa, ha celebrado este viernes de manera semipresencial, desde el Sal\u00f3n de Plenos de la corporaci\u00f3n, la tercera jornada <a class=\"mh-excerpt-more\" href=\"https:\/\/www.tucomarca.com\/wordpress\/segunda\/la-diputacio-propone-soluciones-para-reducir-los-nitratos-en-el-ciclo-integral-del-agua-en-la-hoya-requena-utiel-y-ayora-cofrentes\/\" title=\"La Diputaci\u00f3 propone soluciones para reducir los nitratos en el ciclo integral del agua en La Hoya, Requena-Utiel y Ayora-Cofrentes\">[+] <\/a><\/div>\n","protected":false},"author":1,"featured_media":122067,"comment_status":"open","ping_status":"open","sticky":false,"template":"","format":"standard","meta":{"footnotes":""},"categories":[19,39,38,18,112,236,37,138,17,16,41,40,15,139,14,128,230,231,8,72,10,111,13,117,142,28,27,140,3,12,235,116,232,29,234,45,120,11,233],"tags":[10540,3677,5952,10387],"class_list":{"0":"post-122066","1":"post","2":"type-post","3":"status-publish","4":"format-standard","5":"has-post-thumbnail","7":"category-alborache","8":"category-ayora","9":"category-ayora-cofrentes","10":"category-bunol","11":"category-campo-arcis","12":"category-camporrobles","13":"category-caudete","14":"category-chera","15":"category-cheste","16":"category-chiva","17":"category-cofrentes","18":"category-cortes-de-pallas","19":"category-dos-aguas","20":"category-fuenterrobles","21":"category-godelleta","22":"category-infraestructuras","23":"category-jalance","24":"category-jarafuel","25":"category-la-comarca","26":"category-sin-categorizar","27":"category-la-hoya","28":"category-las-cuevas","29":"category-macastre","30":"category-medio-ambiente-la-comarca","31":"category-politica-la-comarca","32":"category-requena","33":"category-requena-utiel","34":"category-san-antonio","35":"category-seccion","36":"category-siete-aguas","37":"category-sinarcas","38":"category-sucesos-la-comarca","39":"category-teresa-de-cofrentes","40":"category-utiel","41":"category-venta-del-moro","42":"category-ventana","43":"category-villargordo-del-cabriel","44":"category-yatova","45":"category-zarra","46":"tag-ayora-cofrentes","47":"tag-diputacio-de-valencia","48":"tag-la-hoya-de-bunol-chiva","49":"tag-requena-utiel"},"_links":{"self":[{"href":"https:\/\/www.tucomarca.com\/wordpress\/segunda\/wp-json\/wp\/v2\/posts\/122066","targetHints":{"allow":["GET"]}}],"collection":[{"href":"https:\/\/www.tucomarca.com\/wordpress\/segunda\/wp-json\/wp\/v2\/posts"}],"about":[{"href":"https:\/\/www.tucomarca.com\/wordpress\/segunda\/wp-json\/wp\/v2\/types\/post"}],"author":[{"embeddable":true,"href":"https:\/\/www.tucomarca.com\/wordpress\/segunda\/wp-json\/wp\/v2\/users\/1"}],"replies":[{"embeddable":true,"href":"https:\/\/www.tucomarca.com\/wordpress\/segunda\/wp-json\/wp\/v2\/comments?post=122066"}],"version-history":[{"count":0,"href":"https:\/\/www.tucomarca.com\/wordpress\/segunda\/wp-json\/wp\/v2\/posts\/122066\/revisions"}],"wp:featuredmedia":[{"embeddable":true,"href":"https:\/\/www.tucomarca.com\/wordpress\/segunda\/wp-json\/wp\/v2\/media\/122067"}],"wp:attachment":[{"href":"https:\/\/www.tucomarca.com\/wordpress\/segunda\/wp-json\/wp\/v2\/media?parent=122066"}],"wp:term":[{"taxonomy":"category","embeddable":true,"href":"https:\/\/www.tucomarca.com\/wordpress\/segunda\/wp-json\/wp\/v2\/categories?post=122066"},{"taxonomy":"post_tag","embeddable":true,"href":"https:\/\/www.tucomarca.com\/wordpress\/segunda\/wp-json\/wp\/v2\/tags?post=122066"}],"curies":[{"name":"wp","href":"https:\/\/api.w.org\/{rel}","templated":true}]}}