{"id":122295,"date":"2020-12-22T19:31:14","date_gmt":"2020-12-22T18:31:14","guid":{"rendered":"http:\/\/www.tucomarca.com\/wordpress\/segunda\/?p=122295"},"modified":"2020-12-22T20:16:10","modified_gmt":"2020-12-22T19:16:10","slug":"la-alcaldesa-de-calles-mantiene-una-reunion-telematica-con-los-reyes-magos","status":"publish","type":"post","link":"https:\/\/www.tucomarca.com\/wordpress\/segunda\/la-alcaldesa-de-calles-mantiene-una-reunion-telematica-con-los-reyes-magos\/","title":{"rendered":"La alcaldesa de Calles mantiene una reuni\u00f3n telem\u00e1tica con los Reyes Magos"},"content":{"rendered":"\n<p><strong>Entre otros asuntos se ha acordado el protocolo para permitir la visita de Sus Majestades de Oriente en estas fechas tan se\u00f1aladas<\/strong><\/p>\n\n\n\n<p>La alcaldesa de Calles, Consuelo Garc\u00eda, ha mantenido en la ma\u00f1ana de este lunes una reuni\u00f3n telem\u00e1tica con SS.MM. los Reyes Magos de Oriente para organizar su pr\u00f3xima visita a la localidad y cumplir con todos los protocolos que estipula la situaci\u00f3n sanitaria que vive el pa\u00eds.<\/p>\n\n\n\n<p>En este marco, Garc\u00eda se ha reunido a trav\u00e9s de video-conferencia con Melchor, Gaspar y Baltasar, acordando que \u201cpara seguridad de todos\u201d no se podr\u00e1 celebrar la Cabalgata de Reyes como es habitual pero s\u00ed han establecido un protocolo para permitir la visita de Sus Majestades en estas fechas tan se\u00f1aladas.<\/p>\n\n\n\n<p>\u201cSe ha acordado con ellos preparar un permiso especial para que puedan venir hasta la poblaci\u00f3n sin infringir los l\u00edmites de movilidad ni el toque de queda\u201d, ha explicado Garc\u00eda, que ha subrayado la buena voluntad de los Reyes Magos para adaptarse a la situaci\u00f3n.<\/p>\n\n\n\n<p>\u201cDe esta manera los caramelos y regalos que siempre traen al ayuntamiento despu\u00e9s de la cabalgata ser\u00e1n repartidos en la puerta de las casas como manda la tradici\u00f3n, pero para aliviar su tarea, Este a\u00f1o m\u00e1s complicada que nunca, necesitan que te inscribas en el Ayuntamiento si ese d\u00eda vas a estar en casa. As\u00ed ellos podr\u00e1n ahorrar tiempo\u201d<\/p>\n\n\n\n<p>Por otra parte han hecho especial hincapi\u00e9 en que NING\u00daN NI\u00d1O O NI\u00d1A DEBE ESTAR EN LA CALLE. \u201cPara los Reyes Magos la salud de las ni\u00f1as, ni\u00f1os y el resto de la poblaci\u00f3n es lo primero as\u00ed que ese d\u00eda los esperaremos en las ventanas, balcones o el umbral de las puertas utilizando siempre mascarilla y manteniendo la distancia de seguridad\u201d, explica la primer edil. \u201cDe esta manera sus Majestades de Oriente podr\u00e1n realizar su labor de manera segura\u201d<\/p>\n\n\n\n<p>Puedes inscribirte en el Ayuntamiento de manera presencial o telef\u00f3nica, o enviar un correo electr\u00f3nico a aytocalles@gmail.com especificando direcci\u00f3n, tel\u00e9fono de contacto, edad del ni\u00f1o o ni\u00f1a y si se han portado bien durante este a\u00f1o.<\/p>\n","protected":false},"excerpt":{"rendered":"<div class=\"mh-excerpt\">Entre otros asuntos se ha acordado el protocolo para permitir la visita de Sus Majestades de Oriente en estas fechas tan se\u00f1aladas La alcaldesa de Calles, Consuelo Garc\u00eda, ha mantenido en la ma\u00f1ana de este <a class=\"mh-excerpt-more\" href=\"https:\/\/www.tucomarca.com\/wordpress\/segunda\/la-alcaldesa-de-calles-mantiene-una-reunion-telematica-con-los-reyes-magos\/\" title=\"La alcaldesa de Calles mantiene una reuni\u00f3n telem\u00e1tica con los Reyes Magos\">[+] <\/a><\/div>\n","protected":false},"author":12,"featured_media":122297,"comment_status":"open","ping_status":"open","sticky":false,"template":"","format":"standard","meta":{"footnotes":""},"categories":[190,8,5,59,7,383,3],"tags":[1327,9760,10400],"class_list":{"0":"post-122295","1":"post","2":"type-post","3":"status-publish","4":"format-standard","5":"has-post-thumbnail","7":"category-calles","8":"category-la-comarca","9":"category-la-semana-en-imagenes","10":"category-los-serranos","11":"category-ocio-y-cultura","12":"category-pueblos-en-fiestas","13":"category-seccion","14":"tag-calles-2","15":"tag-los-reyes-magos","16":"tag-los-serranos"},"_links":{"self":[{"href":"https:\/\/www.tucomarca.com\/wordpress\/segunda\/wp-json\/wp\/v2\/posts\/122295","targetHints":{"allow":["GET"]}}],"collection":[{"href":"https:\/\/www.tucomarca.com\/wordpress\/segunda\/wp-json\/wp\/v2\/posts"}],"about":[{"href":"https:\/\/www.tucomarca.com\/wordpress\/segunda\/wp-json\/wp\/v2\/types\/post"}],"author":[{"embeddable":true,"href":"https:\/\/www.tucomarca.com\/wordpress\/segunda\/wp-json\/wp\/v2\/users\/12"}],"replies":[{"embeddable":true,"href":"https:\/\/www.tucomarca.com\/wordpress\/segunda\/wp-json\/wp\/v2\/comments?post=122295"}],"version-history":[{"count":0,"href":"https:\/\/www.tucomarca.com\/wordpress\/segunda\/wp-json\/wp\/v2\/posts\/122295\/revisions"}],"wp:featuredmedia":[{"embeddable":true,"href":"https:\/\/www.tucomarca.com\/wordpress\/segunda\/wp-json\/wp\/v2\/media\/122297"}],"wp:attachment":[{"href":"https:\/\/www.tucomarca.com\/wordpress\/segunda\/wp-json\/wp\/v2\/media?parent=122295"}],"wp:term":[{"taxonomy":"category","embeddable":true,"href":"https:\/\/www.tucomarca.com\/wordpress\/segunda\/wp-json\/wp\/v2\/categories?post=122295"},{"taxonomy":"post_tag","embeddable":true,"href":"https:\/\/www.tucomarca.com\/wordpress\/segunda\/wp-json\/wp\/v2\/tags?post=122295"}],"curies":[{"name":"wp","href":"https:\/\/api.w.org\/{rel}","templated":true}]}}