{"id":122648,"date":"2020-12-28T19:00:02","date_gmt":"2020-12-28T18:00:02","guid":{"rendered":"http:\/\/www.tucomarca.com\/wordpress\/segunda\/?p=122648"},"modified":"2020-12-28T22:47:31","modified_gmt":"2020-12-28T21:47:31","slug":"riba-roja-sacara-a-licitacion-publica-9-millones-de-euros-en-obras-y-servicios-durante-el-ano-2021-y-fomentara-la-participacion-de-las-empresas-locales","status":"publish","type":"post","link":"https:\/\/www.tucomarca.com\/wordpress\/segunda\/riba-roja-sacara-a-licitacion-publica-9-millones-de-euros-en-obras-y-servicios-durante-el-ano-2021-y-fomentara-la-participacion-de-las-empresas-locales\/","title":{"rendered":"Riba-roja sacar\u00e1 a licitaci\u00f3n p\u00fablica 9 millones de euros en obras y servicios durante el a\u00f1o 2021 y fomentar\u00e1 la participaci\u00f3n de las empresas locales"},"content":{"rendered":"\n<h4 class=\"wp-block-heading\">El pleno reserva un 5% a Centros Especiales de Empleo e Inserci\u00f3n<\/h4>\n\n\n\n<p>El pleno del Ayuntamiento de Riba-roja de T\u00faria ha aprobado el Plan de Contrataci\u00f3n p\u00fablica del pr\u00f3ximo a\u00f1o 2021 por un importe de 9 millones de euros en nuevas licitaciones de obras, servicios y suministros p\u00fablicos a los que se a\u00f1adir\u00e1n otros 6 millones en concepto de nuevas licitaciones para la continuaci\u00f3n del servicio o suministros municipales.&nbsp;<\/p>\n\n\n\n<p>El acuerdo plenario de Riba-roja de T\u00faria impulsado por el equipo de gobierno del PSPV ha contado con el respaldo de las formaciones pol\u00edticas de Ciudadanos, Comprom\u00eds, l\u2019Esquerra, Podemos Riba-roja Puede y la abstenci\u00f3n del Partido Popular y Vox. Esta iniciativa ser\u00e1 publicada y difundida ahora en los medios p\u00fablicos para que llegue al mayor n\u00famero de empresas interesadas en la licitaci\u00f3n.&nbsp; &nbsp;<\/p>\n\n\n\n<p>El plan de contrataci\u00f3n p\u00fablica del pr\u00f3ximo ejercicio presupuestario introduce algunas novedades respecto de ejercicios presupuestarios anteriores como un incremento de la calidad de las contrataciones municipales y mayores facilidades en la participaci\u00f3n de las Pymes mediante una planificaci\u00f3n adecuada del presupuesto econ\u00f3mico, m\u00e1s coordinaci\u00f3n de las distintas \u00e1reas municipales, mejorar la participaci\u00f3n ciudadana y un aumento de la transparencia.&nbsp;<\/p>\n\n\n\n<p>Bajo estas premisas, el objetivo del Ayuntamiento de Riba-roja de T\u00faria es favorecer la inserci\u00f3n laboral de colectivos desfavorecidos mediante la contrataci\u00f3n p\u00fablica, una reserva del 5% del importe de las nuevas licitaciones del plan de contrataciones del pr\u00f3ximo a\u00f1o con destino a los Centros Especiales de Empleo y Empresas de Inserci\u00f3n.&nbsp;<\/p>\n\n\n\n<p>El plan anual de contrataci\u00f3n recoge la relaci\u00f3n de los contratos que saldr\u00e1n a licitaci\u00f3n p\u00fablica, con datos b\u00e1sicos como el objeto de los mismos, el precio, la duraci\u00f3n y los pormenores detallados para que las empresas interesadas puedan conocer anticipadamente los contratos y puedan planificarse para presentar en tiempo y forma su oferta correspondiente.&nbsp; El acuerdo plenario recuerda que desde el Ayuntamiento de Riba-roja de T\u00faria \u201cse han adaptado de modo urgente e inmediato toda una serie de medidas para paliar los efectos de esta crisis, pero todos los esfuerzos son pocos\u201d y, por tanto, defiende que desde todas las \u00e1reas y departamentos municipales \u201cse a\u00fanen los esfuerzos para paliar los efectos del Covid-19 mediante todas las pol\u00edticas p\u00fablicas, su importancia es vital en el proceso de reconstrucci\u00f3n y reactivaci\u00f3n econ\u00f3mica y social que nuestra sociedad necesita tras esta crisis sin precedentes\u201d.<\/p>\n\n\n\n<p>Las l\u00edneas de contrataci\u00f3n p\u00fablica tendr\u00e1n en cuenta las cl\u00e1usulas sociales que en su momento aprob\u00f3 el pleno del Ayuntamiento de Riba-roja de T\u00faria como una mayor puntuaci\u00f3n para aquellas empresas que contraten a personas m\u00e1s vulnerables o con dificultades para su inserci\u00f3n laboral y que hayan permanecido durante periodos largos de tiempo en una situaci\u00f3n de paro. &nbsp;<\/p>\n\n\n\n<p>El consistorio de Riba-roja de T\u00faria tambi\u00e9n tiene creada una comisi\u00f3n \u00e9tica municipal con el objetivo de evitar posibles casos de intereses que puedan surgir en el proceso de adjudicaci\u00f3n de los contratos p\u00fablicos del ayuntamiento, de tal forma que todas las posibles aspirantes a los mismos concurran con las mismas posibilidades. Garantizar la transparencia y la igualdad en el trato de todos los licitadores y candidatos en el procedimiento son otros de sus objetivos. &nbsp; &nbsp; &nbsp;<\/p>\n\n\n\n<p>La memoria de la contrataci\u00f3n p\u00fablica correspondiente al pasado ejercicio 2019 ha demostrado un ahorro de 1\u20193 millones de euros para las arcas p\u00fablicas gracias a la exigencia de la definici\u00f3n previa de las necesidades a satisfacer, la salvaguarda de la libre competencia y la selecci\u00f3n de la oferta econ\u00f3mica m\u00e1s ventajosa ya que hasta un 80% del valor econ\u00f3mico tramitado se ha realizado mediante procedimientos abiertos y de libre concurrencia.&nbsp;<\/p>\n\n\n\n<p>El alcalde de Riba-roja de T\u00faria, Robert Raga, ha afirmado que este plan anual de contratos \u201ces un eje fundamental de este equipo de gobierno en su objetivo de profundizar en la transparencia, en la libre concurrencia y en la posibilidad de que todas las peque\u00f1as y medianas empresas de la localidad puedan presentarse, para ello les facilitamos asesoramiento ya que al final es dinero que revierte en riqueza y empleo para el municipio\u201d.&nbsp;<\/p>\n","protected":false},"excerpt":{"rendered":"<div class=\"mh-excerpt\">El pleno reserva un 5% a Centros Especiales de Empleo e Inserci\u00f3n El pleno del Ayuntamiento de Riba-roja de T\u00faria ha aprobado el Plan de Contrataci\u00f3n p\u00fablica del pr\u00f3ximo a\u00f1o 2021 por un importe de <a class=\"mh-excerpt-more\" href=\"https:\/\/www.tucomarca.com\/wordpress\/segunda\/riba-roja-sacara-a-licitacion-publica-9-millones-de-euros-en-obras-y-servicios-durante-el-ano-2021-y-fomentara-la-participacion-de-las-empresas-locales\/\" title=\"Riba-roja sacar\u00e1 a licitaci\u00f3n p\u00fablica 9 millones de euros en obras y servicios durante el a\u00f1o 2021 y fomentar\u00e1 la participaci\u00f3n de las empresas locales\">[+] <\/a><\/div>\n","protected":false},"author":12,"featured_media":97233,"comment_status":"open","ping_status":"open","sticky":false,"template":"","format":"standard","meta":{"footnotes":""},"categories":[46,128,8,142,182,3],"tags":[10395,8900],"class_list":{"0":"post-122648","1":"post","2":"type-post","3":"status-publish","4":"format-standard","5":"has-post-thumbnail","7":"category-camp-de-turia","8":"category-infraestructuras","9":"category-la-comarca","10":"category-politica-la-comarca","11":"category-riba-roja","12":"category-seccion","13":"tag-camp-de-turia","14":"tag-riba-roja-del-turia"},"_links":{"self":[{"href":"https:\/\/www.tucomarca.com\/wordpress\/segunda\/wp-json\/wp\/v2\/posts\/122648","targetHints":{"allow":["GET"]}}],"collection":[{"href":"https:\/\/www.tucomarca.com\/wordpress\/segunda\/wp-json\/wp\/v2\/posts"}],"about":[{"href":"https:\/\/www.tucomarca.com\/wordpress\/segunda\/wp-json\/wp\/v2\/types\/post"}],"author":[{"embeddable":true,"href":"https:\/\/www.tucomarca.com\/wordpress\/segunda\/wp-json\/wp\/v2\/users\/12"}],"replies":[{"embeddable":true,"href":"https:\/\/www.tucomarca.com\/wordpress\/segunda\/wp-json\/wp\/v2\/comments?post=122648"}],"version-history":[{"count":0,"href":"https:\/\/www.tucomarca.com\/wordpress\/segunda\/wp-json\/wp\/v2\/posts\/122648\/revisions"}],"wp:featuredmedia":[{"embeddable":true,"href":"https:\/\/www.tucomarca.com\/wordpress\/segunda\/wp-json\/wp\/v2\/media\/97233"}],"wp:attachment":[{"href":"https:\/\/www.tucomarca.com\/wordpress\/segunda\/wp-json\/wp\/v2\/media?parent=122648"}],"wp:term":[{"taxonomy":"category","embeddable":true,"href":"https:\/\/www.tucomarca.com\/wordpress\/segunda\/wp-json\/wp\/v2\/categories?post=122648"},{"taxonomy":"post_tag","embeddable":true,"href":"https:\/\/www.tucomarca.com\/wordpress\/segunda\/wp-json\/wp\/v2\/tags?post=122648"}],"curies":[{"name":"wp","href":"https:\/\/api.w.org\/{rel}","templated":true}]}}