{"id":122896,"date":"2020-12-31T07:59:38","date_gmt":"2020-12-31T06:59:38","guid":{"rendered":"http:\/\/www.tucomarca.com\/wordpress\/segunda\/?p=122896"},"modified":"2021-01-04T11:00:21","modified_gmt":"2021-01-04T10:00:21","slug":"ava-asaja-reclama-medidas-urgentes-para-eliminar-excedentes-de-vino-y-frenar-el-hundimiento-de-precios","status":"publish","type":"post","link":"https:\/\/www.tucomarca.com\/wordpress\/segunda\/ava-asaja-reclama-medidas-urgentes-para-eliminar-excedentes-de-vino-y-frenar-el-hundimiento-de-precios\/","title":{"rendered":"AVA-Asaja reclama medidas urgentes para eliminar excedentes de vino y frenar el hundimiento de precios"},"content":{"rendered":"\n<h4 class=\"wp-block-heading\">La organizaci\u00f3n estima en m\u00e1s de 20 millones las p\u00e9rdidas que soportar\u00e1n los viticultores valencianos si el Gobierno y la Generalitat no aplican soluciones<\/h4>\n\n\n\n<p>La Asociaci\u00f3n Valenciana de Agricultores (AVA-Asaja) reclama al Gobierno central y a la Generalitat Valenciana que pongan en marcha medidas de car\u00e1cter extraordinario y urgente para estabilizar el mercado del vino y frenar as\u00ed el actual hundimiento de los precios en origen. Esta demanda, que tambi\u00e9n se lanza desde otras organizaciones de Asaja, toma fuerza despu\u00e9s de que la Comisi\u00f3n Europea haya favorecido la posibilidad a los estados miembros de activar medidas sobre el sector vitivin\u00edcola.<\/p>\n\n\n\n<p>A pesar del aumento del consumo dom\u00e9stico de vino, las restricciones del canal Horeca ocasionadas por el Covid-19 est\u00e1n reduciendo las ventas y ello se ha traducido en una profunda apat\u00eda del mercado vitivin\u00edcola valenciano y en un desplome de las cotizaciones en origen que oscilan entre el 25 y el 30%, seg\u00fan variedades, en comparaci\u00f3n con las percibidas en las mismas fechas del a\u00f1o pasado, que ya eran negativas. Seg\u00fan estimaciones de AVA-Asaja, las p\u00e9rdidas que soportar\u00e1n los viticultores de la Comunitat Valenciana superar\u00e1n con creces los 20 millones de euros durante la presente campa\u00f1a si las administraciones no aplican soluciones. <\/p>\n\n\n\n<p>La principal reivindicaci\u00f3n de AVA-Asaja es la activaci\u00f3n inmediata de la destilaci\u00f3n a trav\u00e9s de un presupuesto aparte del Programa de Apoyo al Sector Vitivin\u00edcola Espa\u00f1ol (PASVE), a fin de restar excedentes de uvas en las bodegas de cara a los pr\u00f3ximos meses e incluso para afrontar el inicio de la siguiente vendimia en unas mejores condiciones comerciales. Los otros pa\u00edses europeos l\u00edderes en producci\u00f3n de vino \u2013Francia e Italia\u2013 ya se han posicionado respecto a una destilaci\u00f3n de crisis que aten\u00fae el impacto econ\u00f3mico de la pandemia.<\/p>\n\n\n\n<p>AVA-Asaja tambi\u00e9n solicita que las administraciones hagan cumplir las normativas nacionales y auton\u00f3micas vigentes en defensa de los viticultores. Por un lado, la reciente reforma de la Ley de la Cadena Alimentaria no se est\u00e1 aplicando para garantizar el cumplimento de los contratos de compraventa, en especial la obligaci\u00f3n de percibir unos precios que cubran los costes de producci\u00f3n. Por otro lado, la organizaci\u00f3n agraria pide la puesta en marcha de la Ley de la Vi\u00f1a y el Vino para recoger adem\u00e1s el control de la producci\u00f3n y sancionar las infracciones.<\/p>\n\n\n\n<p>El responsable de la sectorial del Vino de AVA-Asaja, Jos\u00e9 Luis Robredo, exhorta al Gobierno y a la Generalitat Valenciana que \u201ctomen cartas en el asunto porque la rentabilidad de los viticultores es una ruina desde hace a\u00f1os y ahora el Covid-19 puede suponer la puntilla para muchas familias. Los datos del Ministerio indican que el vi\u00f1edo es el cultivo valenciano que m\u00e1s superficie ha dejado de cultivarse en 2020 \u2013con una reducci\u00f3n de 1.100 hect\u00e1reas respecto a 2019\u2013 lo que pone en evidencia la situaci\u00f3n l\u00edmite que atravesamos. La clase pol\u00edtica debe tener presente al sector primario, ser sensible con \u00e9l y defenderlo con hechos porque es primordial para la cadena alimentaria\u201d.<br> <br><strong> Subvenci\u00f3n en el seguro<br><\/strong> <br>Por otra parte,&nbsp; AVA-Asaja valora la decisi\u00f3n del Gobierno de subvencionar los recargos por siniestralidad en el seguro agrario, una modificaci\u00f3n legislativa que permitir\u00e1 aliviar los incrementos en el coste de las p\u00f3lizas en caso de sufrir adversidades clim\u00e1ticas. Sin embargo, la organizaci\u00f3n agraria solicita que esta ventaja no se aplique solo a partir del 1 de enero de 2021, tal como aprob\u00f3 el Consejo de Ministros, sino que cubra todo el periodo de contrataci\u00f3n del seguro de la uva para vinificaci\u00f3n, que empez\u00f3 el 1 de octubre, porque una gran parte de los viticultores suscribieron sus p\u00f3lizas en diciembre y no tiene ning\u00fan sentido esta discriminaci\u00f3n. Informa, <strong>Luis Ib\u00e1\u00f1ez.<\/strong><\/p>\n","protected":false},"excerpt":{"rendered":"<div class=\"mh-excerpt\">La organizaci\u00f3n estima en m\u00e1s de 20 millones las p\u00e9rdidas que soportar\u00e1n los viticultores valencianos si el Gobierno y la Generalitat no aplican soluciones La Asociaci\u00f3n Valenciana de Agricultores (AVA-Asaja) reclama al Gobierno central y <a class=\"mh-excerpt-more\" href=\"https:\/\/www.tucomarca.com\/wordpress\/segunda\/ava-asaja-reclama-medidas-urgentes-para-eliminar-excedentes-de-vino-y-frenar-el-hundimiento-de-precios\/\" title=\"AVA-Asaja reclama medidas urgentes para eliminar excedentes de vino y frenar el hundimiento de precios\">[+] <\/a><\/div>\n","protected":false},"author":12,"featured_media":122898,"comment_status":"open","ping_status":"open","sticky":false,"template":"","format":"standard","meta":{"footnotes":""},"categories":[169,8,72,42,28,27,3,43,29,45],"tags":[328,10716,5215],"class_list":{"0":"post-122896","1":"post","2":"type-post","3":"status-publish","4":"format-standard","5":"has-post-thumbnail","7":"category-agricultura-la-comarca","8":"category-la-comarca","9":"category-sin-categorizar","10":"category-la-ribera","11":"category-requena","12":"category-requena-utiel","13":"category-seccion","14":"category-turis","15":"category-utiel","16":"category-ventana","17":"tag-ava-asaja","18":"tag-generalitat-valenciana","19":"tag-ministerio-agricultura"},"_links":{"self":[{"href":"https:\/\/www.tucomarca.com\/wordpress\/segunda\/wp-json\/wp\/v2\/posts\/122896","targetHints":{"allow":["GET"]}}],"collection":[{"href":"https:\/\/www.tucomarca.com\/wordpress\/segunda\/wp-json\/wp\/v2\/posts"}],"about":[{"href":"https:\/\/www.tucomarca.com\/wordpress\/segunda\/wp-json\/wp\/v2\/types\/post"}],"author":[{"embeddable":true,"href":"https:\/\/www.tucomarca.com\/wordpress\/segunda\/wp-json\/wp\/v2\/users\/12"}],"replies":[{"embeddable":true,"href":"https:\/\/www.tucomarca.com\/wordpress\/segunda\/wp-json\/wp\/v2\/comments?post=122896"}],"version-history":[{"count":0,"href":"https:\/\/www.tucomarca.com\/wordpress\/segunda\/wp-json\/wp\/v2\/posts\/122896\/revisions"}],"wp:featuredmedia":[{"embeddable":true,"href":"https:\/\/www.tucomarca.com\/wordpress\/segunda\/wp-json\/wp\/v2\/media\/122898"}],"wp:attachment":[{"href":"https:\/\/www.tucomarca.com\/wordpress\/segunda\/wp-json\/wp\/v2\/media?parent=122896"}],"wp:term":[{"taxonomy":"category","embeddable":true,"href":"https:\/\/www.tucomarca.com\/wordpress\/segunda\/wp-json\/wp\/v2\/categories?post=122896"},{"taxonomy":"post_tag","embeddable":true,"href":"https:\/\/www.tucomarca.com\/wordpress\/segunda\/wp-json\/wp\/v2\/tags?post=122896"}],"curies":[{"name":"wp","href":"https:\/\/api.w.org\/{rel}","templated":true}]}}