{"id":122958,"date":"2021-01-04T09:01:54","date_gmt":"2021-01-04T08:01:54","guid":{"rendered":"http:\/\/www.tucomarca.com\/wordpress\/segunda\/?p=122958"},"modified":"2021-01-05T14:43:56","modified_gmt":"2021-01-05T13:43:56","slug":"agricultura-aumenta-un-17-los-fondos-destinados-a-subvencionar-el-seguro-agrario-de-los-agricultores-y-ganaderos-de-la-comunitat-valenciana","status":"publish","type":"post","link":"https:\/\/www.tucomarca.com\/wordpress\/segunda\/agricultura-aumenta-un-17-los-fondos-destinados-a-subvencionar-el-seguro-agrario-de-los-agricultores-y-ganaderos-de-la-comunitat-valenciana\/","title":{"rendered":"Agricultura aumenta un 17 % los fondos destinados a subvencionar el seguro agrario de los agricultores y ganaderos de la Comunitat Valenciana"},"content":{"rendered":"\n<p>La Conselleria de Agricultura, Desarrollo Rural, Emergencia Clim\u00e1tica y Transici\u00f3n Ecol\u00f3gica ha incrementado en un 17 % los fondos destinados a subvencionar la contrataci\u00f3n de seguros agrarios por parte de los agricultores y ganaderos valencianos.<\/p>\n\n\n\n<p>De este modo, el presupuesto final para cubrir esta l\u00ednea asciende a un total de 28,5 millones, es decir, 4 millones m\u00e1s de los inicialmente previstos. Este aumento, cuyo objetivo no es otro que cubrir de forma adecuada la demanda existente en el sector, ha sido posible gracias a \u201cuna serie de recientes y sucesivas modificaciones presupuestarias aprobadas por el Consell que han permitido ampliar de manera sustancial el dinero que emplea la Administraci\u00f3n auton\u00f3mica para ayudar a los agricultores y ganaderos de la Comunitat Valenciana a contratar sus p\u00f3lizas\u201d afirman desde el organismo.<\/p>\n\n\n\n<p>La consellera de Agricultura, Mireia Moll\u00e0, ha afirmado que el sistema de seguros agrarios \u00abconstituye un instrumento fundamental de apoyo a las rentas, al tiempo que aporta la seguridad necesaria que precisan los profesionales para desarrollar su trabajo y como somos conscientes de la importancia que tienen hemos realizado un esfuerzo econ\u00f3mico adicional dirigido a fomentar la estabilidad que precisa el sector\u00bb.<\/p>\n\n\n\n<p>Las subvenciones que aporta la conselleria de Agricultura al seguro agrario se aplican en forma de descuento sobre el valor de la p\u00f3liza que suscribe el agricultor o el ganadero y si bien la casu\u00edstica es muy diversa, el ahorro que estas ayudas p\u00fablicas suponen para el profesional pueden llegar hasta el 65% del valor de mercado del seguro contratado.<\/p>\n\n\n\n<p><strong>M\u00e1s de 30.000 beneficiarios<\/strong><\/p>\n\n\n\n<p>Por su parte, el secretario auton\u00f3mico de Agricultura y Desarrollo Rural, Roger Llanes, ha destacado que \u00abcontamos con uno de los sistemas de seguros agrarios m\u00e1s s\u00f3lidos y avanzados de cuantos existen en el mundo y eso se debe en gran parte al respaldo decidido que desde las administraciones venimos prestando a su mantenimiento y que propiciaron que el a\u00f1o pasado m\u00e1s de 30.000 agricultores valencianos se beneficiaran de las mismas\u00bb.<\/p>\n\n\n\n<p>As\u00ed, los datos sobre los efectos que tienen estas ayudas para fomentar el uso del seguro entre los agricultores y ganaderos revelan que durante el ejercicio correspondiente a 2019 se suscribieron en la Comunitat Valenciana un total de 32.362 p\u00f3lizas que sirvieron para proporcionar cobertura aseguradora a una superficie de 170.347 hect\u00e1reas y a un n\u00famero de animales que se aproxim\u00f3 a los 42.000.<\/p>\n\n\n\n<p>La Comunitat Valenciana es la comunidad aut\u00f3noma que \u201cm\u00e1s presupuesto aporta al fondo agrario, un compromiso que mantiene y ampl\u00eda con este incremento destinado a que el aumento de la p\u00f3liza no repercuta en una merma de la renta de las personas agricultoras y ganaderas de nuestro territorio\u201d destacan desde Agricultura. Informa, <strong>Luis Ib\u00e1\u00f1ez.<\/strong><\/p>\n","protected":false},"excerpt":{"rendered":"<div class=\"mh-excerpt\">La Conselleria de Agricultura, Desarrollo Rural, Emergencia Clim\u00e1tica y Transici\u00f3n Ecol\u00f3gica ha incrementado en un 17 % los fondos destinados a subvencionar la contrataci\u00f3n de seguros agrarios por parte de los agricultores y ganaderos valencianos. <a class=\"mh-excerpt-more\" href=\"https:\/\/www.tucomarca.com\/wordpress\/segunda\/agricultura-aumenta-un-17-los-fondos-destinados-a-subvencionar-el-seguro-agrario-de-los-agricultores-y-ganaderos-de-la-comunitat-valenciana\/\" title=\"Agricultura aumenta un 17 % los fondos destinados a subvencionar el seguro agrario de los agricultores y ganaderos de la Comunitat Valenciana\">[+] <\/a><\/div>\n","protected":false},"author":12,"featured_media":122416,"comment_status":"open","ping_status":"open","sticky":false,"template":"","format":"standard","meta":{"footnotes":""},"categories":[169,38,46,70,8,72,10,42,59,27,3,45],"tags":[85,3545,12855,2442],"class_list":{"0":"post-122958","1":"post","2":"type-post","3":"status-publish","4":"format-standard","5":"has-post-thumbnail","7":"category-agricultura-la-comarca","8":"category-ayora-cofrentes","9":"category-camp-de-turia","10":"category-la-canal-de-navarres","11":"category-la-comarca","12":"category-sin-categorizar","13":"category-la-hoya","14":"category-la-ribera","15":"category-los-serranos","16":"category-requena-utiel","17":"category-seccion","18":"category-ventana","19":"tag-agricultura","20":"tag-comunitat-valenciana","21":"tag-conselleria-de-agricultura","22":"tag-seguro-agrario"},"_links":{"self":[{"href":"https:\/\/www.tucomarca.com\/wordpress\/segunda\/wp-json\/wp\/v2\/posts\/122958","targetHints":{"allow":["GET"]}}],"collection":[{"href":"https:\/\/www.tucomarca.com\/wordpress\/segunda\/wp-json\/wp\/v2\/posts"}],"about":[{"href":"https:\/\/www.tucomarca.com\/wordpress\/segunda\/wp-json\/wp\/v2\/types\/post"}],"author":[{"embeddable":true,"href":"https:\/\/www.tucomarca.com\/wordpress\/segunda\/wp-json\/wp\/v2\/users\/12"}],"replies":[{"embeddable":true,"href":"https:\/\/www.tucomarca.com\/wordpress\/segunda\/wp-json\/wp\/v2\/comments?post=122958"}],"version-history":[{"count":0,"href":"https:\/\/www.tucomarca.com\/wordpress\/segunda\/wp-json\/wp\/v2\/posts\/122958\/revisions"}],"wp:featuredmedia":[{"embeddable":true,"href":"https:\/\/www.tucomarca.com\/wordpress\/segunda\/wp-json\/wp\/v2\/media\/122416"}],"wp:attachment":[{"href":"https:\/\/www.tucomarca.com\/wordpress\/segunda\/wp-json\/wp\/v2\/media?parent=122958"}],"wp:term":[{"taxonomy":"category","embeddable":true,"href":"https:\/\/www.tucomarca.com\/wordpress\/segunda\/wp-json\/wp\/v2\/categories?post=122958"},{"taxonomy":"post_tag","embeddable":true,"href":"https:\/\/www.tucomarca.com\/wordpress\/segunda\/wp-json\/wp\/v2\/tags?post=122958"}],"curies":[{"name":"wp","href":"https:\/\/api.w.org\/{rel}","templated":true}]}}