{"id":123073,"date":"2021-01-05T17:00:44","date_gmt":"2021-01-05T16:00:44","guid":{"rendered":"http:\/\/www.tucomarca.com\/wordpress\/segunda\/?p=123073"},"modified":"2021-01-05T17:20:59","modified_gmt":"2021-01-05T16:20:59","slug":"la-generalitat-cierra-perimetralmente-cheste-lliria-ayora-utiel-guadassuar-canals-sinarcas-y-anna-entre-otros-29-municipios","status":"publish","type":"post","link":"https:\/\/www.tucomarca.com\/wordpress\/segunda\/la-generalitat-cierra-perimetralmente-cheste-lliria-ayora-utiel-guadassuar-canals-sinarcas-y-anna-entre-otros-29-municipios\/","title":{"rendered":"La Generalitat cierra perimetralmente Cheste, Ll\u00edria, Ayora, Utiel, Guadassuar, Canals, Sinarcas y Anna entre otros 29 municipios"},"content":{"rendered":"\n<h4 class=\"wp-block-heading\"><strong>Se declara el confinamiento perimetral hasta el 21 de enero de 29 municipios con una incidencia cr\u00edtica de COVID-19, a los que se aplicar\u00e1n medidas m\u00e1s restrictivasSe proh\u00edbe fumar en las terrazas de los locales de hosteler\u00eda y se establece que las mesas en el interior o terraza ser\u00e1n de un m\u00e1ximo de 4 personas<\/strong><\/h4>\n\n\n\n<h4 class=\"wp-block-heading\">Se reduce el aforo de los locales comerciales al 30 %, con excepci\u00f3n de los dedicados al comercio esencial de alimentaci\u00f3n, farmacias, ortopedias, \u00f3pticas, servicios de peluquer\u00eda y centros de veterinaria, que se mantendr\u00e1n al 50 %<\/h4>\n\n\n\n<h4 class=\"wp-block-heading\"><strong>Estas medidas se implantar\u00e1n este jueves, d\u00eda 7 de enero, y estar\u00e1n en vigor, al menos, hasta el 31 de enero<\/strong><\/h4>\n\n\n\n<h4 class=\"wp-block-heading\">El president avanza que ha convocado para este mismo jueves, coincidiendo con la aplicaci\u00f3n de las nuevas medidas, a la patronal y a los sindicatos para acordar un plan de ayudas a los sectores m\u00e1s afectados por la pandemia<\/h4>\n\n\n\n<p>El president de la Generalitat, Ximo Puig, ha anunciado la pr\u00f3rroga del confinamiento perimetral de la Comunitat Valenciana hasta el 31 de enero, el adelanto a las 22.00 horas de la restricci\u00f3n de la movilidad nocturna y el cierre de la hosteler\u00eda de toda la Comunitat Valenciana a partir de las 17.00 horas, medidas que entrar\u00e1n en vigor el pr\u00f3ximo jueves, 7 de enero, y se mantendr\u00e1n tambi\u00e9n, al menos, hasta el 31 de enero.<\/p>\n\n\n\n<p>As\u00ed lo ha avanzado en rueda de prensa el jefe del Consell, acompa\u00f1ado de la consellera de Sanidad Universal y Salud P\u00fablica, Ana Barcel\u00f3, tras la reuni\u00f3n de la Mesa Interdepartamental para la Prevenci\u00f3n y Actuaci\u00f3n ante la COVID-19, en la que se han acordado nuevas medidas restrictivas generales para proteger la salud de la ciudadan\u00eda y se ha declarado adem\u00e1s el confinamiento perimetral durante 14 d\u00edas de 29 municipios con una incidencia cr\u00edtica.<\/p>\n\n\n\n<p>Estas medidas se han adoptado \u00abpara hacer frente a la emergencia sanitaria, para proteger mejor la salud de la poblaci\u00f3n y para garantizar servicios esenciales\u00bb, ha se\u00f1alado Ximo Puig, quien ha avanzado, por otro lado, que ha convocado para este mismo jueves, coincidiendo con la aplicaci\u00f3n de las nuevas medidas, a la patronal y a los sindicatos para acordar un plan de ayudas a los sectores m\u00e1s afectados por la COVID-19. \u00abSe trata de salvar vidas, trabajos, familias\u00bb, ha enfatizado.<\/p>\n\n\n\n<p><strong>Prohibici\u00f3n de fumar en las terrazas de los locales de hosteler\u00eda<\/strong><\/p>\n\n\n\n<p>Con car\u00e1cter general en todo el territorio, tal y como ha anunciado el president, se establece la prohibici\u00f3n de fumar en las terrazas de bares y restaurantes. Adem\u00e1s, las mesas en el interior o terraza ser\u00e1n de un m\u00e1ximo de 4 personas.&nbsp;<\/p>\n\n\n\n<p>En lo que refiere a locales comerciales y de prestaci\u00f3n de servicios, se reducir\u00e1 a partir del jueves el aforo del 50% al 30 %, incluyendo la capacidad de los aparcamientos o espacios destinados al estacionamiento de veh\u00edculos de sus clientes. Se except\u00faa la actividad comercial de establecimientos y locales comerciales dedicados al comercio esencial de alimentaci\u00f3n, farmacias, ortopedias, \u00f3pticas, servicios de peluquer\u00eda y centros de veterinaria, que se mantendr\u00e1n al 50 % del aforo permitido por licencia o autorizaci\u00f3n de la actividad.<\/p>\n\n\n\n<p>Adem\u00e1s, se mantiene en seis el n\u00famero m\u00e1ximo de personas en encuentros sociales o familiares.<\/p>\n\n\n\n<p>Paralelamente, se ha adoptado tambi\u00e9n la decisi\u00f3n de declarar el cierre perimetral, desde el 7 hasta el 21 de enero, de 29 municipios que registran una incidencia cr\u00edtica: Borriol, Atzeneta del Maestrat, Soneja y J\u00e9rica, en la provincia de Castell\u00f3n; Alcoy, Castalla y Polop, en la provincia de Alicante; y Ll\u00edria, Massanassa, Ayora, Utiel, Sedav\u00ed, Alfafar, Benet\u00fasser, Sollana, Llocnou de la Corona, Guadassuar, Oliva, Daim\u00fas, Canals, Benig\u00e0nim, X\u00e0tiva, Moixent, Ontinyent, Cheste, Sinarcas, Anna, Quatretonda y Bonrep\u00f2s i Mirambell.<\/p>\n\n\n\n<p>En estos municipios con confinamiento perimetral, se establece el cierre cautelar de los siguientes establecimientos y espacios: centros sociales, casinos, clubes y establecimientos de an\u00e1loga naturaleza; bares, restaurantes y otros establecimientos de ocio del municipio, salvo que en los mismos se preste servicio de comidas para llevar o a domicilio; gimnasios y centros deportivos de todo tipo, y parques y jardines.<\/p>\n\n\n\n<p>Adem\u00e1s, se modifican en estos 29 municipios los aforos en los velatorios, entierros y ceremonias f\u00fanebres, de modo que podr\u00e1n realizarse en todo tipo de instalaciones, p\u00fablicas o privadas, con un aforo del 30 % y un l\u00edmite m\u00e1ximo de 15 personas en espacios al aire libre o de 10 personas en espacios cerrados. En el caso de otras celebraciones como bodas o bautizos, se limita el aforo a 1\/3, con un m\u00e1ximo de 15 personas en espacios al aire libre o de 10 personas en espacios cerrados, entre familiares y personas allegadas.<\/p>\n\n\n\n<p><strong>Respuesta \u00abcontundente, ponderada e inmediata\u00bb<\/strong><\/p>\n\n\n\n<p>El president ha subrayado que la evoluci\u00f3n la de pandemia ha conducido a una situaci\u00f3n que ha calificado de \u00abgrave\u00bb, con un crecimiento \u00abexponencial\u00bb de la transmisi\u00f3n del virus en todo el continente europeo, tambi\u00e9n en la Comunitat Valenciana, que \u00abexige una respuesta contundente, ponderada e inmediata\u00bb del Consell.<\/p>\n\n\n\n<p>\u00abEl camino de la Generalitat ha sido guiado por una evaluaci\u00f3n contin\u00faa de la pandemia y un an\u00e1lisis riguroso de los datos, sin reacciones impulsivas, sin excesos nocivos para el bienestar colectivo y sin dejar de hacer aquello que hab\u00eda que hacer, fuera popular o impopular\u00bb, ha precisado.<\/p>\n\n\n\n<p>En ese sentido, ha recordado que la Comunitat Valenciana fue la primera al cerrar los bares y al restringir la movilidad nocturna, y ha sido, \u00abcon gran dolor\u00bb, tambi\u00e9n la \u00fanica en prohibir los viajes familiares en Navidad entre comunidades aut\u00f3nomas. \u00abSiempre hemos dicho que no dudar\u00edamos al adoptar las medidas necesarias para controlar la pandemia\u00bb, ha remarcado.<\/p>\n\n\n\n<p>El president ha recordado que la Comunitat Valenciana ha tenido unos de los registros m\u00e1s bajos de Espa\u00f1a desde el inicio de la pandemia. En concreto, es la cuarta comunidad con una menor incidencia acumulada y ha mantenido un 27% menos de hospitalizaciones y la mitad de mortalidad que la media espa\u00f1ola.<\/p>\n\n\n\n<p>No obstante, ha se\u00f1alado que, en dos semanas, se ha registrado una tendencia \u00abpreocupante\u00bb, ya que la incidencia del virus ha crecido un 16%, las hospitalizaciones han subido un 52% y se han registrado 196 muertos en una semana.<\/p>\n\n\n\n<p><strong>Intensificaci\u00f3n del proceso de vacunaci\u00f3n<\/strong><\/p>\n\n\n\n<p>El president ha aludido a la necesidad de actuar en cuatro frentes: vacunaci\u00f3n, respuesta sanitaria, nuevas restricciones y derecho a la educaci\u00f3n.&nbsp;<\/p>\n\n\n\n<p>Respecto al primero, ha avanzado que se va a intensificar el proceso de vacunaci\u00f3n, de forma que entre el lunes y el martes de la semana que viene ya se habr\u00e1 administrado la primera dosis de la vacuna a todas las personas residentes y al personal de las residencias de mayores, excepto de aquellas que tengan brotes activos. Adem\u00e1s, la pr\u00f3xima semana empezar\u00e1 la vacunaci\u00f3n del personal sanitario de Atenci\u00f3n Primaria y de primera l\u00ednea y, a continuaci\u00f3n, de los centros de d\u00eda. Por otro lado, cuando se autorice la vacuna de Moderna y se inicie su distribuci\u00f3n, empezar\u00e1 paralelamente a vacunarse al personal sanitario de hospitales.<\/p>\n\n\n\n<p>En lo que se refiere a infraestructuras, todos los departamentos disponen, en este momento, de camas en planta y de UCI, y existen en marcha planes de contingencia por si hicieran falta m\u00e1s recursos hospitalarios. En concreto, seg\u00fan las previsiones adelantadas por el president, se puede llegar a 19.000 camas para personas enfermas agudas y a 1.200 camas para personas enfermas cr\u00edticas.&nbsp;<\/p>\n\n\n\n<p>En materia de personal, se ha reforzado el sistema con m\u00e1s de 10.000 contratos de profesionales de la Sanidad y existen 2.137 efectivos de rastreo (300 de ellos de la UME).<\/p>\n\n\n\n<p><strong>La Educaci\u00f3n, una prioridad<\/strong><\/p>\n\n\n\n<p>Adem\u00e1s, ha se\u00f1alado que la prioridad contin\u00faa siendo mantener al alumnado en las aulas en iguales condiciones que antes de la Navidad, ya que se ha demostrado que \u00ablas aulas son un espacio seguro\u00bb, el \u00abm\u00e1s seguro\u00bb. \u00abEst\u00e1 en juego la igualdad de la sociedad, el propio futuro de la Comunitat Valenciana\u00bb, ha a\u00f1adido.<\/p>\n\n\n\n<p>\u00abCon las acciones en estos cuatro frentes, perseguimos inmunizar antes en la poblaci\u00f3n, reforzar la respuesta sanitaria, reducir la interacci\u00f3n social para frenar los contagios y garantizar la igualdad de oportunidades\u00bb, ha indicado Puig, que ha pedido a la ciudadan\u00eda \u00abautoxigencia m\u00e1xima\u00bb y responsabilidad individual \u00absin tregua ni relajaciones\u00bb para reducir los contactos y lograr frenar la transmisi\u00f3n del virus.<\/p>\n\n\n\n<p>Por otro lado, la consellera de Sanidad Universal y Salud P\u00fablica, Ana Barcel\u00f3, ha concretado, respecto a las restricciones establecidas con car\u00e1cter general para todo el territorio de la Comunitat Valenciana, que no se permitir\u00e1n los eventos o actividades con concentraci\u00f3n de personas. Se consideran como tales los espect\u00e1culos p\u00fablicos, actividades recreativas y socioculturales, exhibici\u00f3n de animales y celebraciones populares. La restricci\u00f3n no afecta, no obstante, a actividades como cines, museos o teatros.<\/p>\n\n\n\n<p>En relaci\u00f3n con la actividad de los establecimientos de restauraci\u00f3n y hosteler\u00eda, los establecimientos de hosteler\u00eda podr\u00e1n dar servicio de restauraci\u00f3n en horario de cena exclusivamente a las personas alojadas, y la restauraci\u00f3n en \u00e1reas de servicio de v\u00edas de comunicaci\u00f3n para profesionales de transporte no queda sujeta a ninguna franja horaria.&nbsp;<\/p>\n\n\n\n<p>Asimismo, se suspenden las competiciones deportivas de Infantil y Primaria.<\/p>\n\n\n\n<p>En la reuni\u00f3n de la comisi\u00f3n interdepartamental han participado la vicepresidenta y consellera de Igualdad y Pol\u00edticas Inclusivas, M\u00f3nica Oltra; el vicepresidente segundo y conseller de Vivienda y Arquitectura Bioclim\u00e1tica, Rub\u00e9n Mart\u00ednez Dalmau; la consellera de Justicia, Interior y Administraci\u00f3n P\u00fablica, Gabriela Bravo; el conseller de Educaci\u00f3n, Cultura y Deporte, Vicent Marz\u00e0; la consellera de Sanidad Universal y Salud P\u00fablica, Ana Barcel\u00f3, y los consellers de Econom\u00eda Sostenible, Sectores Productivos, Comercio y Trabajo, Rafa Climent, y de Pol\u00edtica Territorial, Obras P\u00fablicas y Movilidad, Arcadi Espa\u00f1a.<\/p>\n","protected":false},"excerpt":{"rendered":"<div class=\"mh-excerpt\">Se declara el confinamiento perimetral hasta el 21 de enero de 29 municipios con una incidencia cr\u00edtica de COVID-19, a los que se aplicar\u00e1n medidas m\u00e1s restrictivasSe proh\u00edbe fumar en las terrazas de los locales <a class=\"mh-excerpt-more\" href=\"https:\/\/www.tucomarca.com\/wordpress\/segunda\/la-generalitat-cierra-perimetralmente-cheste-lliria-ayora-utiel-guadassuar-canals-sinarcas-y-anna-entre-otros-29-municipios\/\" title=\"La Generalitat cierra perimetralmente Cheste, Ll\u00edria, Ayora, Utiel, Guadassuar, Canals, Sinarcas y Anna entre otros 29 municipios\">[+] <\/a><\/div>\n","protected":false},"author":1,"featured_media":122689,"comment_status":"open","ping_status":"open","sticky":false,"template":"","format":"standard","meta":{"footnotes":""},"categories":[78,39,38,46,119,249,17,12201,143,128,70,8,72,10,42,47,117,142,27,3,235,116,29,45],"tags":[10395,11937,11938,11094,5952,10387],"class_list":{"0":"post-123073","1":"post","2":"type-post","3":"status-publish","4":"format-standard","5":"has-post-thumbnail","7":"category-anna","8":"category-ayora","9":"category-ayora-cofrentes","10":"category-camp-de-turia","11":"category-sanidad-la-comarca","12":"category-canals","13":"category-cheste","14":"category-covid-19","15":"category-guadassuar","16":"category-infraestructuras","17":"category-la-canal-de-navarres","18":"category-la-comarca","19":"category-sin-categorizar","20":"category-la-hoya","21":"category-la-ribera","22":"category-lliria","23":"category-medio-ambiente-la-comarca","24":"category-politica-la-comarca","25":"category-requena-utiel","26":"category-seccion","27":"category-sinarcas","28":"category-sucesos-la-comarca","29":"category-utiel","30":"category-ventana","31":"tag-camp-de-turia","32":"tag-coronavirus","33":"tag-covid-19","34":"tag-la-canal-de-navarres","35":"tag-la-hoya-de-bunol-chiva","36":"tag-requena-utiel"},"_links":{"self":[{"href":"https:\/\/www.tucomarca.com\/wordpress\/segunda\/wp-json\/wp\/v2\/posts\/123073","targetHints":{"allow":["GET"]}}],"collection":[{"href":"https:\/\/www.tucomarca.com\/wordpress\/segunda\/wp-json\/wp\/v2\/posts"}],"about":[{"href":"https:\/\/www.tucomarca.com\/wordpress\/segunda\/wp-json\/wp\/v2\/types\/post"}],"author":[{"embeddable":true,"href":"https:\/\/www.tucomarca.com\/wordpress\/segunda\/wp-json\/wp\/v2\/users\/1"}],"replies":[{"embeddable":true,"href":"https:\/\/www.tucomarca.com\/wordpress\/segunda\/wp-json\/wp\/v2\/comments?post=123073"}],"version-history":[{"count":0,"href":"https:\/\/www.tucomarca.com\/wordpress\/segunda\/wp-json\/wp\/v2\/posts\/123073\/revisions"}],"wp:featuredmedia":[{"embeddable":true,"href":"https:\/\/www.tucomarca.com\/wordpress\/segunda\/wp-json\/wp\/v2\/media\/122689"}],"wp:attachment":[{"href":"https:\/\/www.tucomarca.com\/wordpress\/segunda\/wp-json\/wp\/v2\/media?parent=123073"}],"wp:term":[{"taxonomy":"category","embeddable":true,"href":"https:\/\/www.tucomarca.com\/wordpress\/segunda\/wp-json\/wp\/v2\/categories?post=123073"},{"taxonomy":"post_tag","embeddable":true,"href":"https:\/\/www.tucomarca.com\/wordpress\/segunda\/wp-json\/wp\/v2\/tags?post=123073"}],"curies":[{"name":"wp","href":"https:\/\/api.w.org\/{rel}","templated":true}]}}