{"id":123327,"date":"2021-01-08T13:01:00","date_gmt":"2021-01-08T12:01:00","guid":{"rendered":"http:\/\/www.tucomarca.com\/wordpress\/segunda\/?p=123327"},"modified":"2021-01-08T20:15:27","modified_gmt":"2021-01-08T19:15:27","slug":"la-generalitat-aprueba-los-planes-generales-de-aielo-de-malferit-almisera-casas-bajas-y-palmera","status":"publish","type":"post","link":"https:\/\/www.tucomarca.com\/wordpress\/segunda\/la-generalitat-aprueba-los-planes-generales-de-aielo-de-malferit-almisera-casas-bajas-y-palmera\/","title":{"rendered":"La Generalitat aprueba los planes generales de Aielo de Malferit, Almiser\u00e0, Casas Bajas y Palmera"},"content":{"rendered":"\n<h4 class=\"wp-block-heading\">El conseller de Pol\u00edtica Territorial ha valorado el esfuerzo realizado para agilizar la gesti\u00f3n tanto de la Conselleria como de las dem\u00e1s administraciones implicadas&nbsp;<br>Se ha hecho una propuesta final de estos planes generales adaptados a las circunstancias sociales, ambientales y econ\u00f3micas de cada uno de los municipios&nbsp;<\/h4>\n\n\n\n<p>El conseller de Pol\u00edtica Territorial Obras P\u00fablicas y Movilidad, Arcadi Espa\u00f1a, ha valorado la aprobaci\u00f3n definitiva de los planes generales de los municipios de Aielo de Malferit, Almiser\u00e0, Casas Bajas y Palmera en la \u00faltima reuni\u00f3n de la Comisi\u00f3n Territorial de Urbanismo de Val\u00e8ncia.&nbsp;<\/p>\n\n\n\n<p>Para el titular de Territorio, la Direcci\u00f3n General de Urbanismo de la Conselleria \u00abest\u00e1 realizando un notable esfuerzo de gesti\u00f3n con la finalidad de agilizar la tramitaci\u00f3n y aprobaci\u00f3n de los planes urban\u00edsticos, como demuestra la aprobaci\u00f3n de estos cuatro panes generales\u00bb.&nbsp;<\/p>\n\n\n\n<p>Asimismo, ha destacado \u00abel esfuerzo que en la misma l\u00ednea se est\u00e1 haciendo para agilizar la tramitaci\u00f3n administrativa por parte de los organismos sectoriales que intervienen en la tramitaci\u00f3n de los planes urban\u00edsticos, tanto de la Administraci\u00f3n General del Estado, como de la Administraci\u00f3n Local, y particularmente de los citados ayuntamientos\u00bb.&nbsp;<\/p>\n\n\n\n<p>Seg\u00fan el conseller, \u00abla diligencia de todos ellos ha permitido la aprobaci\u00f3n definitiva de esos planes generales, que llevaban muchos a\u00f1os de tramitaci\u00f3n\u00bb.&nbsp;<\/p>\n\n\n\n<p>As\u00ed, ha explicado que se trata de municipios que tienen su plan urban\u00edstico muy desfasado, y, en todos los casos, se ha hecho una propuesta final de plan general adaptado a las circunstancias sociales, ambientales y econ\u00f3micas actuales, con propuestas sostenibles, razonables en su dimensi\u00f3n y de puesta en valor de los importantes recursos naturales, paisaj\u00edsticos y culturales que caracterizan cada uno de esos municipios.&nbsp;<\/p>\n\n\n\n<p>En esta misma l\u00ednea de actuaci\u00f3n, se encuentran otros planes generales, cuyo estado de tramitaci\u00f3n en la fase final del procedimiento administrativo, y con el seguimiento, el impulso y la coordinaci\u00f3n entre organismos que se est\u00e1 realizando desde la Direcci\u00f3n General de Urbanismo, se conf\u00eda en poder aprobarlos definitivamente a muy corto plazo, ha apuntado el conseller.&nbsp;<\/p>\n\n\n\n<p>Para conseguir estos objetivos, este departamento ha implantado diferentes l\u00edneas de actuaci\u00f3n como la implementaci\u00f3n de aplicaciones inform\u00e1ticas para agilizar la tramitaci\u00f3n de los planes, el suplemento de medios personales y la diligencia de tr\u00e1mites.<\/p>\n","protected":false},"excerpt":{"rendered":"<div class=\"mh-excerpt\">El conseller de Pol\u00edtica Territorial ha valorado el esfuerzo realizado para agilizar la gesti\u00f3n tanto de la Conselleria como de las dem\u00e1s administraciones implicadas&nbsp;Se ha hecho una propuesta final de estos planes generales adaptados a <a class=\"mh-excerpt-more\" href=\"https:\/\/www.tucomarca.com\/wordpress\/segunda\/la-generalitat-aprueba-los-planes-generales-de-aielo-de-malferit-almisera-casas-bajas-y-palmera\/\" title=\"La Generalitat aprueba los planes generales de Aielo de Malferit, Almiser\u00e0, Casas Bajas y Palmera\">[+] <\/a><\/div>\n","protected":false},"author":12,"featured_media":123331,"comment_status":"open","ping_status":"open","sticky":false,"template":"","format":"standard","meta":{"footnotes":""},"categories":[49,225,128,8,142,3],"tags":[13473,10451,12141,8441],"class_list":{"0":"post-123327","1":"post","2":"type-post","3":"status-publish","4":"format-standard","5":"has-post-thumbnail","7":"category-ademuz","8":"category-casas-bajas","9":"category-infraestructuras","10":"category-la-comarca","11":"category-politica-la-comarca","12":"category-seccion","13":"tag-aielo-de-malferit","14":"tag-casas-bajas","15":"tag-conselleria-de-politica-territorial","16":"tag-obras-publicas"},"_links":{"self":[{"href":"https:\/\/www.tucomarca.com\/wordpress\/segunda\/wp-json\/wp\/v2\/posts\/123327","targetHints":{"allow":["GET"]}}],"collection":[{"href":"https:\/\/www.tucomarca.com\/wordpress\/segunda\/wp-json\/wp\/v2\/posts"}],"about":[{"href":"https:\/\/www.tucomarca.com\/wordpress\/segunda\/wp-json\/wp\/v2\/types\/post"}],"author":[{"embeddable":true,"href":"https:\/\/www.tucomarca.com\/wordpress\/segunda\/wp-json\/wp\/v2\/users\/12"}],"replies":[{"embeddable":true,"href":"https:\/\/www.tucomarca.com\/wordpress\/segunda\/wp-json\/wp\/v2\/comments?post=123327"}],"version-history":[{"count":0,"href":"https:\/\/www.tucomarca.com\/wordpress\/segunda\/wp-json\/wp\/v2\/posts\/123327\/revisions"}],"wp:featuredmedia":[{"embeddable":true,"href":"https:\/\/www.tucomarca.com\/wordpress\/segunda\/wp-json\/wp\/v2\/media\/123331"}],"wp:attachment":[{"href":"https:\/\/www.tucomarca.com\/wordpress\/segunda\/wp-json\/wp\/v2\/media?parent=123327"}],"wp:term":[{"taxonomy":"category","embeddable":true,"href":"https:\/\/www.tucomarca.com\/wordpress\/segunda\/wp-json\/wp\/v2\/categories?post=123327"},{"taxonomy":"post_tag","embeddable":true,"href":"https:\/\/www.tucomarca.com\/wordpress\/segunda\/wp-json\/wp\/v2\/tags?post=123327"}],"curies":[{"name":"wp","href":"https:\/\/api.w.org\/{rel}","templated":true}]}}