{"id":123349,"date":"2021-01-08T20:06:00","date_gmt":"2021-01-08T19:06:00","guid":{"rendered":"http:\/\/www.tucomarca.com\/wordpress\/segunda\/?p=123349"},"modified":"2021-01-08T21:24:43","modified_gmt":"2021-01-08T20:24:43","slug":"delegacion-del-gobierno-generalitat-y-las-fuerzas-de-seguridad-establecen-el-protocolo-de-control-del-cierre-perimetral-de-cheste","status":"publish","type":"post","link":"https:\/\/www.tucomarca.com\/wordpress\/segunda\/delegacion-del-gobierno-generalitat-y-las-fuerzas-de-seguridad-establecen-el-protocolo-de-control-del-cierre-perimetral-de-cheste\/","title":{"rendered":"Delegaci\u00f3n del Gobierno, Generalitat y las Fuerzas de Seguridad establecen el protocolo de control del cierre perimetral de Cheste"},"content":{"rendered":"\n<h4 class=\"wp-block-heading\">A partir de este s\u00e1bado, 9 de enero, s\u00f3lo se podr\u00e1 entrar y salir de Cheste por tres accesos<\/h4>\n\n\n\n<p>Durante la tarde de ayer y esta misma ma\u00f1ana los Ayuntamientos de los 29 municipios confinados de la provincia, entre ellos Cheste, se han reunido con Delegaci\u00f3n del Gobierno, Agencia Valenciana de Seguridad y Emergencias, Conselleria de Gobernaci\u00f3n, Guardia Civil y Polic\u00eda Nacional para planificar el control de los accesos a estas poblaciones.<\/p>\n\n\n\n<p>Seg\u00fan lo acordado, a partir de ma\u00f1ana, s\u00e1bado 9 de enero, solo se podr\u00e1 entrar y salir de la poblaci\u00f3n por los siguientes puntos:<\/p>\n\n\n\n<ul class=\"wp-block-list\"><li>Rotonda de la Pl. II Rep\u00fablica &#8211; Acceso por la CV-378<\/li><li>Rotonda de la b\u00e1scula &#8211; Acceso por la CV-50<\/li><li>Rotonda IES Ricardo Mar\u00edn &#8211; Acceso CV-50<\/li><\/ul>\n\n\n\n<p>Durante el cierre perimetral de Cheste, previsto hasta el pr\u00f3ximo 21 de enero, el municipio contar\u00e1 con patrullas de la Guardia Civil y la Polic\u00eda Local reforzar\u00e1 sus turnos. Adem\u00e1s, Protecci\u00f3n Civil Cheste ofrecer\u00e1 su apoyo.<\/p>\n\n\n\n<p>El Ayuntamiento recuerda que solo se podr\u00e1 salir y entrar de la poblaci\u00f3n por los siguientes motivos, que deber\u00e1n justificarse:<\/p>\n\n\n\n<ul class=\"wp-block-list\"><li>Asistencia a centros sanitarios.<\/li><li>Obligaciones laborales o jur\u00eddico-administrativas.<\/li><li>Asistencia a centros educativos.<\/li><li>Retorno a la residencia familiar.<\/li><li>Asistencia a menores, mayores o dependientes.<\/li><li>Otras causas de fuerza mayor.<\/li><\/ul>\n","protected":false},"excerpt":{"rendered":"<div class=\"mh-excerpt\">A partir de este s\u00e1bado, 9 de enero, s\u00f3lo se podr\u00e1 entrar y salir de Cheste por tres accesos Durante la tarde de ayer y esta misma ma\u00f1ana los Ayuntamientos de los 29 municipios confinados <a class=\"mh-excerpt-more\" href=\"https:\/\/www.tucomarca.com\/wordpress\/segunda\/delegacion-del-gobierno-generalitat-y-las-fuerzas-de-seguridad-establecen-el-protocolo-de-control-del-cierre-perimetral-de-cheste\/\" title=\"Delegaci\u00f3n del Gobierno, Generalitat y las Fuerzas de Seguridad establecen el protocolo de control del cierre perimetral de Cheste\">[+] <\/a><\/div>\n","protected":false},"author":12,"featured_media":118785,"comment_status":"open","ping_status":"open","sticky":false,"template":"","format":"standard","meta":{"footnotes":""},"categories":[119,17,12201,10542,128,8,10,142,3,116],"tags":[339,13448,11937,11938,12334,10716],"class_list":{"0":"post-123349","1":"post","2":"type-post","3":"status-publish","4":"format-standard","5":"has-post-thumbnail","7":"category-sanidad-la-comarca","8":"category-cheste","9":"category-covid-19","10":"category-educacion","11":"category-infraestructuras","12":"category-la-comarca","13":"category-la-hoya","14":"category-politica-la-comarca","15":"category-seccion","16":"category-sucesos-la-comarca","17":"tag-cheste-2","18":"tag-cierre-perimetral","19":"tag-coronavirus","20":"tag-covid-19","21":"tag-delegacion-del-gobierno","22":"tag-generalitat-valenciana"},"_links":{"self":[{"href":"https:\/\/www.tucomarca.com\/wordpress\/segunda\/wp-json\/wp\/v2\/posts\/123349","targetHints":{"allow":["GET"]}}],"collection":[{"href":"https:\/\/www.tucomarca.com\/wordpress\/segunda\/wp-json\/wp\/v2\/posts"}],"about":[{"href":"https:\/\/www.tucomarca.com\/wordpress\/segunda\/wp-json\/wp\/v2\/types\/post"}],"author":[{"embeddable":true,"href":"https:\/\/www.tucomarca.com\/wordpress\/segunda\/wp-json\/wp\/v2\/users\/12"}],"replies":[{"embeddable":true,"href":"https:\/\/www.tucomarca.com\/wordpress\/segunda\/wp-json\/wp\/v2\/comments?post=123349"}],"version-history":[{"count":0,"href":"https:\/\/www.tucomarca.com\/wordpress\/segunda\/wp-json\/wp\/v2\/posts\/123349\/revisions"}],"wp:featuredmedia":[{"embeddable":true,"href":"https:\/\/www.tucomarca.com\/wordpress\/segunda\/wp-json\/wp\/v2\/media\/118785"}],"wp:attachment":[{"href":"https:\/\/www.tucomarca.com\/wordpress\/segunda\/wp-json\/wp\/v2\/media?parent=123349"}],"wp:term":[{"taxonomy":"category","embeddable":true,"href":"https:\/\/www.tucomarca.com\/wordpress\/segunda\/wp-json\/wp\/v2\/categories?post=123349"},{"taxonomy":"post_tag","embeddable":true,"href":"https:\/\/www.tucomarca.com\/wordpress\/segunda\/wp-json\/wp\/v2\/tags?post=123349"}],"curies":[{"name":"wp","href":"https:\/\/api.w.org\/{rel}","templated":true}]}}