{"id":1234,"date":"2012-05-10T14:20:53","date_gmt":"2012-05-10T14:20:53","guid":{"rendered":"http:\/\/www.tucomarca.com\/wordpress\/segunda\/?p=1234"},"modified":"2012-05-10T14:24:06","modified_gmt":"2012-05-10T14:24:06","slug":"exitoso-torneo-de-ajedrez-autonomico-sub-16-y-sub-12-celebrado-en-cortes-de-pallas","status":"publish","type":"post","link":"https:\/\/www.tucomarca.com\/wordpress\/segunda\/exitoso-torneo-de-ajedrez-autonomico-sub-16-y-sub-12-celebrado-en-cortes-de-pallas\/","title":{"rendered":"Exitoso torneo de ajedrez auton\u00f3mico sub-16 y sub-12 celebrado en Cortes de Pall\u00e1s"},"content":{"rendered":"<p>El alcalde de Cortes de Pall\u00e1s, Alberto S\u00e1ez, y la edil Pilar Navarro fueron los encargados de entregar los premios a los ganadores del Campeonato auton\u00f3mico Sub-16 y Sub-12 de ajedrez acontecido en la poblaci\u00f3n y que cont\u00f3 con la presencia del presidente de la Federaci\u00f3n Valenciana, Francisco Cuevas.<br \/>\nDesde el consistorio se ha calificado como \u00abmuy positiva la experiencia\u00bb tanto por el buen desarrollo de la cita como por la promoci\u00f3n que \u00e9sta ha dado a Cortes de Pall\u00e1s en numerosos foros deportivos.<br \/>\nEn el apartado estrictamente deportivo, en la categor\u00eda cadete el equipo campe\u00f3n fue EVA-Manises, seguido por el\u00a0 CA Alicante. El tercer clasificado fue Vilareal. En la categor\u00eda Alev\u00edn, el campe\u00f3n fue EVA-Manises, el segundo CE Enric Valor-Figueras Pacheco y el tercer clasificado fue el Benimodo.<br \/>\nTanto los jugadores como sus acompa\u00f1antes, especialmente estos \u00faltimos, han podido disfrutar de un entorno inigualable, por lo que no se descarta repetir la experiencia en lo sucesivo a tenor del buen resultado obtenido en esta prueba deportiva a la que han acudido m\u00e1s de 100 ni\u00f1os.<br \/>\nDesde el Ayuntamiento se ha agradecido el apoyo de la Federaci\u00f3n Valenciana de Ajedrez y se ha destacado el car\u00e1cter acogedor de un pueblo que ha sido referente de esta disciplina deportiva. n tucomarca.com<\/p>\n","protected":false},"excerpt":{"rendered":"<div class=\"mh-excerpt\">El alcalde de Cortes de Pall\u00e1s, Alberto S\u00e1ez, y la edil Pilar Navarro fueron los encargados de entregar los premios a los ganadores del Campeonato auton\u00f3mico Sub-16 y Sub-12 de ajedrez acontecido en la poblaci\u00f3n <a class=\"mh-excerpt-more\" href=\"https:\/\/www.tucomarca.com\/wordpress\/segunda\/exitoso-torneo-de-ajedrez-autonomico-sub-16-y-sub-12-celebrado-en-cortes-de-pallas\/\" title=\"Exitoso torneo de ajedrez auton\u00f3mico sub-16 y sub-12 celebrado en Cortes de Pall\u00e1s\">[+] <\/a><\/div>\n","protected":false},"author":1,"featured_media":1236,"comment_status":"open","ping_status":"open","sticky":false,"template":"","format":"standard","meta":{"footnotes":""},"categories":[38,40,6,3],"tags":[],"class_list":{"0":"post-1234","1":"post","2":"type-post","3":"status-publish","4":"format-standard","5":"has-post-thumbnail","7":"category-ayora-cofrentes","8":"category-cortes-de-pallas","9":"category-deportes","10":"category-seccion"},"_links":{"self":[{"href":"https:\/\/www.tucomarca.com\/wordpress\/segunda\/wp-json\/wp\/v2\/posts\/1234","targetHints":{"allow":["GET"]}}],"collection":[{"href":"https:\/\/www.tucomarca.com\/wordpress\/segunda\/wp-json\/wp\/v2\/posts"}],"about":[{"href":"https:\/\/www.tucomarca.com\/wordpress\/segunda\/wp-json\/wp\/v2\/types\/post"}],"author":[{"embeddable":true,"href":"https:\/\/www.tucomarca.com\/wordpress\/segunda\/wp-json\/wp\/v2\/users\/1"}],"replies":[{"embeddable":true,"href":"https:\/\/www.tucomarca.com\/wordpress\/segunda\/wp-json\/wp\/v2\/comments?post=1234"}],"version-history":[{"count":0,"href":"https:\/\/www.tucomarca.com\/wordpress\/segunda\/wp-json\/wp\/v2\/posts\/1234\/revisions"}],"wp:featuredmedia":[{"embeddable":true,"href":"https:\/\/www.tucomarca.com\/wordpress\/segunda\/wp-json\/wp\/v2\/media\/1236"}],"wp:attachment":[{"href":"https:\/\/www.tucomarca.com\/wordpress\/segunda\/wp-json\/wp\/v2\/media?parent=1234"}],"wp:term":[{"taxonomy":"category","embeddable":true,"href":"https:\/\/www.tucomarca.com\/wordpress\/segunda\/wp-json\/wp\/v2\/categories?post=1234"},{"taxonomy":"post_tag","embeddable":true,"href":"https:\/\/www.tucomarca.com\/wordpress\/segunda\/wp-json\/wp\/v2\/tags?post=1234"}],"curies":[{"name":"wp","href":"https:\/\/api.w.org\/{rel}","templated":true}]}}