{"id":123442,"date":"2021-01-10T09:09:00","date_gmt":"2021-01-10T08:09:00","guid":{"rendered":"http:\/\/www.tucomarca.com\/wordpress\/segunda\/?p=123442"},"modified":"2021-01-10T13:10:41","modified_gmt":"2021-01-10T12:10:41","slug":"delegacion-de-gobierno-insiste-en-que-se-deben-evitar-los-desplazamientos-temerarios-a-las-zonas-nevadas","status":"publish","type":"post","link":"https:\/\/www.tucomarca.com\/wordpress\/segunda\/delegacion-de-gobierno-insiste-en-que-se-deben-evitar-los-desplazamientos-temerarios-a-las-zonas-nevadas\/","title":{"rendered":"Delegaci\u00f3n de Gobierno insiste en que se deben evitar los desplazamientos temerarios a las zonas nevadas"},"content":{"rendered":"\n<p>La Delegaci\u00f3n de Gobierno sigue haciendo especial hincapi\u00e9 en evitar desplazamientos temerarios para visitar las zonas nevadas. Desde primera hora de esta ma\u00f1ana se est\u00e1n cortando carreteras en Alicante y Castell\u00f3n para evitar la llegada masiva de turistas.&nbsp;<\/p>\n\n\n\n<p>La Guardia Civil ha actuado para corregir algunas infracciones en materia de seguridad vial, por estacionamientos indebidos u obstaculizando el tr\u00e1fico. Delegaci\u00f3n y Guardia Civil han acordado cerrar todas las v\u00edas que se estimen oportunas en la C. Valenciana para que no acudan visitantes.<\/p>\n\n\n\n<p><strong>Carreteras cerradas a esta hora<\/strong><\/p>\n\n\n\n<p>En Alicante, se ha cerrado la CV-800, PK. 18 ( Xixona) y 35 (Ibi), porque est\u00e1 empezando a nevar y se pretende evitar el colapso de la v\u00eda por afluencia de veh\u00edculos (Carrasqueta). Tambi\u00e9n se ha solicitado el corte de la salida 453 de la A-7, sentido CV-800. La Polic\u00eda Nacional seguir\u00e1 vigilando los accesos a Alcoy, ciudad confinada desde el pasado 7 de enero.<\/p>\n\n\n\n<p>A petici\u00f3n de la Delegaci\u00f3n del Gobierno y a trav\u00e9s de la Generalitat Valenciana, se ha solicitado a las polic\u00edas locales controlen e informen para que no se dirijan los veh\u00edculos a las carreteras para ver la nieve; todav\u00eda las labores de vialidad en la red estatal son muy intensas y es peligroso adem\u00e1s de dificultar los trabajos.<\/p>\n\n\n\n<p>M\u00e1s de 100 patrullas de la Guardia Civil con 230 agentes han estado operativas durante las \u00faltimas 24 horas -33 en la \u00faltima noche- para atender a la ciudadan\u00eda de los municipios de la Comunitat Valenciana afectados por el temporal Filomena, fundamentalmente en las comarcas de Castell\u00f3n.<\/p>\n\n\n\n<p>Entre operarios, vigilantes, personal de informaci\u00f3n, de coordinaci\u00f3n y los mandos hay unas 150 personas de la demarcaci\u00f3n de carreteras trabajando en la Comunitat Valenciana por la intensidad del temporal.<\/p>\n\n\n\n<p>En Alicante, la demarcaci\u00f3n est\u00e1 realizando tratamientos preventivos para evitar la formaci\u00f3n de placas de hielo. En Castell\u00f3n, los principales problemas se dan en la N-232 en el entorno de Morella, pues sigue cortada en unos tramos, y en la A-23 en la subida a Barracas. En esta zona est\u00e1n trabajando tanto m\u00e1quinas de empuje como equipos preventivos.<\/p>\n\n\n\n<p>M\u00e1s de 100 patrullas de la Guardia Civil con 230 agentes han estado operativas durante las \u00faltimas 24 horas -33 en la \u00faltima noche- para atender a la ciudadan\u00eda de los municipios de la Comunitat Valenciana afectados por el temporal Filomena, fundamentalmente en las comarcas de Castell\u00f3n.<\/p>\n\n\n\n<p><strong>Sin conductores atrapados&nbsp;<\/strong><\/p>\n\n\n\n<p>La Delegaci\u00f3n del Gobierno en la Comunitat Valenciana, a las 10,00 horas del d\u00eda 10 de enero de 2021 ha informado sobre incidencias y respuestas frente al temporal Filomena en la Comunitat Valenciana.Respecto al embolsamientos en la carretera A-3 en la comunidad Valenciana, a esta hora ya no queda ning\u00fan cami\u00f3n embolsado en la provincia de Valencia.&nbsp;A las 7,00 horas, el Subsector de Tr\u00e1fico de Valencia, tras requerir informaci\u00f3n al Subsector de Cuenca sobre estado de sus carreteras y capacidad de embolsamiento, informa de que se pueden iniciar los convoyes.&nbsp;Patrullas del Subsector han informado peri\u00f3dicamente a los camioneros&nbsp; de&nbsp; los motivos de las restricciones de circulaci\u00f3n de veh\u00edculos a&nbsp; pensados en la A-3 sentido Madrid. La decisi\u00f3n se tom\u00f3 porque las carreteras de las provincias de Cuenca y Madrid se encontraban en nivel rojo de circulaci\u00f3n y exist\u00eda un riesgo extremo de quedar bloqueados en las carreteras, generando un peligro para los camiones por falta de avituallamiento y por la dificultad de actuar las m\u00e1quinas quitanieves sobre la calzada.&nbsp;<\/p>\n\n\n\n<p><strong>Embolsamiento en Castell\u00f3n<\/strong>En cuanto al embolsamientos en Castell\u00f3n, en la carretera N-232 km 60 sentido Vinar\u00f2s, en el t\u00e9rmino municipal de Morella, hay dos 2 veh\u00edculos pesados. Est\u00e1n atendidos y disponen de v\u00edveres, l\u00edquidos y estaci\u00f3n de servicio (gasolinera) en la misma poblaci\u00f3n de Morella.En la carretera A-23, sentido Teruel, km. 33, en Segorbe, P.Ind. La Esperanza, permanecen 175 veh\u00edculos articulados. En carretera A-23, Sentido Teruel km. 33, en el t\u00e9rmino municipal de Altura, \u201cP. Ind. La Olivera, se han contabilizado 30&nbsp; veh\u00edculos articulados. Todos est\u00e1n con disponibilidad de v\u00edveres y l\u00edquidos. Han sido atendidos en varias ocasiones por Cruz Roja y Guardia Civil durante la noche. Existe abierto un establecimiento p\u00fablico (restaurante) y se hallan muy pr\u00f3ximos a la localidad de Segorbe. Disponen tambi\u00e9n de aseos y sanitarios p\u00fablicos. El porcentaje de ocupaci\u00f3n del espacio disponible para el estacionamiento de veh\u00edculos pesados, est\u00e1 alrededor del 75 al 80 % de ocupaci\u00f3n. No obstante, existen otras zonas pr\u00f3ximas, que en caso necesario est\u00e1n disponibles y vac\u00edas actualmente.<\/p>\n","protected":false},"excerpt":{"rendered":"<div class=\"mh-excerpt\">La Delegaci\u00f3n de Gobierno sigue haciendo especial hincapi\u00e9 en evitar desplazamientos temerarios para visitar las zonas nevadas. Desde primera hora de esta ma\u00f1ana se est\u00e1n cortando carreteras en Alicante y Castell\u00f3n para evitar la llegada <a class=\"mh-excerpt-more\" href=\"https:\/\/www.tucomarca.com\/wordpress\/segunda\/delegacion-de-gobierno-insiste-en-que-se-deben-evitar-los-desplazamientos-temerarios-a-las-zonas-nevadas\/\" title=\"Delegaci\u00f3n de Gobierno insiste en que se deben evitar los desplazamientos temerarios a las zonas nevadas\">[+] <\/a><\/div>\n","protected":false},"author":1,"featured_media":123443,"comment_status":"open","ping_status":"open","sticky":false,"template":"","format":"standard","meta":{"footnotes":""},"categories":[49,38,11982,128,8,72,10,59,117,27,3,116,45],"tags":[10397,10540,5952,10400,10056,10387,7529,9229],"class_list":{"0":"post-123442","1":"post","2":"type-post","3":"status-publish","4":"format-standard","5":"has-post-thumbnail","7":"category-ademuz","8":"category-ayora-cofrentes","9":"category-el-tiempo","10":"category-infraestructuras","11":"category-la-comarca","12":"category-sin-categorizar","13":"category-la-hoya","14":"category-los-serranos","15":"category-medio-ambiente-la-comarca","16":"category-requena-utiel","17":"category-seccion","18":"category-sucesos-la-comarca","19":"category-ventana","20":"tag-ademuz","21":"tag-ayora-cofrentes","22":"tag-la-hoya-de-bunol-chiva","23":"tag-los-serranos","24":"tag-nevadas","25":"tag-requena-utiel","26":"tag-serrania","27":"tag-temporal"},"_links":{"self":[{"href":"https:\/\/www.tucomarca.com\/wordpress\/segunda\/wp-json\/wp\/v2\/posts\/123442","targetHints":{"allow":["GET"]}}],"collection":[{"href":"https:\/\/www.tucomarca.com\/wordpress\/segunda\/wp-json\/wp\/v2\/posts"}],"about":[{"href":"https:\/\/www.tucomarca.com\/wordpress\/segunda\/wp-json\/wp\/v2\/types\/post"}],"author":[{"embeddable":true,"href":"https:\/\/www.tucomarca.com\/wordpress\/segunda\/wp-json\/wp\/v2\/users\/1"}],"replies":[{"embeddable":true,"href":"https:\/\/www.tucomarca.com\/wordpress\/segunda\/wp-json\/wp\/v2\/comments?post=123442"}],"version-history":[{"count":0,"href":"https:\/\/www.tucomarca.com\/wordpress\/segunda\/wp-json\/wp\/v2\/posts\/123442\/revisions"}],"wp:featuredmedia":[{"embeddable":true,"href":"https:\/\/www.tucomarca.com\/wordpress\/segunda\/wp-json\/wp\/v2\/media\/123443"}],"wp:attachment":[{"href":"https:\/\/www.tucomarca.com\/wordpress\/segunda\/wp-json\/wp\/v2\/media?parent=123442"}],"wp:term":[{"taxonomy":"category","embeddable":true,"href":"https:\/\/www.tucomarca.com\/wordpress\/segunda\/wp-json\/wp\/v2\/categories?post=123442"},{"taxonomy":"post_tag","embeddable":true,"href":"https:\/\/www.tucomarca.com\/wordpress\/segunda\/wp-json\/wp\/v2\/tags?post=123442"}],"curies":[{"name":"wp","href":"https:\/\/api.w.org\/{rel}","templated":true}]}}