{"id":123615,"date":"2021-01-11T20:20:00","date_gmt":"2021-01-11T19:20:00","guid":{"rendered":"http:\/\/www.tucomarca.com\/wordpress\/segunda\/?p=123615"},"modified":"2021-01-11T22:24:40","modified_gmt":"2021-01-11T21:24:40","slug":"la-ffcv-pospone-las-competiciones-territoriales-hasta-el-31-de-enero","status":"publish","type":"post","link":"https:\/\/www.tucomarca.com\/wordpress\/segunda\/la-ffcv-pospone-las-competiciones-territoriales-hasta-el-31-de-enero\/","title":{"rendered":"La FFCV pospone las competiciones territoriales hasta el 31 de enero"},"content":{"rendered":"\n<h4 class=\"wp-block-heading\"><strong>La&nbsp;Federaci\u00f3 de Futbol de la Comunitat Valenciana&nbsp;(FFCV) ha decidido posponer todas las competiciones territoriales en marcha hasta el 31 enero en todas las modalidades de f\u00fatbol y f\u00fatbol sala.<\/strong><\/h4>\n\n\n\n<p>La&nbsp;FFCV&nbsp;pretende as\u00ed ser solidaria con la actual situaci\u00f3n que vive la&nbsp;Comunitat Valenciana, que atraviesa unos momentos complicados. \u00abAdem\u00e1s, se est\u00e1 dando un numeroso cierre de instalaciones municipales por parte de los ayuntamientos durante el mes de enero, lo que dificultar\u00eda el normal desarrollo de las competiciones. Por ese motivo, la&nbsp;FFCV&nbsp;ha optado por la prudencia de retomar las competiciones de \u00e1mbito territorial despu\u00e9s del 31 de enero\u00bb, seg\u00fan han manifestado desde la Federaci\u00f3n.<\/p>\n\n\n\n<p>\u00abCon esta decisi\u00f3n se ayuda tambi\u00e9n a aliviar presi\u00f3n sanitaria de lesionados ante el aumento de hospitalizados por&nbsp;Covid&nbsp;en la&nbsp;Comunitat&nbsp;que se ha dado este \u00faltimo fin de semana\u00bb.<\/p>\n\n\n\n<p>\u00abNo obstante, durante estas semanas s\u00ed que se podr\u00e1 disputar partidos aplazados, siempre que sea posible, con el objetivo de poner al d\u00eda los calendarios de todas las competiciones\u00bb.<\/p>\n\n\n\n<p>La&nbsp;FFCV&nbsp;pone a disposici\u00f3n de la&nbsp;Generalitat Valenciana&nbsp;todos sus recursos (instalaciones y personal) para ayudar durante estos momentos de dificultad.<\/p>\n","protected":false},"excerpt":{"rendered":"<div class=\"mh-excerpt\">La&nbsp;Federaci\u00f3 de Futbol de la Comunitat Valenciana&nbsp;(FFCV) ha decidido posponer todas las competiciones territoriales en marcha hasta el 31 enero en todas las modalidades de f\u00fatbol y f\u00fatbol sala. La&nbsp;FFCV&nbsp;pretende as\u00ed ser solidaria con la <a class=\"mh-excerpt-more\" href=\"https:\/\/www.tucomarca.com\/wordpress\/segunda\/la-ffcv-pospone-las-competiciones-territoriales-hasta-el-31-de-enero\/\" title=\"La FFCV pospone las competiciones territoriales hasta el 31 de enero\">[+] <\/a><\/div>\n","protected":false},"author":1,"featured_media":107693,"comment_status":"open","ping_status":"open","sticky":false,"template":"","format":"standard","meta":{"footnotes":""},"categories":[50,6,128,8,72,199,3,116],"tags":[10379,10661,44],"class_list":{"0":"post-123615","1":"post","2":"type-post","3":"status-publish","4":"format-standard","5":"has-post-thumbnail","7":"category-futbol-deportes","8":"category-deportes","9":"category-infraestructuras","10":"category-la-comarca","11":"category-sin-categorizar","12":"category-polideportivo","13":"category-seccion","14":"category-sucesos-la-comarca","15":"tag-deportes","16":"tag-esports","17":"tag-futbol"},"_links":{"self":[{"href":"https:\/\/www.tucomarca.com\/wordpress\/segunda\/wp-json\/wp\/v2\/posts\/123615","targetHints":{"allow":["GET"]}}],"collection":[{"href":"https:\/\/www.tucomarca.com\/wordpress\/segunda\/wp-json\/wp\/v2\/posts"}],"about":[{"href":"https:\/\/www.tucomarca.com\/wordpress\/segunda\/wp-json\/wp\/v2\/types\/post"}],"author":[{"embeddable":true,"href":"https:\/\/www.tucomarca.com\/wordpress\/segunda\/wp-json\/wp\/v2\/users\/1"}],"replies":[{"embeddable":true,"href":"https:\/\/www.tucomarca.com\/wordpress\/segunda\/wp-json\/wp\/v2\/comments?post=123615"}],"version-history":[{"count":0,"href":"https:\/\/www.tucomarca.com\/wordpress\/segunda\/wp-json\/wp\/v2\/posts\/123615\/revisions"}],"wp:featuredmedia":[{"embeddable":true,"href":"https:\/\/www.tucomarca.com\/wordpress\/segunda\/wp-json\/wp\/v2\/media\/107693"}],"wp:attachment":[{"href":"https:\/\/www.tucomarca.com\/wordpress\/segunda\/wp-json\/wp\/v2\/media?parent=123615"}],"wp:term":[{"taxonomy":"category","embeddable":true,"href":"https:\/\/www.tucomarca.com\/wordpress\/segunda\/wp-json\/wp\/v2\/categories?post=123615"},{"taxonomy":"post_tag","embeddable":true,"href":"https:\/\/www.tucomarca.com\/wordpress\/segunda\/wp-json\/wp\/v2\/tags?post=123615"}],"curies":[{"name":"wp","href":"https:\/\/api.w.org\/{rel}","templated":true}]}}