{"id":12403,"date":"2013-03-14T21:19:43","date_gmt":"2013-03-14T20:19:43","guid":{"rendered":"http:\/\/www.tucomarca.com\/wordpress\/segunda\/?p=12403"},"modified":"2013-03-14T21:19:43","modified_gmt":"2013-03-14T20:19:43","slug":"alborache-y-el-mundo-de-la-musica-despide-al-ilustre-jose-m%c2%aa-cervera-collado","status":"publish","type":"post","link":"https:\/\/www.tucomarca.com\/wordpress\/segunda\/alborache-y-el-mundo-de-la-musica-despide-al-ilustre-jose-m%c2%aa-cervera-collado\/","title":{"rendered":"Alborache y el mundo de la m\u00fasica despide al ilustre Jos\u00e9 M\u00aa Cervera Collado"},"content":{"rendered":"<figure id=\"attachment_12487\" aria-describedby=\"caption-attachment-12487\" style=\"width: 300px\" class=\"wp-caption alignleft\"><a href=\"https:\/\/www.tucomarca.com\/wordpress\/segunda\/wp-content\/uploads\/2013\/03\/Caballe-Jose-Maria-Cervera.jpg\"><img loading=\"lazy\" decoding=\"async\" class=\"size-medium wp-image-12487\" title=\"Caballe-Jose-Maria-Cervera\" src=\"https:\/\/www.tucomarca.com\/wordpress\/segunda\/wp-content\/uploads\/2013\/03\/Caballe-Jose-Maria-Cervera-300x200.jpg\" alt=\"Monserrat Ceball\u00e9 junto al director fallecido en una de sus actuaciones.\" width=\"300\" height=\"200\" srcset=\"https:\/\/www.tucomarca.com\/wordpress\/segunda\/wp-content\/uploads\/2013\/03\/Caballe-Jose-Maria-Cervera-300x200.jpg 300w, https:\/\/www.tucomarca.com\/wordpress\/segunda\/wp-content\/uploads\/2013\/03\/Caballe-Jose-Maria-Cervera.jpg 1000w\" sizes=\"auto, (max-width: 300px) 100vw, 300px\" \/><\/a><figcaption id=\"caption-attachment-12487\" class=\"wp-caption-text\">Monserrat Ceball\u00e9 junto al director fallecido en una de sus actuaciones.<\/figcaption><\/figure>\n<p>Este martes falleci\u00f3 el ilustre y reconocido director Jos\u00e9 M\u00aa Cervera Collado tras luchar durante los dos \u00faltimos a\u00f1os con una grave enfermedad. El cuerpo del m\u00fasico permenece en el Tanatorio del Cementerio Municipal de Valencia donde ser\u00e1 incinerado esta misma tarde por expreso deseo del fallecido.<\/p>\n<p>Amigos y afines al mundo de la m\u00fasica se han unido al dolor de la familia en esta triste jornada en la que se cierra una brillante etapa tanto en lo personal como en lo profesional de quien fue nombrado Hijo Predilecto de Alborache.<\/p>\n<p>Nacido en Bu\u00f1ol en el a\u00f1o 1945, Cervera Collado se ha codeado con la \u00e9lite musical y ha tenido la oportunidad de dirigir reconocidas agrupaciones orquestales.<br \/>\nComo se ha informado a este semanario, el Ayuntamiento de Alborache ha decretado luto oficial hasta las 24 horas del 14 de marzo, por lo que se suspenden todos los actos programados por el consistorio y las banderas onder\u00e1n a media asta.<\/p>\n<p>El equipo de<strong> tucomarca.com<\/strong> se une al dolor de sus allegados y les traslada su m\u00e1s sincero p\u00e9same en un momento tan dif\u00edcil como \u00e9ste.<\/p>\n","protected":false},"excerpt":{"rendered":"<div class=\"mh-excerpt\">Este martes falleci\u00f3 el ilustre y reconocido director Jos\u00e9 M\u00aa Cervera Collado tras luchar durante los dos \u00faltimos a\u00f1os con una grave enfermedad. El cuerpo del m\u00fasico permenece en el Tanatorio del Cementerio Municipal de <a class=\"mh-excerpt-more\" href=\"https:\/\/www.tucomarca.com\/wordpress\/segunda\/alborache-y-el-mundo-de-la-musica-despide-al-ilustre-jose-m%c2%aa-cervera-collado\/\" title=\"Alborache y el mundo de la m\u00fasica despide al ilustre Jos\u00e9 M\u00aa Cervera Collado\">[+] <\/a><\/div>\n","protected":false},"author":2,"featured_media":12487,"comment_status":"open","ping_status":"open","sticky":false,"template":"","format":"standard","meta":{"footnotes":""},"categories":[19,66,8,10,7,3],"tags":[10386,774,775],"class_list":{"0":"post-12403","1":"post","2":"type-post","3":"status-publish","4":"format-standard","5":"has-post-thumbnail","7":"category-alborache","8":"category-musica","9":"category-la-comarca","10":"category-la-hoya","11":"category-ocio-y-cultura","12":"category-seccion","13":"tag-alborache","14":"tag-cervera-collado","15":"tag-fallecido"},"_links":{"self":[{"href":"https:\/\/www.tucomarca.com\/wordpress\/segunda\/wp-json\/wp\/v2\/posts\/12403","targetHints":{"allow":["GET"]}}],"collection":[{"href":"https:\/\/www.tucomarca.com\/wordpress\/segunda\/wp-json\/wp\/v2\/posts"}],"about":[{"href":"https:\/\/www.tucomarca.com\/wordpress\/segunda\/wp-json\/wp\/v2\/types\/post"}],"author":[{"embeddable":true,"href":"https:\/\/www.tucomarca.com\/wordpress\/segunda\/wp-json\/wp\/v2\/users\/2"}],"replies":[{"embeddable":true,"href":"https:\/\/www.tucomarca.com\/wordpress\/segunda\/wp-json\/wp\/v2\/comments?post=12403"}],"version-history":[{"count":0,"href":"https:\/\/www.tucomarca.com\/wordpress\/segunda\/wp-json\/wp\/v2\/posts\/12403\/revisions"}],"wp:featuredmedia":[{"embeddable":true,"href":"https:\/\/www.tucomarca.com\/wordpress\/segunda\/wp-json\/wp\/v2\/media\/12487"}],"wp:attachment":[{"href":"https:\/\/www.tucomarca.com\/wordpress\/segunda\/wp-json\/wp\/v2\/media?parent=12403"}],"wp:term":[{"taxonomy":"category","embeddable":true,"href":"https:\/\/www.tucomarca.com\/wordpress\/segunda\/wp-json\/wp\/v2\/categories?post=12403"},{"taxonomy":"post_tag","embeddable":true,"href":"https:\/\/www.tucomarca.com\/wordpress\/segunda\/wp-json\/wp\/v2\/tags?post=12403"}],"curies":[{"name":"wp","href":"https:\/\/api.w.org\/{rel}","templated":true}]}}