{"id":124200,"date":"2021-01-18T19:00:00","date_gmt":"2021-01-18T18:00:00","guid":{"rendered":"http:\/\/www.tucomarca.com\/wordpress\/segunda\/?p=124200"},"modified":"2021-01-19T15:15:48","modified_gmt":"2021-01-19T14:15:48","slug":"el-pp-de-leliana-requiere-al-alcalde-que-solicite-los-datos-reales-de-covid-19-en-el-municipio","status":"publish","type":"post","link":"https:\/\/www.tucomarca.com\/wordpress\/segunda\/el-pp-de-leliana-requiere-al-alcalde-que-solicite-los-datos-reales-de-covid-19-en-el-municipio\/","title":{"rendered":"El PP de L&#8217;Eliana requiere al alcalde que solicite \u00ablos datos reales de Covid-19 en el municipio\u00bb"},"content":{"rendered":"\n<h4 class=\"wp-block-heading\">Seg\u00fan el <strong>PP, \u00abel PSOE va a tener que dejar de ocultar de una vez el aumento descontrolado de casos\u00bb<\/strong><\/h4>\n\n\n\n<h4 class=\"wp-block-heading\"><strong>La Generalitat contin\u00faa sin reconocer los datos de contagiados que se multiplicar\u00edan por 5 seg\u00fan el PP<\/strong><\/h4>\n\n\n\n<p>\u00abLa semana pasada el PP de l&#8217;Eliana destap\u00f3 que los datos que publicaba la Conselleria y declaraba el alcalde del PSOE Salvador Torrent, estaban muy por debajo de la realidad,&nbsp;el n\u00famero de contagios que facilit\u00f3 el PP multiplicaba por cinco los datos \u00aboficiales\u00bb,&nbsp;de 71 a 341.&nbsp;La Conselleria ha contestado con su silencio al requerimiento de la portavoz popular, Mar\u00eda Jos\u00e9 Marco, en el cual solicitaba por escrito los datos reales de la pandemia como s\u00ed que han dado a otros municipios, reconociendo que los datos \u00aboficiales\u00bb est\u00e1n muy por debajo de la realidad.<br>El PP ha requerido hoy mismo formalmente al alcalde socialista de l&#8217;Eliana para que solicite por escrito al Centro de Salud P\u00fablica de Valencia, Informe detallado con datos actualizados de la incidencia real del Covid-19 en l&#8217;Eliana\u00bb, tal como han hecho constar fuentes del PP.<\/p>\n\n\n\n<p>Para la portavoz del PP \u00abla situaci\u00f3n es alarmante y los contagios aumentan exponencialmente y negar la realidad no sirve de nada, es hacerse trampas al solitario y ocultar la crisis a nuestros vecinos.&nbsp;Si el d\u00eda 12 ten\u00edamos 341 casos de Covid-19 ahora estaremos disparados, hace una semana ten\u00edamos una Incidencia Acumulada de 1.865 cada 100.000 habitantes y no se han tomado medidas ya que ni tan siquiera reconocen los datos tan preocupantes\u00bb.<\/p>\n\n\n\n<p>Mar\u00eda Jos\u00e9 Marco&nbsp;ha concluido manifestando que \u00abnecesitamos que dejen de pensar en la p\u00e9rdida de votos que supone la p\u00e9sima gesti\u00f3n sanitaria de esta pandemia, que se pongan a trabajar y no oculten la realidad a la poblaci\u00f3n.&nbsp;Vamos a ver c\u00f3mo empiezan a reconocer que los casos se van disparando y todo el pueblo ver\u00e1 como los datos que avanza el Partido Popular son los ciertos. Insto al alcalde a echarle valor y salir en su pr\u00f3ximo v\u00eddeo reconociendo la realidad de los contagios, no se pueden ocultar m\u00e1s\u00bb.<\/p>\n","protected":false},"excerpt":{"rendered":"<div class=\"mh-excerpt\">Seg\u00fan el PP, \u00abel PSOE va a tener que dejar de ocultar de una vez el aumento descontrolado de casos\u00bb La Generalitat contin\u00faa sin reconocer los datos de contagiados que se multiplicar\u00edan por 5 seg\u00fan <a class=\"mh-excerpt-more\" href=\"https:\/\/www.tucomarca.com\/wordpress\/segunda\/el-pp-de-leliana-requiere-al-alcalde-que-solicite-los-datos-reales-de-covid-19-en-el-municipio\/\" title=\"El PP de L&#8217;Eliana requiere al alcalde que solicite \u00ablos datos reales de Covid-19 en el municipio\u00bb\">[+] <\/a><\/div>\n","protected":false},"author":12,"featured_media":99321,"comment_status":"open","ping_status":"open","sticky":false,"template":"","format":"standard","meta":{"footnotes":""},"categories":[46,119,12201,128,177,8,117,142,3,116],"tags":[10395,11937,11938,10433,63],"class_list":{"0":"post-124200","1":"post","2":"type-post","3":"status-publish","4":"format-standard","5":"has-post-thumbnail","7":"category-camp-de-turia","8":"category-sanidad-la-comarca","9":"category-covid-19","10":"category-infraestructuras","11":"category-leliana","12":"category-la-comarca","13":"category-medio-ambiente-la-comarca","14":"category-politica-la-comarca","15":"category-seccion","16":"category-sucesos-la-comarca","17":"tag-camp-de-turia","18":"tag-coronavirus","19":"tag-covid-19","20":"tag-leliana","21":"tag-pp"},"_links":{"self":[{"href":"https:\/\/www.tucomarca.com\/wordpress\/segunda\/wp-json\/wp\/v2\/posts\/124200","targetHints":{"allow":["GET"]}}],"collection":[{"href":"https:\/\/www.tucomarca.com\/wordpress\/segunda\/wp-json\/wp\/v2\/posts"}],"about":[{"href":"https:\/\/www.tucomarca.com\/wordpress\/segunda\/wp-json\/wp\/v2\/types\/post"}],"author":[{"embeddable":true,"href":"https:\/\/www.tucomarca.com\/wordpress\/segunda\/wp-json\/wp\/v2\/users\/12"}],"replies":[{"embeddable":true,"href":"https:\/\/www.tucomarca.com\/wordpress\/segunda\/wp-json\/wp\/v2\/comments?post=124200"}],"version-history":[{"count":0,"href":"https:\/\/www.tucomarca.com\/wordpress\/segunda\/wp-json\/wp\/v2\/posts\/124200\/revisions"}],"wp:featuredmedia":[{"embeddable":true,"href":"https:\/\/www.tucomarca.com\/wordpress\/segunda\/wp-json\/wp\/v2\/media\/99321"}],"wp:attachment":[{"href":"https:\/\/www.tucomarca.com\/wordpress\/segunda\/wp-json\/wp\/v2\/media?parent=124200"}],"wp:term":[{"taxonomy":"category","embeddable":true,"href":"https:\/\/www.tucomarca.com\/wordpress\/segunda\/wp-json\/wp\/v2\/categories?post=124200"},{"taxonomy":"post_tag","embeddable":true,"href":"https:\/\/www.tucomarca.com\/wordpress\/segunda\/wp-json\/wp\/v2\/tags?post=124200"}],"curies":[{"name":"wp","href":"https:\/\/api.w.org\/{rel}","templated":true}]}}