{"id":124401,"date":"2021-01-21T12:12:00","date_gmt":"2021-01-21T11:12:00","guid":{"rendered":"http:\/\/www.tucomarca.com\/wordpress\/segunda\/?p=124401"},"modified":"2021-01-21T19:40:42","modified_gmt":"2021-01-21T18:40:42","slug":"la-alcaldesa-de-bunol-elogia-el-excelente-trabajo-de-la-residencia-de-mayores-de-la-localidad-tras-recibir-la-segunda-dosis-de-la-vacuna","status":"publish","type":"post","link":"https:\/\/www.tucomarca.com\/wordpress\/segunda\/la-alcaldesa-de-bunol-elogia-el-excelente-trabajo-de-la-residencia-de-mayores-de-la-localidad-tras-recibir-la-segunda-dosis-de-la-vacuna\/","title":{"rendered":"La alcaldesa de Bu\u00f1ol elogia el \u00abexcelente trabajo\u00bb de la residencia de mayores de la localidad tras recibir la segunda dosis de la vacuna"},"content":{"rendered":"\n<h4 class=\"wp-block-heading\">Juncal Carrascosa ha elogiado el excelente trabajo y esfuerzo que se ha hecho desde el comienzo de la pandemia por parte de residentes, trabajadores y sanitarios al conseguir que el virus no entrara en sus instalaciones, ya que hasta la fecha no ha habido ning\u00fan contagio<\/h4>\n\n\n\n<figure class=\"wp-block-image size-large\"><img loading=\"lazy\" decoding=\"async\" width=\"638\" height=\"945\" src=\"https:\/\/www.tucomarca.com\/wordpress\/segunda\/wp-content\/uploads\/2021\/01\/vacunadosResidencia.jpg\" alt=\"\" class=\"wp-image-124405\" srcset=\"https:\/\/www.tucomarca.com\/wordpress\/segunda\/wp-content\/uploads\/2021\/01\/vacunadosResidencia.jpg 638w, https:\/\/www.tucomarca.com\/wordpress\/segunda\/wp-content\/uploads\/2021\/01\/vacunadosResidencia-203x300.jpg 203w\" sizes=\"auto, (max-width: 638px) 100vw, 638px\" \/><\/figure>\n\n\n\n<p>Como ya avanz\u00f3 ayer <strong>tucomarca.com<\/strong>, la alcaldesa de Bu\u00f1ol, Juncal Carrascosa, ha confirmado que este mi\u00e9rcoles tanto los residentes como el personal de la Residencia de Personas Dependientes y Centro de D\u00eda de Bu\u00f1ol recibieron ya la segunda dosis de la vacuna de Pfizer para combatir el Covid-19.<\/p>\n\n\n\n<p>Y es que este centro administr\u00f3 la primera dosis de la vacuna de Pfizer el pasado 30 de diciembre a todos sus residentes y personal sanitario. Ahora tocaba la segunda dosis, y todo ha salido perfectamente.&nbsp;<\/p>\n\n\n\n<p>La primer edil se ha mostrado muy satisfecha por ver c\u00f3mo esta residencia bu\u00f1olense hab\u00eda continuado desde el comienzo de la pandemia con cero contagios. Ha elogiado el excelente trabajo y esfuerzo realizado tanto por los sanitarios como por el resto de trabajadores y residentes al poder contener el virus. \u201cAhora s\u00f3lo queda esperar entre 7 y 10 d\u00edas para que estas 150 personas que han recibido ya la segunda dosis, obtengan la inmunidad frente al Covid19\u201d, finaliz\u00f3.<\/p>\n","protected":false},"excerpt":{"rendered":"<div class=\"mh-excerpt\">Juncal Carrascosa ha elogiado el excelente trabajo y esfuerzo que se ha hecho desde el comienzo de la pandemia por parte de residentes, trabajadores y sanitarios al conseguir que el virus no entrara en sus <a class=\"mh-excerpt-more\" href=\"https:\/\/www.tucomarca.com\/wordpress\/segunda\/la-alcaldesa-de-bunol-elogia-el-excelente-trabajo-de-la-residencia-de-mayores-de-la-localidad-tras-recibir-la-segunda-dosis-de-la-vacuna\/\" title=\"La alcaldesa de Bu\u00f1ol elogia el \u00abexcelente trabajo\u00bb de la residencia de mayores de la localidad tras recibir la segunda dosis de la vacuna\">[+] <\/a><\/div>\n","protected":false},"author":12,"featured_media":124403,"comment_status":"open","ping_status":"open","sticky":false,"template":"","format":"standard","meta":{"footnotes":""},"categories":[18,119,12201,128,8,10,142,3,116],"tags":[10385,11937,11938,6984,5952,11970,13498],"class_list":{"0":"post-124401","1":"post","2":"type-post","3":"status-publish","4":"format-standard","5":"has-post-thumbnail","7":"category-bunol","8":"category-sanidad-la-comarca","9":"category-covid-19","10":"category-infraestructuras","11":"category-la-comarca","12":"category-la-hoya","13":"category-politica-la-comarca","14":"category-seccion","15":"category-sucesos-la-comarca","16":"tag-bunol","17":"tag-coronavirus","18":"tag-covid-19","19":"tag-juncal-carrascosa","20":"tag-la-hoya-de-bunol-chiva","21":"tag-residencia-mayores-bunol","22":"tag-vacuna-covid"},"_links":{"self":[{"href":"https:\/\/www.tucomarca.com\/wordpress\/segunda\/wp-json\/wp\/v2\/posts\/124401","targetHints":{"allow":["GET"]}}],"collection":[{"href":"https:\/\/www.tucomarca.com\/wordpress\/segunda\/wp-json\/wp\/v2\/posts"}],"about":[{"href":"https:\/\/www.tucomarca.com\/wordpress\/segunda\/wp-json\/wp\/v2\/types\/post"}],"author":[{"embeddable":true,"href":"https:\/\/www.tucomarca.com\/wordpress\/segunda\/wp-json\/wp\/v2\/users\/12"}],"replies":[{"embeddable":true,"href":"https:\/\/www.tucomarca.com\/wordpress\/segunda\/wp-json\/wp\/v2\/comments?post=124401"}],"version-history":[{"count":0,"href":"https:\/\/www.tucomarca.com\/wordpress\/segunda\/wp-json\/wp\/v2\/posts\/124401\/revisions"}],"wp:featuredmedia":[{"embeddable":true,"href":"https:\/\/www.tucomarca.com\/wordpress\/segunda\/wp-json\/wp\/v2\/media\/124403"}],"wp:attachment":[{"href":"https:\/\/www.tucomarca.com\/wordpress\/segunda\/wp-json\/wp\/v2\/media?parent=124401"}],"wp:term":[{"taxonomy":"category","embeddable":true,"href":"https:\/\/www.tucomarca.com\/wordpress\/segunda\/wp-json\/wp\/v2\/categories?post=124401"},{"taxonomy":"post_tag","embeddable":true,"href":"https:\/\/www.tucomarca.com\/wordpress\/segunda\/wp-json\/wp\/v2\/tags?post=124401"}],"curies":[{"name":"wp","href":"https:\/\/api.w.org\/{rel}","templated":true}]}}