{"id":1245,"date":"2012-05-10T14:58:06","date_gmt":"2012-05-10T14:58:06","guid":{"rendered":"http:\/\/www.tucomarca.com\/wordpress\/segunda\/?p=1245"},"modified":"2012-05-14T10:15:41","modified_gmt":"2012-05-14T10:15:41","slug":"broche-de-oro-a-la-clausura-de-los-actos-conmemorativos-del-185%c2%ba-aniversario-de-la-union","status":"publish","type":"post","link":"https:\/\/www.tucomarca.com\/wordpress\/segunda\/broche-de-oro-a-la-clausura-de-los-actos-conmemorativos-del-185%c2%ba-aniversario-de-la-union\/","title":{"rendered":"Broche de oro a la clausura de los actos conmemorativos del 185 aniversario de La Uni\u00f3n de Y\u00e1tova"},"content":{"rendered":"<figure id=\"attachment_1246\" aria-describedby=\"caption-attachment-1246\" style=\"width: 300px\" class=\"wp-caption alignleft\"><a href=\"https:\/\/www.tucomarca.com\/wordpress\/segunda\/wp-content\/uploads\/2012\/05\/DSC_8022.jpg\"><img loading=\"lazy\" decoding=\"async\" class=\"size-medium wp-image-1246 \" title=\"Protagonistas del concierto. tc.c\" src=\"https:\/\/www.tucomarca.com\/wordpress\/segunda\/wp-content\/uploads\/2012\/05\/DSC_8022-300x200.jpg\" alt=\"\" width=\"300\" height=\"200\" srcset=\"https:\/\/www.tucomarca.com\/wordpress\/segunda\/wp-content\/uploads\/2012\/05\/DSC_8022-300x200.jpg 300w, https:\/\/www.tucomarca.com\/wordpress\/segunda\/wp-content\/uploads\/2012\/05\/DSC_8022-1024x685.jpg 1024w\" sizes=\"auto, (max-width: 300px) 100vw, 300px\" \/><\/a><figcaption id=\"caption-attachment-1246\" class=\"wp-caption-text\">Protagonistas del concierto. tc.c<\/figcaption><\/figure>\n<p>La Sociedad Uni\u00f3n Musical de Y\u00e1tova concluy\u00f3 el pasado domingo 6 de mayo los actos conmemorativos de su 185 Aniversario con un magn\u00edfico concierto en el auditorio de la Mancomunidad (Y\u00e1tova). Con \u00e9l, se pone punto y final a todo un a\u00f1o repleto de acontecimientos y actos. Un a\u00f1o en el que la Sociedad ha recibido la Medalla de Oro de manos del Presidente de la Federaci\u00f3n de Sociedades Musicales de la Comunidad Valenciana y ha participado en el Certamen Provincial de Bandas de M\u00fasica de la Diputaci\u00f3n de Valencia. A\u00f1o, en el que la Uni\u00f3n de Y\u00e1tova llev\u00f3, por primera vez, a su localidad a la Banda Municipal de Valencia; homenaje\u00f3 a sus m\u00fasicos y socios; celebr\u00f3 conciertos muy especiales, destacando el Festival de Bandas en verano (en el que participaron cuatro bandas de m\u00fasica y se estren\u00f3 el Himno de la Sociedad) y el concierto extraordinario de Navidad (donde actuaron como solistas Jos\u00e9 Miguel Barona y Mariv\u00ed Blasco).<br \/>\nEl concierto del pasado domingo fue, sin lugar a dudas, uno de los m\u00e1s especiales y\u00a0 emotivos que la Sociedad ha realizado en su larga historia. Se present\u00f3, como Presidente de la Escuela de M\u00fasica Maestro Barcel\u00f3, a \u00c1lvaro Mor\u00e1n y como Presidente de la Sociedad Uni\u00f3n Musical a Antonio Jos\u00e9 Vicente. Hubo tambi\u00e9n una menci\u00f3n especial de agradecimiento a su ex presidente quien, por motivos profesionales, no pudo asistir al acto. Adem\u00e1s, antes del inicio del concierto, uno de sus m\u00fasicos, Daniel Vicente, quiso hacer entrega de un cuadro a la Sociedad como recuerdo del 185 Aniversario de la misma. Marcos Garc\u00eda, siempre colaborador con la Sociedad y quien se ha encargado de presentar los conciertos y actos de la banda durante los \u00faltimos\u00a0 a\u00f1os, tambi\u00e9n fue obsequiado con una r\u00e9plica de la bandera\u00a0 por su dedicaci\u00f3n.<br \/>\nEn la primera parte se interpret\u00f3 el Pasodoble Las Provincias de Terol y los movimientos I, II y V de la Sinfon\u00eda n\u00ba 1 El Se\u00f1or de los Anillos de Johan de Meij. Todo ello, bajo la batuta de su director titular Joan Baptiste Bernat i Alcaide.<br \/>\nSin embargo, el momento m\u00e1s emocionante del concierto se reservaba para la segunda parte. La banda de la Sociedad Uni\u00f3n Musical estren\u00f3 el Pasodoble \u201cIsabel Gimeno Domingo\u201d, del compositor y director bu\u00f1olense Jes\u00fas Perell\u00f3 Fuster. Pasodoble que lleva el nombre de la Madrina de la Bandera de la Sociedad y con el que \u00e9sta, su sociedad, quiere agradecerle su siempre incondicional entrega. La Madrina, Isabel Gimeno recibi\u00f3 en mano la partitura original de esta pieza que lleva su nombre. Del mismo modo, el Presidente de la Uni\u00f3n entreg\u00f3 en se\u00f1al de agradecimiento y colaboraci\u00f3n desinteresada a su compositor, Jes\u00fas Perell\u00f3, una copia de la bandera de la Sociedad. El Pasodoble se interpret\u00f3 al inicio y al final de la segunda parte del concierto, siendo dirigido en la segunda ocasi\u00f3n por su compositor. En esta parte, tambi\u00e9n se escucharon la Overtura Cubana de George Gershwin y la Marcha Eslava de Tchaikovsky, cerrando el concierto con el Himno de Y\u00e1tova del Maestro Barcel\u00f3.<br \/>\nAl acto asistieron ex directores de la banda y representantes invitados de las sociedades musicales de la comarca y asociaciones del pueblo de Y\u00e1tova, adem\u00e1s de un entregado p\u00fablico que ovacion\u00f3, especialmente, las dos interpretaciones del nuevo pasodoble.<br \/>\nSin duda fue un broche de oro, por parte de la Sociedad, para la clausura del a\u00f1o de su 185 Aniversario. La Junta Directiva quiere, desde aqu\u00ed, agradecer a todos sus socios y simpatizantes el haberse hecho part\u00edcipes de este concierto y de todos los actos celebrados a lo largo del a\u00f1o. Ahora, la banda se centra en preparar el concierto de San Isidro, patr\u00f3n de la localidad, que tendr\u00e1 lugar el pr\u00f3ximo d\u00eda 26 de mayo.<\/p>\n","protected":false},"excerpt":{"rendered":"<div class=\"mh-excerpt\">La Sociedad Uni\u00f3n Musical de Y\u00e1tova concluy\u00f3 el pasado domingo 6 de mayo los actos conmemorativos de su 185 Aniversario con un magn\u00edfico concierto en el auditorio de la Mancomunidad (Y\u00e1tova). Con \u00e9l, se pone <a class=\"mh-excerpt-more\" href=\"https:\/\/www.tucomarca.com\/wordpress\/segunda\/broche-de-oro-a-la-clausura-de-los-actos-conmemorativos-del-185%c2%ba-aniversario-de-la-union\/\" title=\"Broche de oro a la clausura de los actos conmemorativos del 185 aniversario de La Uni\u00f3n de Y\u00e1tova\">[+] <\/a><\/div>\n","protected":false},"author":2,"featured_media":1246,"comment_status":"open","ping_status":"open","sticky":false,"template":"","format":"standard","meta":{"footnotes":""},"categories":[8,10,7,3,45,11],"tags":[129],"class_list":{"0":"post-1245","1":"post","2":"type-post","3":"status-publish","4":"format-standard","5":"has-post-thumbnail","7":"category-la-comarca","8":"category-la-hoya","9":"category-ocio-y-cultura","10":"category-seccion","11":"category-ventana","12":"category-yatova","13":"tag-union"},"_links":{"self":[{"href":"https:\/\/www.tucomarca.com\/wordpress\/segunda\/wp-json\/wp\/v2\/posts\/1245","targetHints":{"allow":["GET"]}}],"collection":[{"href":"https:\/\/www.tucomarca.com\/wordpress\/segunda\/wp-json\/wp\/v2\/posts"}],"about":[{"href":"https:\/\/www.tucomarca.com\/wordpress\/segunda\/wp-json\/wp\/v2\/types\/post"}],"author":[{"embeddable":true,"href":"https:\/\/www.tucomarca.com\/wordpress\/segunda\/wp-json\/wp\/v2\/users\/2"}],"replies":[{"embeddable":true,"href":"https:\/\/www.tucomarca.com\/wordpress\/segunda\/wp-json\/wp\/v2\/comments?post=1245"}],"version-history":[{"count":0,"href":"https:\/\/www.tucomarca.com\/wordpress\/segunda\/wp-json\/wp\/v2\/posts\/1245\/revisions"}],"wp:featuredmedia":[{"embeddable":true,"href":"https:\/\/www.tucomarca.com\/wordpress\/segunda\/wp-json\/wp\/v2\/media\/1246"}],"wp:attachment":[{"href":"https:\/\/www.tucomarca.com\/wordpress\/segunda\/wp-json\/wp\/v2\/media?parent=1245"}],"wp:term":[{"taxonomy":"category","embeddable":true,"href":"https:\/\/www.tucomarca.com\/wordpress\/segunda\/wp-json\/wp\/v2\/categories?post=1245"},{"taxonomy":"post_tag","embeddable":true,"href":"https:\/\/www.tucomarca.com\/wordpress\/segunda\/wp-json\/wp\/v2\/tags?post=1245"}],"curies":[{"name":"wp","href":"https:\/\/api.w.org\/{rel}","templated":true}]}}