{"id":124528,"date":"2021-01-23T13:30:00","date_gmt":"2021-01-23T12:30:00","guid":{"rendered":"http:\/\/www.tucomarca.com\/wordpress\/segunda\/?p=124528"},"modified":"2021-01-23T20:44:39","modified_gmt":"2021-01-23T19:44:39","slug":"benaguasil-lanza-un-programa-municipal-de-voluntariado-para-personas-mayores","status":"publish","type":"post","link":"https:\/\/www.tucomarca.com\/wordpress\/segunda\/benaguasil-lanza-un-programa-municipal-de-voluntariado-para-personas-mayores\/","title":{"rendered":"Benaguasil lanza un programa municipal de voluntariado para personas mayores"},"content":{"rendered":"\n<p>El Ayuntamiento de Benaguasil ha puesto en marcha un programa de voluntariado para la ayuda y atenci\u00f3n telef\u00f3nica de personas mayores, personas dependientes, personas que vivan solas y personas que est\u00e9n confinadas.<\/p>\n\n\n\n<figure class=\"wp-block-image size-large\"><img loading=\"lazy\" decoding=\"async\" width=\"696\" height=\"984\" src=\"https:\/\/www.tucomarca.com\/wordpress\/segunda\/wp-content\/uploads\/2021\/01\/BenaguasilVoluntarios1.jpg\" alt=\"\" class=\"wp-image-124529\" srcset=\"https:\/\/www.tucomarca.com\/wordpress\/segunda\/wp-content\/uploads\/2021\/01\/BenaguasilVoluntarios1.jpg 696w, https:\/\/www.tucomarca.com\/wordpress\/segunda\/wp-content\/uploads\/2021\/01\/BenaguasilVoluntarios1-212x300.jpg 212w\" sizes=\"auto, (max-width: 696px) 100vw, 696px\" \/><\/figure>\n\n\n\n<p>Se trata de una iniciativa municipal que persigue un doble objetivo, por un lado cubrir las necesidades b\u00e1sicas de personas que est\u00e9n solas, en situaci\u00f3n de dependencia o en cuarentena y no dispongan de familiares o amigos que puedan llevarles la compra o cualquier otra necesidad y, por otro crear un acompa\u00f1amiento emocional a las personas ya sea de manera telef\u00f3nica o de forma presencial y ayudarles a paliar la soledad.<\/p>\n\n\n\n<p>\u201cLos duros momentos que estamos atravesando han aumentado tambi\u00e9n los impactos psicol\u00f3gicos en las personas y de una manera m\u00e1s aguda al colectivo de mayores, por ello hemos lanzado este programa para acompa\u00f1ar a la poblaci\u00f3n mayor de nuestra localidad, y ayudarles en tareas b\u00e1sicas como realizar la compra, ir a la farmacia&nbsp;o simplemente hablar por&nbsp;tel\u00e9fono\u201d, han se\u00f1alado fuentes municipales.<\/p>\n\n\n\n<p>Con la puesta en marcha de este programa se pretende dar continuidad al plan de ayuda a mayores, familias y dependientes desarrollado durante los meses de confinamiento para atender las necesidades de las personas de mayor vulnerabilidad y que gener\u00f3 una red de voluntariado que atendi\u00f3 m\u00e1s de 1.500 llamadas telef\u00f3nicas y atendi\u00f3 diariamente a 65 personas que requer\u00edan alg\u00fan tipo de atenci\u00f3n especial.<\/p>\n\n\n\n<p>Las personas interesadas en ser voluntarios\/as o en ser usuarias\/os del servicio pueden hacerlo a trav\u00e9s del correo electr\u00f3nico <a href=\"mailto:voluntariado@ajuntamentbenaguasil.es\">voluntariado@ajuntamentbenaguasil.es<\/a> o llamando al tel\u00e9fono 962730011 o 607676615.<\/p>\n","protected":false},"excerpt":{"rendered":"<div class=\"mh-excerpt\">El Ayuntamiento de Benaguasil ha puesto en marcha un programa de voluntariado para la ayuda y atenci\u00f3n telef\u00f3nica de personas mayores, personas dependientes, personas que vivan solas y personas que est\u00e9n confinadas. Se trata de <a class=\"mh-excerpt-more\" href=\"https:\/\/www.tucomarca.com\/wordpress\/segunda\/benaguasil-lanza-un-programa-municipal-de-voluntariado-para-personas-mayores\/\" title=\"Benaguasil lanza un programa municipal de voluntariado para personas mayores\">[+] <\/a><\/div>\n","protected":false},"author":12,"featured_media":124531,"comment_status":"open","ping_status":"open","sticky":false,"template":"","format":"standard","meta":{"footnotes":""},"categories":[172,46,119,128,8,142,3],"tags":[10429,10395,1923],"class_list":{"0":"post-124528","1":"post","2":"type-post","3":"status-publish","4":"format-standard","5":"has-post-thumbnail","7":"category-benaguasil","8":"category-camp-de-turia","9":"category-sanidad-la-comarca","10":"category-infraestructuras","11":"category-la-comarca","12":"category-politica-la-comarca","13":"category-seccion","14":"tag-benaguasil","15":"tag-camp-de-turia","16":"tag-voluntariado"},"_links":{"self":[{"href":"https:\/\/www.tucomarca.com\/wordpress\/segunda\/wp-json\/wp\/v2\/posts\/124528","targetHints":{"allow":["GET"]}}],"collection":[{"href":"https:\/\/www.tucomarca.com\/wordpress\/segunda\/wp-json\/wp\/v2\/posts"}],"about":[{"href":"https:\/\/www.tucomarca.com\/wordpress\/segunda\/wp-json\/wp\/v2\/types\/post"}],"author":[{"embeddable":true,"href":"https:\/\/www.tucomarca.com\/wordpress\/segunda\/wp-json\/wp\/v2\/users\/12"}],"replies":[{"embeddable":true,"href":"https:\/\/www.tucomarca.com\/wordpress\/segunda\/wp-json\/wp\/v2\/comments?post=124528"}],"version-history":[{"count":0,"href":"https:\/\/www.tucomarca.com\/wordpress\/segunda\/wp-json\/wp\/v2\/posts\/124528\/revisions"}],"wp:featuredmedia":[{"embeddable":true,"href":"https:\/\/www.tucomarca.com\/wordpress\/segunda\/wp-json\/wp\/v2\/media\/124531"}],"wp:attachment":[{"href":"https:\/\/www.tucomarca.com\/wordpress\/segunda\/wp-json\/wp\/v2\/media?parent=124528"}],"wp:term":[{"taxonomy":"category","embeddable":true,"href":"https:\/\/www.tucomarca.com\/wordpress\/segunda\/wp-json\/wp\/v2\/categories?post=124528"},{"taxonomy":"post_tag","embeddable":true,"href":"https:\/\/www.tucomarca.com\/wordpress\/segunda\/wp-json\/wp\/v2\/tags?post=124528"}],"curies":[{"name":"wp","href":"https:\/\/api.w.org\/{rel}","templated":true}]}}