{"id":124548,"date":"2021-01-23T10:00:00","date_gmt":"2021-01-23T09:00:00","guid":{"rendered":"http:\/\/www.tucomarca.com\/wordpress\/segunda\/?p=124548"},"modified":"2021-01-23T20:31:48","modified_gmt":"2021-01-23T19:31:48","slug":"finaliza-la-primera-fase-de-formacion-del-plan-de-empleo-de-cheste","status":"publish","type":"post","link":"https:\/\/www.tucomarca.com\/wordpress\/segunda\/finaliza-la-primera-fase-de-formacion-del-plan-de-empleo-de-cheste\/","title":{"rendered":"Finaliza la primera fase de formaci\u00f3n del Plan de Empleo de Cheste"},"content":{"rendered":"\n<h4 class=\"wp-block-heading\">Pr\u00f3ximamente se programar\u00e1n nuevos cursos en base a los perfiles demandados por las empresas<\/h4>\n\n\n\n<p>En el marco del Plan de Empleo de Cheste<em> ChestEmple@ <\/em>se ha finalizado la primera etapa formativa con el objetivo de mejorar los perfiles profesionales de las personas participantes de cara a la b\u00fasqueda de empleo.&nbsp;<\/p>\n\n\n\n<p>Esta acci\u00f3n ha consistido en la impartici\u00f3n del curso <em>Formaci\u00f3n en Maquinar\u00eda, Seguridad y Prevenci\u00f3n en el Sector Agroalimentario, <\/em>en el que han participado 30 personas. La formaci\u00f3n, impartida por la entidad Adehon, se ha desarrollado a trav\u00e9s de dos ediciones, que han tenido lugar desde enero a diciembre de 2020, en dos grupos de 15 personas.&nbsp;<\/p>\n\n\n\n<p>\u201cPor fin hemos podido terminar los cursos de la formaci\u00f3n que iniciamos a principios de 2020, ya que la segunda edici\u00f3n se paraliz\u00f3 a causa de la pandemia y se retom\u00f3 con la modalidad de teleformaci\u00f3n, por lo que no se pudieron cumplirlos plazos previstos inicialmente\u201d, apunta el concejal de Empleo, Jos\u00e9 Vicente Guijarro.<\/p>\n\n\n\n<p>Los m\u00f3dulos abordados han sido: manipulador\/a de alimentos, formaci\u00f3n b\u00e1sica en prevenci\u00f3n de riesgos laborales, primeros auxilios y operador\/a de carretillas elevadoras. Todas las personas participantes han finalizado el curso con la calificaci\u00f3n de \u201capto\/a\u201d.<\/p>\n\n\n\n<p>\u201cEl Plan de Empleo contempla una segunda fase de formaci\u00f3n, en esta ocasi\u00f3n m\u00e1s espec\u00edfica, en base a la demanda de perfiles profesionales que las empresas que participen en los acuerdos de colaboraci\u00f3n con el Ayuntamiento nos comuniquen\u201d, explica Guijarro. \u201cLa firma de estos convenios tambi\u00e9n se est\u00e1 viendo afectada por la crisis sanitaria, pero seguimos trabajando para poder ofertar pr\u00f3ximamente nuevos cursos que faciliten la incorporaci\u00f3n al mundo laboral de personas desempleadas o un mejor trabajo a las personas en activo, ofreci\u00e9ndoles formaci\u00f3n acorde a las necesidades de las empresas, como podr\u00eda ser calderer\u00eda o soldadura t\u00e9rmica, por ejemplo\u201d.<\/p>\n","protected":false},"excerpt":{"rendered":"<div class=\"mh-excerpt\">Pr\u00f3ximamente se programar\u00e1n nuevos cursos en base a los perfiles demandados por las empresas En el marco del Plan de Empleo de Cheste ChestEmple@ se ha finalizado la primera etapa formativa con el objetivo de <a class=\"mh-excerpt-more\" href=\"https:\/\/www.tucomarca.com\/wordpress\/segunda\/finaliza-la-primera-fase-de-formacion-del-plan-de-empleo-de-cheste\/\" title=\"Finaliza la primera fase de formaci\u00f3n del Plan de Empleo de Cheste\">[+] <\/a><\/div>\n","protected":false},"author":12,"featured_media":122753,"comment_status":"open","ping_status":"open","sticky":false,"template":"","format":"standard","meta":{"footnotes":""},"categories":[17,128,8,10,142,3],"tags":[339,5952,13637],"class_list":{"0":"post-124548","1":"post","2":"type-post","3":"status-publish","4":"format-standard","5":"has-post-thumbnail","7":"category-cheste","8":"category-infraestructuras","9":"category-la-comarca","10":"category-la-hoya","11":"category-politica-la-comarca","12":"category-seccion","13":"tag-cheste-2","14":"tag-la-hoya-de-bunol-chiva","15":"tag-plan-de-empleo-de-cheste"},"_links":{"self":[{"href":"https:\/\/www.tucomarca.com\/wordpress\/segunda\/wp-json\/wp\/v2\/posts\/124548","targetHints":{"allow":["GET"]}}],"collection":[{"href":"https:\/\/www.tucomarca.com\/wordpress\/segunda\/wp-json\/wp\/v2\/posts"}],"about":[{"href":"https:\/\/www.tucomarca.com\/wordpress\/segunda\/wp-json\/wp\/v2\/types\/post"}],"author":[{"embeddable":true,"href":"https:\/\/www.tucomarca.com\/wordpress\/segunda\/wp-json\/wp\/v2\/users\/12"}],"replies":[{"embeddable":true,"href":"https:\/\/www.tucomarca.com\/wordpress\/segunda\/wp-json\/wp\/v2\/comments?post=124548"}],"version-history":[{"count":0,"href":"https:\/\/www.tucomarca.com\/wordpress\/segunda\/wp-json\/wp\/v2\/posts\/124548\/revisions"}],"wp:featuredmedia":[{"embeddable":true,"href":"https:\/\/www.tucomarca.com\/wordpress\/segunda\/wp-json\/wp\/v2\/media\/122753"}],"wp:attachment":[{"href":"https:\/\/www.tucomarca.com\/wordpress\/segunda\/wp-json\/wp\/v2\/media?parent=124548"}],"wp:term":[{"taxonomy":"category","embeddable":true,"href":"https:\/\/www.tucomarca.com\/wordpress\/segunda\/wp-json\/wp\/v2\/categories?post=124548"},{"taxonomy":"post_tag","embeddable":true,"href":"https:\/\/www.tucomarca.com\/wordpress\/segunda\/wp-json\/wp\/v2\/tags?post=124548"}],"curies":[{"name":"wp","href":"https:\/\/api.w.org\/{rel}","templated":true}]}}