{"id":124560,"date":"2021-01-23T09:00:00","date_gmt":"2021-01-23T08:00:00","guid":{"rendered":"http:\/\/www.tucomarca.com\/wordpress\/segunda\/?p=124560"},"modified":"2021-01-23T20:29:54","modified_gmt":"2021-01-23T19:29:54","slug":"la-unio-de-llauradors-envia-escritos-a-los-ministros-de-agricultura-y-consumo-para-evitar-que-la-horchata-de-chufa-tenga-un-iva-del-21","status":"publish","type":"post","link":"https:\/\/www.tucomarca.com\/wordpress\/segunda\/la-unio-de-llauradors-envia-escritos-a-los-ministros-de-agricultura-y-consumo-para-evitar-que-la-horchata-de-chufa-tenga-un-iva-del-21\/","title":{"rendered":"La Uni\u00f3 de Llauradors envia escritos a los ministros de Agricultura y Consumo para evitar que la horchata de chufa tenga un IVA del 21%"},"content":{"rendered":"\n<p>La Uni\u00f3 de Llauradors ha remitido sendos escritos a los ministros de Agricultura, Luis Planas, y de Consumo, Alberto Garz\u00f3n, para que la horchata de chufa siga teniendo como hasta ahora un IVA reducido del 10% y no el 21%, tal y como se pretende el Gobierno con la modificaci\u00f3n del IVA de la Ley de Presupuestos Generales del Estado para este a\u00f1o. Esta misma semana una representaci\u00f3n de la Uni\u00f3 se ha reunido tambi\u00e9n en el Congreso de los Diputados con los grupos parlamentarios de Unidas Podemos y Comprom\u00eds, concretamente con los diputados valencianos Marisa Saavedra y Joan Baldov\u00ed, respectivamente, con objeto de que puedan presentar iniciativas parlamentarias en la C\u00e1mara Baja para revertir la decisi\u00f3n y, en el caso de Unidas Podemos, trasladen al ministro de Consumo, Alberto Garz\u00f3n, las repercusiones negativas de esta situaci\u00f3n. Cabe se\u00f1alar que en el art\u00edculo 69 de la Ley de Presupuestos Generales del Estado para 2021 se establece que las bebidas que contengan edulcorantes a\u00f1adidos, naturales y derivados, y aditivos edulcorantes, excepto las leches infantiles y las bebidas consideradas como complementos alimenticios para necesidades diet\u00e9ticas especiales, tendr\u00e1n un tipo impositivo general del 21%.<\/p>\n\n\n\n<p>Lo anterior entra en contradicci\u00f3n,&nbsp; seg\u00fan la Uni\u00f3, porque los edulcorantes a\u00f1adidos a la horchata de chufa vienen obligados normativamente por el Real Decreto en vigor 1338\/1988, de 28 de octubre, por el que se aprueba la reglamentaci\u00f3n t\u00e9cnico-sanitaria para la elaboraci\u00f3n y venta de horchata de chufa, donde se establece, en t\u00e9rminos generales, que de forma obligada la mayor\u00eda de horchatas, incluso las naturales, deben tener como m\u00ednimo un 10% de sacarosa. Por tanto, se penaliza a un sector con un incremento del tipo impositivo del IVA por cumplir con una legislaci\u00f3n gubernamental que le obliga a a\u00f1adir az\u00facares. Informa, <strong>Luis Ib\u00e1\u00f1ez.<\/strong><\/p>\n","protected":false},"excerpt":{"rendered":"<div class=\"mh-excerpt\">La Uni\u00f3 de Llauradors ha remitido sendos escritos a los ministros de Agricultura, Luis Planas, y de Consumo, Alberto Garz\u00f3n, para que la horchata de chufa siga teniendo como hasta ahora un IVA reducido del <a class=\"mh-excerpt-more\" href=\"https:\/\/www.tucomarca.com\/wordpress\/segunda\/la-unio-de-llauradors-envia-escritos-a-los-ministros-de-agricultura-y-consumo-para-evitar-que-la-horchata-de-chufa-tenga-un-iva-del-21\/\" title=\"La Uni\u00f3 de Llauradors envia escritos a los ministros de Agricultura y Consumo para evitar que la horchata de chufa tenga un IVA del 21%\">[+] <\/a><\/div>\n","protected":false},"author":12,"featured_media":122391,"comment_status":"open","ping_status":"open","sticky":false,"template":"","format":"standard","meta":{"footnotes":""},"categories":[169,8,72,42,142,3],"tags":[12405,13639,13641,12227],"class_list":{"0":"post-124560","1":"post","2":"type-post","3":"status-publish","4":"format-standard","5":"has-post-thumbnail","7":"category-agricultura-la-comarca","8":"category-la-comarca","9":"category-sin-categorizar","10":"category-la-ribera","11":"category-politica-la-comarca","12":"category-seccion","13":"tag-el-ministerio-de-agricultura","14":"tag-horchata-de-chufa","15":"tag-iva-del-21","16":"tag-unio-de-llauradors-i-ramaders"},"_links":{"self":[{"href":"https:\/\/www.tucomarca.com\/wordpress\/segunda\/wp-json\/wp\/v2\/posts\/124560","targetHints":{"allow":["GET"]}}],"collection":[{"href":"https:\/\/www.tucomarca.com\/wordpress\/segunda\/wp-json\/wp\/v2\/posts"}],"about":[{"href":"https:\/\/www.tucomarca.com\/wordpress\/segunda\/wp-json\/wp\/v2\/types\/post"}],"author":[{"embeddable":true,"href":"https:\/\/www.tucomarca.com\/wordpress\/segunda\/wp-json\/wp\/v2\/users\/12"}],"replies":[{"embeddable":true,"href":"https:\/\/www.tucomarca.com\/wordpress\/segunda\/wp-json\/wp\/v2\/comments?post=124560"}],"version-history":[{"count":0,"href":"https:\/\/www.tucomarca.com\/wordpress\/segunda\/wp-json\/wp\/v2\/posts\/124560\/revisions"}],"wp:featuredmedia":[{"embeddable":true,"href":"https:\/\/www.tucomarca.com\/wordpress\/segunda\/wp-json\/wp\/v2\/media\/122391"}],"wp:attachment":[{"href":"https:\/\/www.tucomarca.com\/wordpress\/segunda\/wp-json\/wp\/v2\/media?parent=124560"}],"wp:term":[{"taxonomy":"category","embeddable":true,"href":"https:\/\/www.tucomarca.com\/wordpress\/segunda\/wp-json\/wp\/v2\/categories?post=124560"},{"taxonomy":"post_tag","embeddable":true,"href":"https:\/\/www.tucomarca.com\/wordpress\/segunda\/wp-json\/wp\/v2\/tags?post=124560"}],"curies":[{"name":"wp","href":"https:\/\/api.w.org\/{rel}","templated":true}]}}